{"id":175653,"date":"2017-11-15T14:00:05","date_gmt":"2017-11-15T16:00:05","guid":{"rendered":"http:\/\/www.agrund.com\/?p=175653"},"modified":"2017-11-14T14:36:47","modified_gmt":"2017-11-14T16:36:47","slug":"video-meu-closet-e-minhas-parkas-3","status":"publish","type":"post","link":"https:\/\/agrund.com\/index.php\/video-meu-closet-e-minhas-parkas-3\/","title":{"rendered":"V\u00eddeo :: Meu closet e minhas parkas"},"content":{"rendered":"<div id=\"attachment_175654\" style=\"width: 570px\" class=\"wp-caption aligncenter\"><img aria-describedby=\"caption-attachment-175654\" data-attachment-id=\"175654\" data-permalink=\"https:\/\/agrund.com\/index.php\/video-meu-closet-e-minhas-parkas-3\/a-206\/\" data-orig-file=\"https:\/\/i0.wp.com\/agrund.com\/wp-content\/uploads\/sites\/6\/2017\/11\/a-16.jpg?fit=560%2C284&amp;ssl=1\" data-orig-size=\"560,284\" data-comments-opened=\"1\" data-image-meta=\"{&quot;aperture&quot;:&quot;0&quot;,&quot;credit&quot;:&quot;&quot;,&quot;camera&quot;:&quot;&quot;,&quot;caption&quot;:&quot;&quot;,&quot;created_timestamp&quot;:&quot;0&quot;,&quot;copyright&quot;:&quot;&quot;,&quot;focal_length&quot;:&quot;0&quot;,&quot;iso&quot;:&quot;0&quot;,&quot;shutter_speed&quot;:&quot;0&quot;,&quot;title&quot;:&quot;&quot;,&quot;orientation&quot;:&quot;1&quot;}\" data-image-title=\"V\u00eddeo :: Meu closet e minhas parkas\" data-image-description=\"\" data-image-caption=\"&lt;p&gt;V\u00eddeo :: Meu closet e minhas parkas&lt;\/p&gt;\n\" data-medium-file=\"https:\/\/i0.wp.com\/agrund.com\/wp-content\/uploads\/sites\/6\/2017\/11\/a-16.jpg?fit=300%2C152&amp;ssl=1\" data-large-file=\"https:\/\/i0.wp.com\/agrund.com\/wp-content\/uploads\/sites\/6\/2017\/11\/a-16.jpg?fit=560%2C284&amp;ssl=1\" decoding=\"async\" loading=\"lazy\" class=\"size-full wp-image-175654\" src=\"https:\/\/i0.wp.com\/www.agrund.com\/wp-content\/uploads\/sites\/6\/2017\/11\/a-16.jpg?resize=560%2C284\" alt=\"\" width=\"560\" height=\"284\" srcset=\"https:\/\/i0.wp.com\/agrund.com\/wp-content\/uploads\/sites\/6\/2017\/11\/a-16.jpg?w=560&amp;ssl=1 560w, https:\/\/i0.wp.com\/agrund.com\/wp-content\/uploads\/sites\/6\/2017\/11\/a-16.jpg?resize=300%2C152&amp;ssl=1 300w\" sizes=\"(max-width: 560px) 100vw, 560px\" data-recalc-dims=\"1\" \/><p id=\"caption-attachment-175654\" class=\"wp-caption-text\">V\u00eddeo :: Meu closet e minhas parkas<\/p><\/div>\n<p>Voc\u00ea j\u00e1 pensou como deve ser o meu closet? Em um vlog, mostrei para voc\u00eas um pouco dele e das minhas parkas. Se voc\u00ea me acompanha no Instagram, j\u00e1 percebeu que amo essa tend\u00eancia militar e tenho muitas parkas, tanto de modelos simples, quanto os customizados.<\/p>\n<p>Aperte o play! \ud83d\ude09<\/p>\n<span class=\"embed-youtube\" style=\"text-align:center; display: block;\"><iframe class=\"youtube-player\" width=\"560\" height=\"315\" src=\"https:\/\/www.youtube.com\/embed\/NZgkUzHlnvs?version=3&#038;rel=1&#038;showsearch=0&#038;showinfo=1&#038;iv_load_policy=1&#038;fs=1&#038;hl=pt-BR&#038;autohide=2&#038;wmode=transparent\" allowfullscreen=\"true\" style=\"border:0;\" sandbox=\"allow-scripts allow-same-origin allow-popups allow-presentation\"><\/iframe><\/span>\n<p>V\u00eddeo: Duas Lentes.<\/p>\n","protected":false},"excerpt":{"rendered":"<p>Voc\u00ea j\u00e1 pensou como deve ser o meu closet? Em um vlog, mostrei para voc\u00eas um pouco dele e das minhas parkas. Se voc\u00ea me acompanha no Instagram, j\u00e1 percebeu que amo essa tend\u00eancia militar e tenho muitas parkas, tanto de modelos simples, quanto os customizados. Aperte o play! \ud83d\ude09 V\u00eddeo: Duas Lentes.<\/p>\n","protected":false},"author":8,"featured_media":175655,"comment_status":"open","ping_status":"open","sticky":false,"template":"","format":"standard","meta":{"jetpack_post_was_ever_published":false,"_jetpack_newsletter_access":"","jetpack_publicize_message":"","jetpack_is_tweetstorm":false,"jetpack_publicize_feature_enabled":true,"jetpack_social_post_already_shared":true,"jetpack_social_options":{"image_generator_settings":{"template":"highway","enabled":false}}},"categories":[2],"tags":[],"jetpack_publicize_connections":[],"jetpack_featured_media_url":"https:\/\/i0.wp.com\/agrund.com\/wp-content\/uploads\/sites\/6\/2017\/11\/s-46.jpg?fit=960%2C300&ssl=1","jetpack_sharing_enabled":true,"jetpack_shortlink":"https:\/\/wp.me\/p3Hz0n-JH7","jetpack_likes_enabled":true,"_links":{"self":[{"href":"https:\/\/agrund.com\/index.php\/wp-json\/wp\/v2\/posts\/175653"}],"collection":[{"href":"https:\/\/agrund.com\/index.php\/wp-json\/wp\/v2\/posts"}],"about":[{"href":"https:\/\/agrund.com\/index.php\/wp-json\/wp\/v2\/types\/post"}],"author":[{"embeddable":true,"href":"https:\/\/agrund.com\/index.php\/wp-json\/wp\/v2\/users\/8"}],"replies":[{"embeddable":true,"href":"https:\/\/agrund.com\/index.php\/wp-json\/wp\/v2\/comments?post=175653"}],"version-history":[{"count":0,"href":"https:\/\/agrund.com\/index.php\/wp-json\/wp\/v2\/posts\/175653\/revisions"}],"wp:featuredmedia":[{"embeddable":true,"href":"https:\/\/agrund.com\/index.php\/wp-json\/wp\/v2\/media\/175655"}],"wp:attachment":[{"href":"https:\/\/agrund.com\/index.php\/wp-json\/wp\/v2\/media?parent=175653"}],"wp:term":[{"taxonomy":"category","embeddable":true,"href":"https:\/\/agrund.com\/index.php\/wp-json\/wp\/v2\/categories?post=175653"},{"taxonomy":"post_tag","embeddable":true,"href":"https:\/\/agrund.com\/index.php\/wp-json\/wp\/v2\/tags?post=175653"}],"curies":[{"name":"wp","href":"https:\/\/api.w.org\/{rel}","templated":true}]}}