{"id":175614,"date":"2017-11-13T19:00:58","date_gmt":"2017-11-13T21:00:58","guid":{"rendered":"http:\/\/www.agrund.com\/?p=175614"},"modified":"2017-11-13T15:21:37","modified_gmt":"2017-11-13T17:21:37","slug":"deu-branco-3","status":"publish","type":"post","link":"https:\/\/agrund.com\/index.php\/deu-branco-3\/","title":{"rendered":"Deu branco!"},"content":{"rendered":"<p>Por Ros\u00e2ngela Espinossi<\/p>\n<p>Talvez j\u00e1 em ritmo de fim de ano ou porque \u00e9 tend\u00eancia mesmo, v\u00e1rias famosas apostaram no branco total, em v\u00e1rias vers\u00f5es. Vestidos, cal\u00e7as, saias, blusas. Produ\u00e7\u00f5es mais sociais ou mais esportivas. Com decotes e recortes e mais fechadas, Sabrina Sato, Giovanna Ewbank, Maria Fernanda C\u00e2ndido e Flavia Alessandra est\u00e3o entre as famosas que usaram o branco e j\u00e1 podem servir de inspira\u00e7\u00e3o para os looks de R\u00e9veillon. Ou n\u00e3o. Confira!<\/p>\n<p>O vestido branco com textura, decote e fenda \u00e9 assinado por Paula Raia para a Riachuelo. Fresco e confort\u00e1vel, o modelo usado por Sabrina Sato \u00e9 ideal para nosso ver\u00e3o. O decote em V com amarra\u00e7\u00e3o frontal confere charme.<\/p>\n<div id=\"attachment_175615\" style=\"width: 610px\" class=\"wp-caption aligncenter\"><img aria-describedby=\"caption-attachment-175615\" data-attachment-id=\"175615\" data-permalink=\"https:\/\/agrund.com\/index.php\/deu-branco-3\/sabrina-sato-francisco-cepeda-_moda_elas_tapete_vermelho\/\" data-orig-file=\"https:\/\/i0.wp.com\/agrund.com\/wp-content\/uploads\/sites\/6\/2017\/11\/sabrina-sato-francisco-cepeda-_moda_elas_tapete_vermelho-e1510593381881.jpg?fit=600%2C825&amp;ssl=1\" data-orig-size=\"600,825\" data-comments-opened=\"1\" data-image-meta=\"{&quot;aperture&quot;:&quot;0&quot;,&quot;credit&quot;:&quot;&quot;,&quot;camera&quot;:&quot;&quot;,&quot;caption&quot;:&quot;&quot;,&quot;created_timestamp&quot;:&quot;0&quot;,&quot;copyright&quot;:&quot;&quot;,&quot;focal_length&quot;:&quot;0&quot;,&quot;iso&quot;:&quot;0&quot;,&quot;shutter_speed&quot;:&quot;0&quot;,&quot;title&quot;:&quot;&quot;,&quot;orientation&quot;:&quot;0&quot;}\" data-image-title=\"Deu branco!\" data-image-description=\"\" data-image-caption=\"&lt;p&gt;Deu branco! &lt;\/p&gt;\n\" data-medium-file=\"https:\/\/i0.wp.com\/agrund.com\/wp-content\/uploads\/sites\/6\/2017\/11\/sabrina-sato-francisco-cepeda-_moda_elas_tapete_vermelho-e1510593381881.jpg?fit=218%2C300&amp;ssl=1\" data-large-file=\"https:\/\/i0.wp.com\/agrund.com\/wp-content\/uploads\/sites\/6\/2017\/11\/sabrina-sato-francisco-cepeda-_moda_elas_tapete_vermelho-e1510593381881.jpg?fit=745%2C1024&amp;ssl=1\" decoding=\"async\" loading=\"lazy\" class=\"size-full wp-image-175615\" src=\"https:\/\/i0.wp.com\/www.agrund.com\/wp-content\/uploads\/sites\/6\/2017\/11\/sabrina-sato-francisco-cepeda-_moda_elas_tapete_vermelho-e1510593381881.jpg?resize=600%2C825\" alt=\"\" width=\"600\" height=\"825\" data-recalc-dims=\"1\" \/><p id=\"caption-attachment-175615\" class=\"wp-caption-text\">Deu branco!<\/p><\/div>\n<p>&nbsp;<\/p>\n<p>Fenda, decote e ombros \u00e0 mostra comp\u00f5em este look de Flavia Alessandra, usado em Salvador. Est\u00e1 \u00f3timo nela, mas se voc\u00ea tem os seios grandes e mais ca\u00eddos, tome cuidado com este tipo de decote, para n\u00e3o ser surpreendida quando fizer um movimento inesperado.<\/p>\n<div id=\"attachment_175616\" style=\"width: 610px\" class=\"wp-caption aligncenter\"><img aria-describedby=\"caption-attachment-175616\" data-attachment-id=\"175616\" data-permalink=\"https:\/\/agrund.com\/index.php\/deu-branco-3\/flavia_alessandra_antonio-chequer_monte-carlo_elas_tapete_vermelho\/\" data-orig-file=\"https:\/\/i0.wp.com\/agrund.com\/wp-content\/uploads\/sites\/6\/2017\/11\/flavia_alessandra_antonio-chequer_monte-carlo_elas_tapete_vermelho-e1510593437372.jpg?fit=600%2C900&amp;ssl=1\" data-orig-size=\"600,900\" data-comments-opened=\"1\" data-image-meta=\"{&quot;aperture&quot;:&quot;0&quot;,&quot;credit&quot;:&quot;&quot;,&quot;camera&quot;:&quot;&quot;,&quot;caption&quot;:&quot;&quot;,&quot;created_timestamp&quot;:&quot;0&quot;,&quot;copyright&quot;:&quot;&quot;,&quot;focal_length&quot;:&quot;0&quot;,&quot;iso&quot;:&quot;0&quot;,&quot;shutter_speed&quot;:&quot;0&quot;,&quot;title&quot;:&quot;&quot;,&quot;orientation&quot;:&quot;0&quot;}\" data-image-title=\"Deu branco!\" data-image-description=\"\" data-image-caption=\"&lt;p&gt;Deu branco!&lt;\/p&gt;\n\" data-medium-file=\"https:\/\/i0.wp.com\/agrund.com\/wp-content\/uploads\/sites\/6\/2017\/11\/flavia_alessandra_antonio-chequer_monte-carlo_elas_tapete_vermelho-e1510593437372.jpg?fit=200%2C300&amp;ssl=1\" data-large-file=\"https:\/\/i0.wp.com\/agrund.com\/wp-content\/uploads\/sites\/6\/2017\/11\/flavia_alessandra_antonio-chequer_monte-carlo_elas_tapete_vermelho-e1510593437372.jpg?fit=683%2C1024&amp;ssl=1\" decoding=\"async\" loading=\"lazy\" class=\"size-full wp-image-175616\" src=\"https:\/\/i0.wp.com\/www.agrund.com\/wp-content\/uploads\/sites\/6\/2017\/11\/flavia_alessandra_antonio-chequer_monte-carlo_elas_tapete_vermelho-e1510593437372.jpg?resize=600%2C900\" alt=\"\" width=\"600\" height=\"900\" data-recalc-dims=\"1\" \/><p id=\"caption-attachment-175616\" class=\"wp-caption-text\">Deu branco!<\/p><\/div>\n<p>&nbsp;<\/p>\n<p>Giovanna Ewbank apostou na saia m\u00eddi em camadas, com fundo em branco-sujo com estampas, da Paula Raia para a Riachuelo. O body branco \u00e9 bacana e deixa a lateral da cintura \u00e0 vista. Recomend\u00e1vel para quem n\u00e3o tem nada sobrando nessa regi\u00e3o.<\/p>\n<div id=\"attachment_175617\" style=\"width: 610px\" class=\"wp-caption aligncenter\"><img aria-describedby=\"caption-attachment-175617\" data-attachment-id=\"175617\" data-permalink=\"https:\/\/agrund.com\/index.php\/deu-branco-3\/giovanna_ewbank_francisco_cepeda_moda_elas_tapete_vermelho\/\" data-orig-file=\"https:\/\/i0.wp.com\/agrund.com\/wp-content\/uploads\/sites\/6\/2017\/11\/giovanna_ewbank_francisco_cepeda_moda_elas_tapete_vermelho-e1510593490416.jpg?fit=600%2C903&amp;ssl=1\" data-orig-size=\"600,903\" data-comments-opened=\"1\" data-image-meta=\"{&quot;aperture&quot;:&quot;0&quot;,&quot;credit&quot;:&quot;&quot;,&quot;camera&quot;:&quot;&quot;,&quot;caption&quot;:&quot;&quot;,&quot;created_timestamp&quot;:&quot;0&quot;,&quot;copyright&quot;:&quot;&quot;,&quot;focal_length&quot;:&quot;0&quot;,&quot;iso&quot;:&quot;0&quot;,&quot;shutter_speed&quot;:&quot;0&quot;,&quot;title&quot;:&quot;&quot;,&quot;orientation&quot;:&quot;0&quot;}\" data-image-title=\"Deu branco!\" data-image-description=\"\" data-image-caption=\"&lt;p&gt;Deu branco!&lt;\/p&gt;\n\" data-medium-file=\"https:\/\/i0.wp.com\/agrund.com\/wp-content\/uploads\/sites\/6\/2017\/11\/giovanna_ewbank_francisco_cepeda_moda_elas_tapete_vermelho-e1510593490416.jpg?fit=199%2C300&amp;ssl=1\" data-large-file=\"https:\/\/i0.wp.com\/agrund.com\/wp-content\/uploads\/sites\/6\/2017\/11\/giovanna_ewbank_francisco_cepeda_moda_elas_tapete_vermelho-e1510593490416.jpg?fit=680%2C1024&amp;ssl=1\" decoding=\"async\" loading=\"lazy\" class=\"size-full wp-image-175617\" src=\"https:\/\/i0.wp.com\/www.agrund.com\/wp-content\/uploads\/sites\/6\/2017\/11\/giovanna_ewbank_francisco_cepeda_moda_elas_tapete_vermelho-e1510593490416.jpg?resize=600%2C903\" alt=\"\" width=\"600\" height=\"903\" data-recalc-dims=\"1\" \/><p id=\"caption-attachment-175617\" class=\"wp-caption-text\">Deu branco!<\/p><\/div>\n<p>&nbsp;<\/p>\n<p>Leve e descontra\u00eddo \u00e9 esse vestido que Maria Fernanda C\u00e2ndido usou para ir ao shopping. Pode ir para um festa, com uma sand\u00e1lia mais poderosa, ou para o dia a dia, de rasteirinha, como ela usou.<\/p>\n<div id=\"attachment_175618\" style=\"width: 610px\" class=\"wp-caption aligncenter\"><img aria-describedby=\"caption-attachment-175618\" data-attachment-id=\"175618\" data-permalink=\"https:\/\/agrund.com\/index.php\/deu-branco-3\/maria-fernanda-candido-daniel-delmiro_moda_elas_tapete_vermelho\/\" data-orig-file=\"https:\/\/i0.wp.com\/agrund.com\/wp-content\/uploads\/sites\/6\/2017\/11\/maria-fernanda-candido-daniel-delmiro_moda_elas_tapete_vermelho-e1510593540265.jpg?fit=600%2C900&amp;ssl=1\" data-orig-size=\"600,900\" data-comments-opened=\"1\" data-image-meta=\"{&quot;aperture&quot;:&quot;0&quot;,&quot;credit&quot;:&quot;&quot;,&quot;camera&quot;:&quot;&quot;,&quot;caption&quot;:&quot;&quot;,&quot;created_timestamp&quot;:&quot;0&quot;,&quot;copyright&quot;:&quot;&quot;,&quot;focal_length&quot;:&quot;0&quot;,&quot;iso&quot;:&quot;0&quot;,&quot;shutter_speed&quot;:&quot;0&quot;,&quot;title&quot;:&quot;&quot;,&quot;orientation&quot;:&quot;0&quot;}\" data-image-title=\"Deu branco!\" data-image-description=\"\" data-image-caption=\"&lt;p&gt;Deu branco! &lt;\/p&gt;\n\" data-medium-file=\"https:\/\/i0.wp.com\/agrund.com\/wp-content\/uploads\/sites\/6\/2017\/11\/maria-fernanda-candido-daniel-delmiro_moda_elas_tapete_vermelho-e1510593540265.jpg?fit=200%2C300&amp;ssl=1\" data-large-file=\"https:\/\/i0.wp.com\/agrund.com\/wp-content\/uploads\/sites\/6\/2017\/11\/maria-fernanda-candido-daniel-delmiro_moda_elas_tapete_vermelho-e1510593540265.jpg?fit=683%2C1024&amp;ssl=1\" decoding=\"async\" loading=\"lazy\" class=\"size-full wp-image-175618\" src=\"https:\/\/i0.wp.com\/www.agrund.com\/wp-content\/uploads\/sites\/6\/2017\/11\/maria-fernanda-candido-daniel-delmiro_moda_elas_tapete_vermelho-e1510593540265.jpg?resize=600%2C900\" alt=\"\" width=\"600\" height=\"900\" data-recalc-dims=\"1\" \/><p id=\"caption-attachment-175618\" class=\"wp-caption-text\">Deu branco!<\/p><\/div>\n<p>Fotos: Reprodu\u00e7\u00e3o.<\/p>\n","protected":false},"excerpt":{"rendered":"<p>Por Ros\u00e2ngela Espinossi Talvez j\u00e1 em ritmo de fim de ano ou porque \u00e9 tend\u00eancia mesmo, v\u00e1rias famosas apostaram no branco total, em v\u00e1rias vers\u00f5es. Vestidos, cal\u00e7as, saias, blusas. Produ\u00e7\u00f5es mais sociais ou mais esportivas. Com decotes e recortes e mais fechadas, Sabrina Sato, Giovanna Ewbank, Maria Fernanda C\u00e2ndido e Flavia Alessandra est\u00e3o entre as [&hellip;]<\/p>\n","protected":false},"author":8,"featured_media":175619,"comment_status":"open","ping_status":"open","sticky":false,"template":"","format":"standard","meta":{"jetpack_post_was_ever_published":false,"_jetpack_newsletter_access":"","jetpack_publicize_message":"","jetpack_is_tweetstorm":false,"jetpack_publicize_feature_enabled":true,"jetpack_social_post_already_shared":true,"jetpack_social_options":{"image_generator_settings":{"template":"highway","enabled":false}}},"categories":[2],"tags":[],"jetpack_publicize_connections":[],"jetpack_featured_media_url":"https:\/\/i0.wp.com\/agrund.com\/wp-content\/uploads\/sites\/6\/2017\/11\/s-43.jpg?fit=960%2C300&ssl=1","jetpack_sharing_enabled":true,"jetpack_shortlink":"https:\/\/wp.me\/p3Hz0n-JGu","jetpack_likes_enabled":true,"_links":{"self":[{"href":"https:\/\/agrund.com\/index.php\/wp-json\/wp\/v2\/posts\/175614"}],"collection":[{"href":"https:\/\/agrund.com\/index.php\/wp-json\/wp\/v2\/posts"}],"about":[{"href":"https:\/\/agrund.com\/index.php\/wp-json\/wp\/v2\/types\/post"}],"author":[{"embeddable":true,"href":"https:\/\/agrund.com\/index.php\/wp-json\/wp\/v2\/users\/8"}],"replies":[{"embeddable":true,"href":"https:\/\/agrund.com\/index.php\/wp-json\/wp\/v2\/comments?post=175614"}],"version-history":[{"count":0,"href":"https:\/\/agrund.com\/index.php\/wp-json\/wp\/v2\/posts\/175614\/revisions"}],"wp:featuredmedia":[{"embeddable":true,"href":"https:\/\/agrund.com\/index.php\/wp-json\/wp\/v2\/media\/175619"}],"wp:attachment":[{"href":"https:\/\/agrund.com\/index.php\/wp-json\/wp\/v2\/media?parent=175614"}],"wp:term":[{"taxonomy":"category","embeddable":true,"href":"https:\/\/agrund.com\/index.php\/wp-json\/wp\/v2\/categories?post=175614"},{"taxonomy":"post_tag","embeddable":true,"href":"https:\/\/agrund.com\/index.php\/wp-json\/wp\/v2\/tags?post=175614"}],"curies":[{"name":"wp","href":"https:\/\/api.w.org\/{rel}","templated":true}]}}