{"id":175590,"date":"2017-11-13T11:00:46","date_gmt":"2017-11-13T13:00:46","guid":{"rendered":"http:\/\/www.agrund.com\/?p=175590"},"modified":"2017-11-13T11:30:21","modified_gmt":"2017-11-13T13:30:21","slug":"victoria-beckham-vai-assinar-uma-colecao-de-sportwear","status":"publish","type":"post","link":"https:\/\/agrund.com\/index.php\/victoria-beckham-vai-assinar-uma-colecao-de-sportwear\/","title":{"rendered":"Victoria Beckham vai assinar uma cole\u00e7\u00e3o de sportwear"},"content":{"rendered":"<p>Sim, a Victoria Beckham acaba de anunciar uma parceria com a Reebok! A estilista, que j\u00e1 se aventurou no mundo da beleza, agora vai levar o seu estilo ic\u00f4nico para o universo esportivo.<\/p>\n<p>Nenhum detalhe sobre a cole\u00e7\u00e3o foi divulgado, apenas que o lan\u00e7amento est\u00e1 previsto para o segundo semestre de 2018. Vamos ter que esperar um pouquinho!<\/p>\n<p>\u201cEu sempre tentei empoderar mulheres por meio das roupas que crio e a Reebok \u00e9 uma marca que est\u00e1 \u00e0 frente dessa mensagem h\u00e1 d\u00e9cadas. Ter a oportunidade de desafiar o que se entende por um guarda-roupa fitness, com informa\u00e7\u00e3o de moda, \u00e9 algo que eu sempre desejei\u201d, disse Victoria em entrevista ao portal WWD.<\/p>\n<p>Algu\u00e9m tem d\u00favidas de que as pe\u00e7as ter\u00e3o uma pegada minimalista? Vamos aguardar!<\/p>\n<div id=\"attachment_175591\" style=\"width: 610px\" class=\"wp-caption aligncenter\"><img aria-describedby=\"caption-attachment-175591\" data-attachment-id=\"175591\" data-permalink=\"https:\/\/agrund.com\/index.php\/victoria-beckham-vai-assinar-uma-colecao-de-sportwear\/a-204\/\" data-orig-file=\"https:\/\/i0.wp.com\/agrund.com\/wp-content\/uploads\/sites\/6\/2017\/11\/a-14-e1510579463280.jpg?fit=600%2C400&amp;ssl=1\" data-orig-size=\"600,400\" data-comments-opened=\"1\" data-image-meta=\"{&quot;aperture&quot;:&quot;0&quot;,&quot;credit&quot;:&quot;&quot;,&quot;camera&quot;:&quot;&quot;,&quot;caption&quot;:&quot;&quot;,&quot;created_timestamp&quot;:&quot;0&quot;,&quot;copyright&quot;:&quot;&quot;,&quot;focal_length&quot;:&quot;0&quot;,&quot;iso&quot;:&quot;0&quot;,&quot;shutter_speed&quot;:&quot;0&quot;,&quot;title&quot;:&quot;&quot;,&quot;orientation&quot;:&quot;0&quot;}\" data-image-title=\"Victoria Beckham vai assinar uma cole\u00e7\u00e3o de sportwear\" data-image-description=\"\" data-image-caption=\"&lt;p&gt;Victoria Beckham vai assinar uma cole\u00e7\u00e3o de sportwear&lt;\/p&gt;\n\" data-medium-file=\"https:\/\/i0.wp.com\/agrund.com\/wp-content\/uploads\/sites\/6\/2017\/11\/a-14-e1510579463280.jpg?fit=300%2C200&amp;ssl=1\" data-large-file=\"https:\/\/i0.wp.com\/agrund.com\/wp-content\/uploads\/sites\/6\/2017\/11\/a-14-e1510579463280.jpg?fit=600%2C400&amp;ssl=1\" decoding=\"async\" loading=\"lazy\" class=\"size-full wp-image-175591\" src=\"https:\/\/i0.wp.com\/www.agrund.com\/wp-content\/uploads\/sites\/6\/2017\/11\/a-14-e1510579463280.jpg?resize=600%2C400\" alt=\"\" width=\"600\" height=\"400\" data-recalc-dims=\"1\" \/><p id=\"caption-attachment-175591\" class=\"wp-caption-text\">Victoria Beckham vai assinar uma cole\u00e7\u00e3o de sportwear<\/p><\/div>\n<p>Foto: Reprodu\u00e7\u00e3o.<\/p>\n","protected":false},"excerpt":{"rendered":"<p>Sim, a Victoria Beckham acaba de anunciar uma parceria com a Reebok! A estilista, que j\u00e1 se aventurou no mundo da beleza, agora vai levar o seu estilo ic\u00f4nico para o universo esportivo. Nenhum detalhe sobre a cole\u00e7\u00e3o foi divulgado, apenas que o lan\u00e7amento est\u00e1 previsto para o segundo semestre de 2018. Vamos ter que [&hellip;]<\/p>\n","protected":false},"author":8,"featured_media":175592,"comment_status":"open","ping_status":"open","sticky":false,"template":"","format":"standard","meta":{"jetpack_post_was_ever_published":false,"_jetpack_newsletter_access":"","jetpack_publicize_message":"","jetpack_is_tweetstorm":false,"jetpack_publicize_feature_enabled":true,"jetpack_social_post_already_shared":true,"jetpack_social_options":{"image_generator_settings":{"template":"highway","enabled":false}}},"categories":[2],"tags":[],"jetpack_publicize_connections":[],"jetpack_featured_media_url":"https:\/\/i0.wp.com\/agrund.com\/wp-content\/uploads\/sites\/6\/2017\/11\/s-39.jpg?fit=960%2C300&ssl=1","jetpack_sharing_enabled":true,"jetpack_shortlink":"https:\/\/wp.me\/p3Hz0n-JG6","jetpack_likes_enabled":true,"_links":{"self":[{"href":"https:\/\/agrund.com\/index.php\/wp-json\/wp\/v2\/posts\/175590"}],"collection":[{"href":"https:\/\/agrund.com\/index.php\/wp-json\/wp\/v2\/posts"}],"about":[{"href":"https:\/\/agrund.com\/index.php\/wp-json\/wp\/v2\/types\/post"}],"author":[{"embeddable":true,"href":"https:\/\/agrund.com\/index.php\/wp-json\/wp\/v2\/users\/8"}],"replies":[{"embeddable":true,"href":"https:\/\/agrund.com\/index.php\/wp-json\/wp\/v2\/comments?post=175590"}],"version-history":[{"count":0,"href":"https:\/\/agrund.com\/index.php\/wp-json\/wp\/v2\/posts\/175590\/revisions"}],"wp:featuredmedia":[{"embeddable":true,"href":"https:\/\/agrund.com\/index.php\/wp-json\/wp\/v2\/media\/175592"}],"wp:attachment":[{"href":"https:\/\/agrund.com\/index.php\/wp-json\/wp\/v2\/media?parent=175590"}],"wp:term":[{"taxonomy":"category","embeddable":true,"href":"https:\/\/agrund.com\/index.php\/wp-json\/wp\/v2\/categories?post=175590"},{"taxonomy":"post_tag","embeddable":true,"href":"https:\/\/agrund.com\/index.php\/wp-json\/wp\/v2\/tags?post=175590"}],"curies":[{"name":"wp","href":"https:\/\/api.w.org\/{rel}","templated":true}]}}