{"id":175545,"date":"2017-11-10T14:00:01","date_gmt":"2017-11-10T16:00:01","guid":{"rendered":"http:\/\/www.agrund.com\/?p=175545"},"modified":"2017-11-10T13:03:29","modified_gmt":"2017-11-10T15:03:29","slug":"celebrando-a-cultura-do-basquete-e-de-rua","status":"publish","type":"post","link":"https:\/\/agrund.com\/index.php\/celebrando-a-cultura-do-basquete-e-de-rua\/","title":{"rendered":"Celebrando a cultura do basquete e de rua"},"content":{"rendered":"<p>Seguindo com as comemora\u00e7\u00f5es de 35 anos do Air Force 1, a Nike acaba de lan\u00e7ar no Brasil a nova vers\u00e3o do ic\u00f4nico modelo. Chamado Special Field Air Force 1 High, ele tem cabedal em couro premium e nylon, cano alto e ainda vem com uma corda para amarrar o t\u00eanis de diversas maneiras.<\/p>\n<p>Para o lan\u00e7amento nacional, a marca preparou um shooting especial inspirado na cultura do basquete e de rua, com D2, Emicida, Pathy Dejesus, Shamel, Ninja e Jorge de S\u00e1.<\/p>\n<p>Que tal? O sneaker j\u00e1 est\u00e1 \u00e0 venda no e-commerce da Nike nas cores preto e bege.<\/p>\n<div id=\"attachment_175550\" style=\"width: 610px\" class=\"wp-caption aligncenter\"><img aria-describedby=\"caption-attachment-175550\" data-attachment-id=\"175550\" data-permalink=\"https:\/\/agrund.com\/index.php\/celebrando-a-cultura-do-basquete-e-de-rua\/20171010_0742_n-af1_grupo_1-_2_baixa\/\" data-orig-file=\"https:\/\/i0.wp.com\/agrund.com\/wp-content\/uploads\/sites\/6\/2017\/11\/20171010_0742_N-AF1_GRUPO_1-_2_baixa.jpg?fit=600%2C403&amp;ssl=1\" data-orig-size=\"600,403\" data-comments-opened=\"1\" data-image-meta=\"{&quot;aperture&quot;:&quot;0&quot;,&quot;credit&quot;:&quot;&quot;,&quot;camera&quot;:&quot;&quot;,&quot;caption&quot;:&quot;&quot;,&quot;created_timestamp&quot;:&quot;0&quot;,&quot;copyright&quot;:&quot;&quot;,&quot;focal_length&quot;:&quot;0&quot;,&quot;iso&quot;:&quot;0&quot;,&quot;shutter_speed&quot;:&quot;0&quot;,&quot;title&quot;:&quot;&quot;,&quot;orientation&quot;:&quot;1&quot;}\" data-image-title=\"Celebrando a cultura do basquete e de rua\" data-image-description=\"\" data-image-caption=\"&lt;p&gt;Celebrando a cultura do basquete e de rua&lt;\/p&gt;\n\" data-medium-file=\"https:\/\/i0.wp.com\/agrund.com\/wp-content\/uploads\/sites\/6\/2017\/11\/20171010_0742_N-AF1_GRUPO_1-_2_baixa.jpg?fit=300%2C202&amp;ssl=1\" data-large-file=\"https:\/\/i0.wp.com\/agrund.com\/wp-content\/uploads\/sites\/6\/2017\/11\/20171010_0742_N-AF1_GRUPO_1-_2_baixa.jpg?fit=600%2C403&amp;ssl=1\" decoding=\"async\" loading=\"lazy\" class=\"size-full wp-image-175550\" src=\"https:\/\/i0.wp.com\/www.agrund.com\/wp-content\/uploads\/sites\/6\/2017\/11\/20171010_0742_N-AF1_GRUPO_1-_2_baixa.jpg?resize=600%2C403\" alt=\"\" width=\"600\" height=\"403\" srcset=\"https:\/\/i0.wp.com\/agrund.com\/wp-content\/uploads\/sites\/6\/2017\/11\/20171010_0742_N-AF1_GRUPO_1-_2_baixa.jpg?w=600&amp;ssl=1 600w, https:\/\/i0.wp.com\/agrund.com\/wp-content\/uploads\/sites\/6\/2017\/11\/20171010_0742_N-AF1_GRUPO_1-_2_baixa.jpg?resize=300%2C202&amp;ssl=1 300w\" sizes=\"(max-width: 600px) 100vw, 600px\" data-recalc-dims=\"1\" \/><p id=\"caption-attachment-175550\" class=\"wp-caption-text\">Celebrando a cultura do basquete e de rua<\/p><\/div>\n<div id=\"attachment_175548\" style=\"width: 610px\" class=\"wp-caption aligncenter\"><img aria-describedby=\"caption-attachment-175548\" data-attachment-id=\"175548\" data-permalink=\"https:\/\/agrund.com\/index.php\/celebrando-a-cultura-do-basquete-e-de-rua\/20171010_0536_n-af1_pathy_baixa\/\" data-orig-file=\"https:\/\/i0.wp.com\/agrund.com\/wp-content\/uploads\/sites\/6\/2017\/11\/20171010_0536_N-AF1_PATHY_baixa.jpg?fit=600%2C900&amp;ssl=1\" data-orig-size=\"600,900\" data-comments-opened=\"1\" data-image-meta=\"{&quot;aperture&quot;:&quot;0&quot;,&quot;credit&quot;:&quot;&quot;,&quot;camera&quot;:&quot;&quot;,&quot;caption&quot;:&quot;&quot;,&quot;created_timestamp&quot;:&quot;0&quot;,&quot;copyright&quot;:&quot;&quot;,&quot;focal_length&quot;:&quot;0&quot;,&quot;iso&quot;:&quot;0&quot;,&quot;shutter_speed&quot;:&quot;0&quot;,&quot;title&quot;:&quot;&quot;,&quot;orientation&quot;:&quot;1&quot;}\" data-image-title=\"Celebrando a cultura do basquete e de rua\" data-image-description=\"\" data-image-caption=\"&lt;p&gt;Celebrando a cultura do basquete e de rua&lt;\/p&gt;\n\" data-medium-file=\"https:\/\/i0.wp.com\/agrund.com\/wp-content\/uploads\/sites\/6\/2017\/11\/20171010_0536_N-AF1_PATHY_baixa.jpg?fit=200%2C300&amp;ssl=1\" data-large-file=\"https:\/\/i0.wp.com\/agrund.com\/wp-content\/uploads\/sites\/6\/2017\/11\/20171010_0536_N-AF1_PATHY_baixa.jpg?fit=600%2C900&amp;ssl=1\" decoding=\"async\" loading=\"lazy\" class=\"size-full wp-image-175548\" src=\"https:\/\/i0.wp.com\/www.agrund.com\/wp-content\/uploads\/sites\/6\/2017\/11\/20171010_0536_N-AF1_PATHY_baixa.jpg?resize=600%2C900\" alt=\"\" width=\"600\" height=\"900\" srcset=\"https:\/\/i0.wp.com\/agrund.com\/wp-content\/uploads\/sites\/6\/2017\/11\/20171010_0536_N-AF1_PATHY_baixa.jpg?w=600&amp;ssl=1 600w, https:\/\/i0.wp.com\/agrund.com\/wp-content\/uploads\/sites\/6\/2017\/11\/20171010_0536_N-AF1_PATHY_baixa.jpg?resize=200%2C300&amp;ssl=1 200w\" sizes=\"(max-width: 600px) 100vw, 600px\" data-recalc-dims=\"1\" \/><p id=\"caption-attachment-175548\" class=\"wp-caption-text\">Celebrando a cultura do basquete e de rua<\/p><\/div>\n<div id=\"attachment_175549\" style=\"width: 610px\" class=\"wp-caption aligncenter\"><img aria-describedby=\"caption-attachment-175549\" data-attachment-id=\"175549\" data-permalink=\"https:\/\/agrund.com\/index.php\/celebrando-a-cultura-do-basquete-e-de-rua\/20171010_0682_n-af1_emicida_2_baixa\/\" data-orig-file=\"https:\/\/i0.wp.com\/agrund.com\/wp-content\/uploads\/sites\/6\/2017\/11\/20171010_0682_N-AF1_EMICIDA_2_baixa.jpg?fit=600%2C388&amp;ssl=1\" data-orig-size=\"600,388\" data-comments-opened=\"1\" data-image-meta=\"{&quot;aperture&quot;:&quot;0&quot;,&quot;credit&quot;:&quot;&quot;,&quot;camera&quot;:&quot;&quot;,&quot;caption&quot;:&quot;&quot;,&quot;created_timestamp&quot;:&quot;0&quot;,&quot;copyright&quot;:&quot;&quot;,&quot;focal_length&quot;:&quot;0&quot;,&quot;iso&quot;:&quot;0&quot;,&quot;shutter_speed&quot;:&quot;0&quot;,&quot;title&quot;:&quot;&quot;,&quot;orientation&quot;:&quot;1&quot;}\" data-image-title=\"Celebrando a cultura do basquete e de rua\" data-image-description=\"\" data-image-caption=\"&lt;p&gt;Celebrando a cultura do basquete e de rua&lt;\/p&gt;\n\" data-medium-file=\"https:\/\/i0.wp.com\/agrund.com\/wp-content\/uploads\/sites\/6\/2017\/11\/20171010_0682_N-AF1_EMICIDA_2_baixa.jpg?fit=300%2C194&amp;ssl=1\" data-large-file=\"https:\/\/i0.wp.com\/agrund.com\/wp-content\/uploads\/sites\/6\/2017\/11\/20171010_0682_N-AF1_EMICIDA_2_baixa.jpg?fit=600%2C388&amp;ssl=1\" decoding=\"async\" loading=\"lazy\" class=\"size-full wp-image-175549\" src=\"https:\/\/i0.wp.com\/www.agrund.com\/wp-content\/uploads\/sites\/6\/2017\/11\/20171010_0682_N-AF1_EMICIDA_2_baixa.jpg?resize=600%2C388\" alt=\"\" width=\"600\" height=\"388\" srcset=\"https:\/\/i0.wp.com\/agrund.com\/wp-content\/uploads\/sites\/6\/2017\/11\/20171010_0682_N-AF1_EMICIDA_2_baixa.jpg?w=600&amp;ssl=1 600w, https:\/\/i0.wp.com\/agrund.com\/wp-content\/uploads\/sites\/6\/2017\/11\/20171010_0682_N-AF1_EMICIDA_2_baixa.jpg?resize=300%2C194&amp;ssl=1 300w\" sizes=\"(max-width: 600px) 100vw, 600px\" data-recalc-dims=\"1\" \/><p id=\"caption-attachment-175549\" class=\"wp-caption-text\">Celebrando a cultura do basquete e de rua<\/p><\/div>\n<div id=\"attachment_175546\" style=\"width: 610px\" class=\"wp-caption aligncenter\"><img aria-describedby=\"caption-attachment-175546\" data-attachment-id=\"175546\" data-permalink=\"https:\/\/agrund.com\/index.php\/celebrando-a-cultura-do-basquete-e-de-rua\/20171010_0320_n-af1_d2_2_baixa\/\" data-orig-file=\"https:\/\/i0.wp.com\/agrund.com\/wp-content\/uploads\/sites\/6\/2017\/11\/20171010_0320_N-AF1_D2_2_baixa.jpg?fit=600%2C882&amp;ssl=1\" data-orig-size=\"600,882\" data-comments-opened=\"1\" data-image-meta=\"{&quot;aperture&quot;:&quot;0&quot;,&quot;credit&quot;:&quot;&quot;,&quot;camera&quot;:&quot;&quot;,&quot;caption&quot;:&quot;&quot;,&quot;created_timestamp&quot;:&quot;0&quot;,&quot;copyright&quot;:&quot;&quot;,&quot;focal_length&quot;:&quot;0&quot;,&quot;iso&quot;:&quot;0&quot;,&quot;shutter_speed&quot;:&quot;0&quot;,&quot;title&quot;:&quot;&quot;,&quot;orientation&quot;:&quot;1&quot;}\" data-image-title=\"Celebrando a cultura do basquete e de rua\" data-image-description=\"\" data-image-caption=\"&lt;p&gt;Celebrando a cultura do basquete e de rua&lt;\/p&gt;\n\" data-medium-file=\"https:\/\/i0.wp.com\/agrund.com\/wp-content\/uploads\/sites\/6\/2017\/11\/20171010_0320_N-AF1_D2_2_baixa.jpg?fit=204%2C300&amp;ssl=1\" data-large-file=\"https:\/\/i0.wp.com\/agrund.com\/wp-content\/uploads\/sites\/6\/2017\/11\/20171010_0320_N-AF1_D2_2_baixa.jpg?fit=600%2C882&amp;ssl=1\" decoding=\"async\" loading=\"lazy\" class=\"size-full wp-image-175546\" src=\"https:\/\/i0.wp.com\/www.agrund.com\/wp-content\/uploads\/sites\/6\/2017\/11\/20171010_0320_N-AF1_D2_2_baixa.jpg?resize=600%2C882\" alt=\"\" width=\"600\" height=\"882\" srcset=\"https:\/\/i0.wp.com\/agrund.com\/wp-content\/uploads\/sites\/6\/2017\/11\/20171010_0320_N-AF1_D2_2_baixa.jpg?w=600&amp;ssl=1 600w, https:\/\/i0.wp.com\/agrund.com\/wp-content\/uploads\/sites\/6\/2017\/11\/20171010_0320_N-AF1_D2_2_baixa.jpg?resize=204%2C300&amp;ssl=1 204w\" sizes=\"(max-width: 600px) 100vw, 600px\" data-recalc-dims=\"1\" \/><p id=\"caption-attachment-175546\" class=\"wp-caption-text\">Celebrando a cultura do basquete e de rua<\/p><\/div>\n<div id=\"attachment_175551\" style=\"width: 610px\" class=\"wp-caption aligncenter\"><img aria-describedby=\"caption-attachment-175551\" data-attachment-id=\"175551\" data-permalink=\"https:\/\/agrund.com\/index.php\/celebrando-a-cultura-do-basquete-e-de-rua\/a-201\/\" data-orig-file=\"https:\/\/i0.wp.com\/agrund.com\/wp-content\/uploads\/sites\/6\/2017\/11\/a-11.jpg?fit=600%2C600&amp;ssl=1\" data-orig-size=\"600,600\" data-comments-opened=\"1\" data-image-meta=\"{&quot;aperture&quot;:&quot;0&quot;,&quot;credit&quot;:&quot;&quot;,&quot;camera&quot;:&quot;&quot;,&quot;caption&quot;:&quot;&quot;,&quot;created_timestamp&quot;:&quot;0&quot;,&quot;copyright&quot;:&quot;&quot;,&quot;focal_length&quot;:&quot;0&quot;,&quot;iso&quot;:&quot;0&quot;,&quot;shutter_speed&quot;:&quot;0&quot;,&quot;title&quot;:&quot;&quot;,&quot;orientation&quot;:&quot;1&quot;}\" data-image-title=\"Celebrando a cultura do basquete e de rua\" data-image-description=\"\" data-image-caption=\"&lt;p&gt;Celebrando a cultura do basquete e de rua&lt;\/p&gt;\n\" data-medium-file=\"https:\/\/i0.wp.com\/agrund.com\/wp-content\/uploads\/sites\/6\/2017\/11\/a-11.jpg?fit=300%2C300&amp;ssl=1\" data-large-file=\"https:\/\/i0.wp.com\/agrund.com\/wp-content\/uploads\/sites\/6\/2017\/11\/a-11.jpg?fit=600%2C600&amp;ssl=1\" decoding=\"async\" loading=\"lazy\" class=\"size-full wp-image-175551\" src=\"https:\/\/i0.wp.com\/www.agrund.com\/wp-content\/uploads\/sites\/6\/2017\/11\/a-11.jpg?resize=600%2C600\" alt=\"\" width=\"600\" height=\"600\" srcset=\"https:\/\/i0.wp.com\/agrund.com\/wp-content\/uploads\/sites\/6\/2017\/11\/a-11.jpg?w=600&amp;ssl=1 600w, https:\/\/i0.wp.com\/agrund.com\/wp-content\/uploads\/sites\/6\/2017\/11\/a-11.jpg?resize=150%2C150&amp;ssl=1 150w, https:\/\/i0.wp.com\/agrund.com\/wp-content\/uploads\/sites\/6\/2017\/11\/a-11.jpg?resize=300%2C300&amp;ssl=1 300w\" sizes=\"(max-width: 600px) 100vw, 600px\" data-recalc-dims=\"1\" \/><p id=\"caption-attachment-175551\" class=\"wp-caption-text\">Celebrando a cultura do basquete e de rua<\/p><\/div>\n<p>Fotos: Camila Cornelsen<\/p>\n","protected":false},"excerpt":{"rendered":"<p>Seguindo com as comemora\u00e7\u00f5es de 35 anos do Air Force 1, a Nike acaba de lan\u00e7ar no Brasil a nova vers\u00e3o do ic\u00f4nico modelo. Chamado Special Field Air Force 1 High, ele tem cabedal em couro premium e nylon, cano alto e ainda vem com uma corda para amarrar o t\u00eanis de diversas maneiras. Para [&hellip;]<\/p>\n","protected":false},"author":8,"featured_media":175553,"comment_status":"open","ping_status":"open","sticky":false,"template":"","format":"standard","meta":{"jetpack_post_was_ever_published":false,"_jetpack_newsletter_access":"","jetpack_publicize_message":"","jetpack_is_tweetstorm":false,"jetpack_publicize_feature_enabled":true,"jetpack_social_post_already_shared":true,"jetpack_social_options":{"image_generator_settings":{"template":"highway","enabled":false}}},"categories":[2],"tags":[],"jetpack_publicize_connections":[],"jetpack_featured_media_url":"https:\/\/i0.wp.com\/agrund.com\/wp-content\/uploads\/sites\/6\/2017\/11\/ss-4.jpg?fit=960%2C300&ssl=1","jetpack_sharing_enabled":true,"jetpack_shortlink":"https:\/\/wp.me\/p3Hz0n-JFn","jetpack_likes_enabled":true,"_links":{"self":[{"href":"https:\/\/agrund.com\/index.php\/wp-json\/wp\/v2\/posts\/175545"}],"collection":[{"href":"https:\/\/agrund.com\/index.php\/wp-json\/wp\/v2\/posts"}],"about":[{"href":"https:\/\/agrund.com\/index.php\/wp-json\/wp\/v2\/types\/post"}],"author":[{"embeddable":true,"href":"https:\/\/agrund.com\/index.php\/wp-json\/wp\/v2\/users\/8"}],"replies":[{"embeddable":true,"href":"https:\/\/agrund.com\/index.php\/wp-json\/wp\/v2\/comments?post=175545"}],"version-history":[{"count":0,"href":"https:\/\/agrund.com\/index.php\/wp-json\/wp\/v2\/posts\/175545\/revisions"}],"wp:featuredmedia":[{"embeddable":true,"href":"https:\/\/agrund.com\/index.php\/wp-json\/wp\/v2\/media\/175553"}],"wp:attachment":[{"href":"https:\/\/agrund.com\/index.php\/wp-json\/wp\/v2\/media?parent=175545"}],"wp:term":[{"taxonomy":"category","embeddable":true,"href":"https:\/\/agrund.com\/index.php\/wp-json\/wp\/v2\/categories?post=175545"},{"taxonomy":"post_tag","embeddable":true,"href":"https:\/\/agrund.com\/index.php\/wp-json\/wp\/v2\/tags?post=175545"}],"curies":[{"name":"wp","href":"https:\/\/api.w.org\/{rel}","templated":true}]}}