{"id":175540,"date":"2017-11-10T13:00:08","date_gmt":"2017-11-10T15:00:08","guid":{"rendered":"http:\/\/www.agrund.com\/?p=175540"},"modified":"2017-11-10T11:37:48","modified_gmt":"2017-11-10T13:37:48","slug":"meryl-streep-e-capa-da-vogue-us","status":"publish","type":"post","link":"https:\/\/agrund.com\/index.php\/meryl-streep-e-capa-da-vogue-us\/","title":{"rendered":"Meryl Streep \u00e9 capa da \u2018Vogue\u2019 US"},"content":{"rendered":"<p>Meryl Streep \u00e9 capa da \u2018Vogue\u2019 USPara celebrar os seus 125 anos, a \u2018Vogue\u2019 americana convidou Meryl Streep para estrelar a edi\u00e7\u00e3o de dezembro 2017. No clique principal, a atriz aparece esbanjando eleg\u00e2ncia com um look Michael Kors, brincos de Fred Leighton e colar da Tiffany &amp; Co.<\/p>\n<p>Em outro clique divulgado pela revista, Meryl aparece caracterizada como Katharine Graham, editora do \u2018Washington Post\u2019, personagem que ela viver\u00e1 em seu pr\u00f3ximo filme.<\/p>\n<p>A fotografia \u00e9 de Annie Leibovitz e voc\u00ea confere na galeria abaixo:<\/p>\n<div id=\"attachment_175541\" style=\"width: 610px\" class=\"wp-caption aligncenter\"><img aria-describedby=\"caption-attachment-175541\" data-attachment-id=\"175541\" data-permalink=\"https:\/\/agrund.com\/index.php\/meryl-streep-e-capa-da-vogue-us\/meryl-streep-vogue-magazine-december-2017-cover\/\" data-orig-file=\"https:\/\/i0.wp.com\/agrund.com\/wp-content\/uploads\/sites\/6\/2017\/11\/Meryl-Streep-Vogue-Magazine-December-2017-Cover-e1510321034498.jpg?fit=600%2C815&amp;ssl=1\" data-orig-size=\"600,815\" data-comments-opened=\"1\" data-image-meta=\"{&quot;aperture&quot;:&quot;0&quot;,&quot;credit&quot;:&quot;&quot;,&quot;camera&quot;:&quot;&quot;,&quot;caption&quot;:&quot;&quot;,&quot;created_timestamp&quot;:&quot;0&quot;,&quot;copyright&quot;:&quot;&quot;,&quot;focal_length&quot;:&quot;0&quot;,&quot;iso&quot;:&quot;0&quot;,&quot;shutter_speed&quot;:&quot;0&quot;,&quot;title&quot;:&quot;&quot;,&quot;orientation&quot;:&quot;1&quot;}\" data-image-title=\"Meryl Streep \u00e9 capa da \u2018Vogue\u2019 US\" data-image-description=\"\" data-image-caption=\"&lt;p&gt;Meryl Streep \u00e9 capa da \u2018Vogue\u2019 US&lt;\/p&gt;\n\" data-medium-file=\"https:\/\/i0.wp.com\/agrund.com\/wp-content\/uploads\/sites\/6\/2017\/11\/Meryl-Streep-Vogue-Magazine-December-2017-Cover-e1510321034498.jpg?fit=221%2C300&amp;ssl=1\" data-large-file=\"https:\/\/i0.wp.com\/agrund.com\/wp-content\/uploads\/sites\/6\/2017\/11\/Meryl-Streep-Vogue-Magazine-December-2017-Cover-e1510321034498.jpg?fit=754%2C1024&amp;ssl=1\" decoding=\"async\" loading=\"lazy\" class=\"size-full wp-image-175541\" src=\"https:\/\/i0.wp.com\/www.agrund.com\/wp-content\/uploads\/sites\/6\/2017\/11\/Meryl-Streep-Vogue-Magazine-December-2017-Cover-e1510321034498.jpg?resize=600%2C815\" alt=\"\" width=\"600\" height=\"815\" data-recalc-dims=\"1\" \/><p id=\"caption-attachment-175541\" class=\"wp-caption-text\">Meryl Streep \u00e9 capa da \u2018Vogue\u2019 US<\/p><\/div>\n<div id=\"attachment_175542\" style=\"width: 610px\" class=\"wp-caption aligncenter\"><img aria-describedby=\"caption-attachment-175542\" data-attachment-id=\"175542\" data-permalink=\"https:\/\/agrund.com\/index.php\/meryl-streep-e-capa-da-vogue-us\/meryl-streep-vogue-magazine-december-2017-photoshoot\/\" data-orig-file=\"https:\/\/i0.wp.com\/agrund.com\/wp-content\/uploads\/sites\/6\/2017\/11\/Meryl-Streep-Vogue-Magazine-December-2017-Photoshoot-e1510321048230.jpg?fit=600%2C407&amp;ssl=1\" data-orig-size=\"600,407\" data-comments-opened=\"1\" data-image-meta=\"{&quot;aperture&quot;:&quot;0&quot;,&quot;credit&quot;:&quot;&quot;,&quot;camera&quot;:&quot;&quot;,&quot;caption&quot;:&quot;&quot;,&quot;created_timestamp&quot;:&quot;0&quot;,&quot;copyright&quot;:&quot;&quot;,&quot;focal_length&quot;:&quot;0&quot;,&quot;iso&quot;:&quot;0&quot;,&quot;shutter_speed&quot;:&quot;0&quot;,&quot;title&quot;:&quot;&quot;,&quot;orientation&quot;:&quot;1&quot;}\" data-image-title=\"Meryl Streep \u00e9 capa da \u2018Vogue\u2019 US\" data-image-description=\"\" data-image-caption=\"&lt;p&gt;Meryl Streep \u00e9 capa da \u2018Vogue\u2019 US&lt;\/p&gt;\n\" data-medium-file=\"https:\/\/i0.wp.com\/agrund.com\/wp-content\/uploads\/sites\/6\/2017\/11\/Meryl-Streep-Vogue-Magazine-December-2017-Photoshoot-e1510321048230.jpg?fit=300%2C204&amp;ssl=1\" data-large-file=\"https:\/\/i0.wp.com\/agrund.com\/wp-content\/uploads\/sites\/6\/2017\/11\/Meryl-Streep-Vogue-Magazine-December-2017-Photoshoot-e1510321048230.jpg?fit=600%2C407&amp;ssl=1\" decoding=\"async\" loading=\"lazy\" class=\"size-full wp-image-175542\" src=\"https:\/\/i0.wp.com\/www.agrund.com\/wp-content\/uploads\/sites\/6\/2017\/11\/Meryl-Streep-Vogue-Magazine-December-2017-Photoshoot-e1510321048230.jpg?resize=600%2C407\" alt=\"\" width=\"600\" height=\"407\" data-recalc-dims=\"1\" \/><p id=\"caption-attachment-175542\" class=\"wp-caption-text\">Meryl Streep \u00e9 capa da \u2018Vogue\u2019 US<\/p><\/div>\n<p>Fotos: Reprodu\u00e7\u00e3o.<\/p>\n","protected":false},"excerpt":{"rendered":"<p>Meryl Streep \u00e9 capa da \u2018Vogue\u2019 USPara celebrar os seus 125 anos, a \u2018Vogue\u2019 americana convidou Meryl Streep para estrelar a edi\u00e7\u00e3o de dezembro 2017. No clique principal, a atriz aparece esbanjando eleg\u00e2ncia com um look Michael Kors, brincos de Fred Leighton e colar da Tiffany &amp; Co. Em outro clique divulgado pela revista, Meryl [&hellip;]<\/p>\n","protected":false},"author":8,"featured_media":175543,"comment_status":"open","ping_status":"open","sticky":false,"template":"","format":"standard","meta":{"jetpack_post_was_ever_published":false,"_jetpack_newsletter_access":"","jetpack_publicize_message":"","jetpack_is_tweetstorm":false,"jetpack_publicize_feature_enabled":true,"jetpack_social_post_already_shared":true,"jetpack_social_options":{"image_generator_settings":{"template":"highway","enabled":false}}},"categories":[2],"tags":[],"jetpack_publicize_connections":[],"jetpack_featured_media_url":"https:\/\/i0.wp.com\/agrund.com\/wp-content\/uploads\/sites\/6\/2017\/11\/s-34.jpg?fit=960%2C300&ssl=1","jetpack_sharing_enabled":true,"jetpack_shortlink":"https:\/\/wp.me\/p3Hz0n-JFi","jetpack_likes_enabled":true,"_links":{"self":[{"href":"https:\/\/agrund.com\/index.php\/wp-json\/wp\/v2\/posts\/175540"}],"collection":[{"href":"https:\/\/agrund.com\/index.php\/wp-json\/wp\/v2\/posts"}],"about":[{"href":"https:\/\/agrund.com\/index.php\/wp-json\/wp\/v2\/types\/post"}],"author":[{"embeddable":true,"href":"https:\/\/agrund.com\/index.php\/wp-json\/wp\/v2\/users\/8"}],"replies":[{"embeddable":true,"href":"https:\/\/agrund.com\/index.php\/wp-json\/wp\/v2\/comments?post=175540"}],"version-history":[{"count":0,"href":"https:\/\/agrund.com\/index.php\/wp-json\/wp\/v2\/posts\/175540\/revisions"}],"wp:featuredmedia":[{"embeddable":true,"href":"https:\/\/agrund.com\/index.php\/wp-json\/wp\/v2\/media\/175543"}],"wp:attachment":[{"href":"https:\/\/agrund.com\/index.php\/wp-json\/wp\/v2\/media?parent=175540"}],"wp:term":[{"taxonomy":"category","embeddable":true,"href":"https:\/\/agrund.com\/index.php\/wp-json\/wp\/v2\/categories?post=175540"},{"taxonomy":"post_tag","embeddable":true,"href":"https:\/\/agrund.com\/index.php\/wp-json\/wp\/v2\/tags?post=175540"}],"curies":[{"name":"wp","href":"https:\/\/api.w.org\/{rel}","templated":true}]}}