{"id":175518,"date":"2017-11-10T10:00:30","date_gmt":"2017-11-10T12:00:30","guid":{"rendered":"http:\/\/www.agrund.com\/?p=175518"},"modified":"2017-11-10T09:26:21","modified_gmt":"2017-11-10T11:26:21","slug":"cara-delevingne-e-o-novo-rosto-da-jimmy-choo","status":"publish","type":"post","link":"https:\/\/agrund.com\/index.php\/cara-delevingne-e-o-novo-rosto-da-jimmy-choo\/","title":{"rendered":"Cara Delevingne \u00e9 o novo rosto da Jimmy Choo"},"content":{"rendered":"<p>Ela n\u00e3o para! Depois de aparecer a campanha da Burberry (reveja <a href=\"http:\/\/www.agrund.com\/cara-delevingne-no-final-de-ano-da-burberry\/\">AQUI<\/a>), agora Cara Delevingne \u00e9 a estrela da Jimmy Choo.<\/p>\n<p>A modelo \u00e9 o rosto da campanha resort 2018 e nos apresenta as novas botas, sand\u00e1lias e brogues. Se depender da marca, o brilho ir\u00e1 invadir de vez os nossos p\u00e9s!<\/p>\n<p>Al\u00e9m das fotos, Cara tamb\u00e9m estrela um fashion film. Aperte o play!<\/p>\n<div id=\"attachment_175521\" style=\"width: 610px\" class=\"wp-caption aligncenter\"><img aria-describedby=\"caption-attachment-175521\" data-attachment-id=\"175521\" data-permalink=\"https:\/\/agrund.com\/index.php\/cara-delevingne-e-o-novo-rosto-da-jimmy-choo\/jimmy-choo-resort-2018-campaign-shoes03\/\" data-orig-file=\"https:\/\/i0.wp.com\/agrund.com\/wp-content\/uploads\/sites\/6\/2017\/11\/Jimmy-Choo-Resort-2018-Campaign-Shoes03-e1510312758197.jpg?fit=600%2C900&amp;ssl=1\" data-orig-size=\"600,900\" data-comments-opened=\"1\" data-image-meta=\"{&quot;aperture&quot;:&quot;0&quot;,&quot;credit&quot;:&quot;&quot;,&quot;camera&quot;:&quot;&quot;,&quot;caption&quot;:&quot;&quot;,&quot;created_timestamp&quot;:&quot;0&quot;,&quot;copyright&quot;:&quot;&quot;,&quot;focal_length&quot;:&quot;0&quot;,&quot;iso&quot;:&quot;0&quot;,&quot;shutter_speed&quot;:&quot;0&quot;,&quot;title&quot;:&quot;&quot;,&quot;orientation&quot;:&quot;1&quot;}\" data-image-title=\"Cara Delevingne \u00e9 o novo rosto da Jimmy Choo\" data-image-description=\"\" data-image-caption=\"&lt;p&gt;Cara Delevingne \u00e9 o novo rosto da Jimmy Choo&lt;\/p&gt;\n\" data-medium-file=\"https:\/\/i0.wp.com\/agrund.com\/wp-content\/uploads\/sites\/6\/2017\/11\/Jimmy-Choo-Resort-2018-Campaign-Shoes03-e1510312758197.jpg?fit=200%2C300&amp;ssl=1\" data-large-file=\"https:\/\/i0.wp.com\/agrund.com\/wp-content\/uploads\/sites\/6\/2017\/11\/Jimmy-Choo-Resort-2018-Campaign-Shoes03-e1510312758197.jpg?fit=683%2C1024&amp;ssl=1\" decoding=\"async\" loading=\"lazy\" class=\"size-full wp-image-175521\" src=\"https:\/\/i0.wp.com\/www.agrund.com\/wp-content\/uploads\/sites\/6\/2017\/11\/Jimmy-Choo-Resort-2018-Campaign-Shoes03-e1510312758197.jpg?resize=600%2C900\" alt=\"\" width=\"600\" height=\"900\" data-recalc-dims=\"1\" \/><p id=\"caption-attachment-175521\" class=\"wp-caption-text\">Cara Delevingne \u00e9 o novo rosto da Jimmy Choo<\/p><\/div>\n<div id=\"attachment_175522\" style=\"width: 610px\" class=\"wp-caption aligncenter\"><img aria-describedby=\"caption-attachment-175522\" data-attachment-id=\"175522\" data-permalink=\"https:\/\/agrund.com\/index.php\/cara-delevingne-e-o-novo-rosto-da-jimmy-choo\/jimmy-choo-resort-2018-campaign-shoes04\/\" data-orig-file=\"https:\/\/i0.wp.com\/agrund.com\/wp-content\/uploads\/sites\/6\/2017\/11\/Jimmy-Choo-Resort-2018-Campaign-Shoes04-e1510312775579.jpg?fit=600%2C400&amp;ssl=1\" data-orig-size=\"600,400\" data-comments-opened=\"1\" data-image-meta=\"{&quot;aperture&quot;:&quot;0&quot;,&quot;credit&quot;:&quot;&quot;,&quot;camera&quot;:&quot;&quot;,&quot;caption&quot;:&quot;&quot;,&quot;created_timestamp&quot;:&quot;0&quot;,&quot;copyright&quot;:&quot;&quot;,&quot;focal_length&quot;:&quot;0&quot;,&quot;iso&quot;:&quot;0&quot;,&quot;shutter_speed&quot;:&quot;0&quot;,&quot;title&quot;:&quot;&quot;,&quot;orientation&quot;:&quot;1&quot;}\" data-image-title=\"Cara Delevingne \u00e9 o novo rosto da Jimmy Choo\" data-image-description=\"\" data-image-caption=\"&lt;p&gt;Cara Delevingne \u00e9 o novo rosto da Jimmy Choo&lt;\/p&gt;\n\" data-medium-file=\"https:\/\/i0.wp.com\/agrund.com\/wp-content\/uploads\/sites\/6\/2017\/11\/Jimmy-Choo-Resort-2018-Campaign-Shoes04-e1510312775579.jpg?fit=300%2C200&amp;ssl=1\" data-large-file=\"https:\/\/i0.wp.com\/agrund.com\/wp-content\/uploads\/sites\/6\/2017\/11\/Jimmy-Choo-Resort-2018-Campaign-Shoes04-e1510312775579.jpg?fit=600%2C400&amp;ssl=1\" decoding=\"async\" loading=\"lazy\" class=\"size-full wp-image-175522\" src=\"https:\/\/i0.wp.com\/www.agrund.com\/wp-content\/uploads\/sites\/6\/2017\/11\/Jimmy-Choo-Resort-2018-Campaign-Shoes04-e1510312775579.jpg?resize=600%2C400\" alt=\"\" width=\"600\" height=\"400\" data-recalc-dims=\"1\" \/><p id=\"caption-attachment-175522\" class=\"wp-caption-text\">Cara Delevingne \u00e9 o novo rosto da Jimmy Choo<\/p><\/div>\n<div id=\"attachment_175520\" style=\"width: 610px\" class=\"wp-caption aligncenter\"><img aria-describedby=\"caption-attachment-175520\" data-attachment-id=\"175520\" data-permalink=\"https:\/\/agrund.com\/index.php\/cara-delevingne-e-o-novo-rosto-da-jimmy-choo\/jimmy-choo-resort-2018-campaign-shoes02\/\" data-orig-file=\"https:\/\/i0.wp.com\/agrund.com\/wp-content\/uploads\/sites\/6\/2017\/11\/Jimmy-Choo-Resort-2018-Campaign-Shoes02-e1510312834812.jpg?fit=600%2C400&amp;ssl=1\" data-orig-size=\"600,400\" data-comments-opened=\"1\" data-image-meta=\"{&quot;aperture&quot;:&quot;0&quot;,&quot;credit&quot;:&quot;&quot;,&quot;camera&quot;:&quot;&quot;,&quot;caption&quot;:&quot;&quot;,&quot;created_timestamp&quot;:&quot;0&quot;,&quot;copyright&quot;:&quot;&quot;,&quot;focal_length&quot;:&quot;0&quot;,&quot;iso&quot;:&quot;0&quot;,&quot;shutter_speed&quot;:&quot;0&quot;,&quot;title&quot;:&quot;&quot;,&quot;orientation&quot;:&quot;1&quot;}\" data-image-title=\"Cara Delevingne \u00e9 o novo rosto da Jimmy Choo\" data-image-description=\"\" data-image-caption=\"&lt;p&gt;Cara Delevingne \u00e9 o novo rosto da Jimmy Choo&lt;\/p&gt;\n\" data-medium-file=\"https:\/\/i0.wp.com\/agrund.com\/wp-content\/uploads\/sites\/6\/2017\/11\/Jimmy-Choo-Resort-2018-Campaign-Shoes02-e1510312834812.jpg?fit=300%2C200&amp;ssl=1\" data-large-file=\"https:\/\/i0.wp.com\/agrund.com\/wp-content\/uploads\/sites\/6\/2017\/11\/Jimmy-Choo-Resort-2018-Campaign-Shoes02-e1510312834812.jpg?fit=600%2C400&amp;ssl=1\" decoding=\"async\" loading=\"lazy\" class=\"size-full wp-image-175520\" src=\"https:\/\/i0.wp.com\/www.agrund.com\/wp-content\/uploads\/sites\/6\/2017\/11\/Jimmy-Choo-Resort-2018-Campaign-Shoes02-e1510312834812.jpg?resize=600%2C400\" alt=\"\" width=\"600\" height=\"400\" data-recalc-dims=\"1\" \/><p id=\"caption-attachment-175520\" class=\"wp-caption-text\">Cara Delevingne \u00e9 o novo rosto da Jimmy Choo<\/p><\/div>\n<div id=\"attachment_175519\" style=\"width: 610px\" class=\"wp-caption aligncenter\"><img aria-describedby=\"caption-attachment-175519\" data-attachment-id=\"175519\" data-permalink=\"https:\/\/agrund.com\/index.php\/cara-delevingne-e-o-novo-rosto-da-jimmy-choo\/jimmy-choo-resort-2018-campaign-shoes01\/\" data-orig-file=\"https:\/\/i0.wp.com\/agrund.com\/wp-content\/uploads\/sites\/6\/2017\/11\/Jimmy-Choo-Resort-2018-Campaign-Shoes01-e1510312855924.jpg?fit=600%2C899&amp;ssl=1\" data-orig-size=\"600,899\" data-comments-opened=\"1\" data-image-meta=\"{&quot;aperture&quot;:&quot;0&quot;,&quot;credit&quot;:&quot;&quot;,&quot;camera&quot;:&quot;&quot;,&quot;caption&quot;:&quot;&quot;,&quot;created_timestamp&quot;:&quot;0&quot;,&quot;copyright&quot;:&quot;&quot;,&quot;focal_length&quot;:&quot;0&quot;,&quot;iso&quot;:&quot;0&quot;,&quot;shutter_speed&quot;:&quot;0&quot;,&quot;title&quot;:&quot;&quot;,&quot;orientation&quot;:&quot;1&quot;}\" data-image-title=\"Cara Delevingne \u00e9 o novo rosto da Jimmy Choo\" data-image-description=\"\" data-image-caption=\"&lt;p&gt;Cara Delevingne \u00e9 o novo rosto da Jimmy Choo&lt;\/p&gt;\n\" data-medium-file=\"https:\/\/i0.wp.com\/agrund.com\/wp-content\/uploads\/sites\/6\/2017\/11\/Jimmy-Choo-Resort-2018-Campaign-Shoes01-e1510312855924.jpg?fit=200%2C300&amp;ssl=1\" data-large-file=\"https:\/\/i0.wp.com\/agrund.com\/wp-content\/uploads\/sites\/6\/2017\/11\/Jimmy-Choo-Resort-2018-Campaign-Shoes01-e1510312855924.jpg?fit=683%2C1024&amp;ssl=1\" decoding=\"async\" loading=\"lazy\" class=\"size-full wp-image-175519\" src=\"https:\/\/i0.wp.com\/www.agrund.com\/wp-content\/uploads\/sites\/6\/2017\/11\/Jimmy-Choo-Resort-2018-Campaign-Shoes01-e1510312855924.jpg?resize=600%2C899\" alt=\"\" width=\"600\" height=\"899\" data-recalc-dims=\"1\" \/><p id=\"caption-attachment-175519\" class=\"wp-caption-text\">Cara Delevingne \u00e9 o novo rosto da Jimmy Choo<\/p><\/div>\n<div id=\"attachment_175525\" style=\"width: 610px\" class=\"wp-caption aligncenter\"><img aria-describedby=\"caption-attachment-175525\" data-attachment-id=\"175525\" data-permalink=\"https:\/\/agrund.com\/index.php\/cara-delevingne-e-o-novo-rosto-da-jimmy-choo\/jimmy-choo-resort-2018-campaign-shoes07\/\" data-orig-file=\"https:\/\/i0.wp.com\/agrund.com\/wp-content\/uploads\/sites\/6\/2017\/11\/Jimmy-Choo-Resort-2018-Campaign-Shoes07-e1510312870910.jpg?fit=600%2C399&amp;ssl=1\" data-orig-size=\"600,399\" data-comments-opened=\"1\" data-image-meta=\"{&quot;aperture&quot;:&quot;0&quot;,&quot;credit&quot;:&quot;&quot;,&quot;camera&quot;:&quot;&quot;,&quot;caption&quot;:&quot;&quot;,&quot;created_timestamp&quot;:&quot;0&quot;,&quot;copyright&quot;:&quot;&quot;,&quot;focal_length&quot;:&quot;0&quot;,&quot;iso&quot;:&quot;0&quot;,&quot;shutter_speed&quot;:&quot;0&quot;,&quot;title&quot;:&quot;&quot;,&quot;orientation&quot;:&quot;1&quot;}\" data-image-title=\"Cara Delevingne \u00e9 o novo rosto da Jimmy Choo\" data-image-description=\"\" data-image-caption=\"&lt;p&gt;Cara Delevingne \u00e9 o novo rosto da Jimmy Choo&lt;\/p&gt;\n\" data-medium-file=\"https:\/\/i0.wp.com\/agrund.com\/wp-content\/uploads\/sites\/6\/2017\/11\/Jimmy-Choo-Resort-2018-Campaign-Shoes07-e1510312870910.jpg?fit=300%2C200&amp;ssl=1\" data-large-file=\"https:\/\/i0.wp.com\/agrund.com\/wp-content\/uploads\/sites\/6\/2017\/11\/Jimmy-Choo-Resort-2018-Campaign-Shoes07-e1510312870910.jpg?fit=600%2C399&amp;ssl=1\" decoding=\"async\" loading=\"lazy\" class=\"size-full wp-image-175525\" src=\"https:\/\/i0.wp.com\/www.agrund.com\/wp-content\/uploads\/sites\/6\/2017\/11\/Jimmy-Choo-Resort-2018-Campaign-Shoes07-e1510312870910.jpg?resize=600%2C399\" alt=\"\" width=\"600\" height=\"399\" data-recalc-dims=\"1\" \/><p id=\"caption-attachment-175525\" class=\"wp-caption-text\">Cara Delevingne \u00e9 o novo rosto da Jimmy Choo<\/p><\/div>\n<div id=\"attachment_175524\" style=\"width: 610px\" class=\"wp-caption aligncenter\"><img aria-describedby=\"caption-attachment-175524\" data-attachment-id=\"175524\" data-permalink=\"https:\/\/agrund.com\/index.php\/cara-delevingne-e-o-novo-rosto-da-jimmy-choo\/jimmy-choo-resort-2018-campaign-shoes06\/\" data-orig-file=\"https:\/\/i0.wp.com\/agrund.com\/wp-content\/uploads\/sites\/6\/2017\/11\/Jimmy-Choo-Resort-2018-Campaign-Shoes06-e1510312886434.jpg?fit=600%2C400&amp;ssl=1\" data-orig-size=\"600,400\" data-comments-opened=\"1\" data-image-meta=\"{&quot;aperture&quot;:&quot;0&quot;,&quot;credit&quot;:&quot;&quot;,&quot;camera&quot;:&quot;&quot;,&quot;caption&quot;:&quot;&quot;,&quot;created_timestamp&quot;:&quot;0&quot;,&quot;copyright&quot;:&quot;&quot;,&quot;focal_length&quot;:&quot;0&quot;,&quot;iso&quot;:&quot;0&quot;,&quot;shutter_speed&quot;:&quot;0&quot;,&quot;title&quot;:&quot;&quot;,&quot;orientation&quot;:&quot;1&quot;}\" data-image-title=\"Cara Delevingne \u00e9 o novo rosto da Jimmy Choo\" data-image-description=\"\" data-image-caption=\"&lt;p&gt;Cara Delevingne \u00e9 o novo rosto da Jimmy Choo&lt;\/p&gt;\n\" data-medium-file=\"https:\/\/i0.wp.com\/agrund.com\/wp-content\/uploads\/sites\/6\/2017\/11\/Jimmy-Choo-Resort-2018-Campaign-Shoes06-e1510312886434.jpg?fit=300%2C200&amp;ssl=1\" data-large-file=\"https:\/\/i0.wp.com\/agrund.com\/wp-content\/uploads\/sites\/6\/2017\/11\/Jimmy-Choo-Resort-2018-Campaign-Shoes06-e1510312886434.jpg?fit=600%2C400&amp;ssl=1\" decoding=\"async\" loading=\"lazy\" class=\"size-full wp-image-175524\" src=\"https:\/\/i0.wp.com\/www.agrund.com\/wp-content\/uploads\/sites\/6\/2017\/11\/Jimmy-Choo-Resort-2018-Campaign-Shoes06-e1510312886434.jpg?resize=600%2C400\" alt=\"\" width=\"600\" height=\"400\" data-recalc-dims=\"1\" \/><p id=\"caption-attachment-175524\" class=\"wp-caption-text\">Cara Delevingne \u00e9 o novo rosto da Jimmy Choo<\/p><\/div>\n<div id=\"attachment_175523\" style=\"width: 610px\" class=\"wp-caption aligncenter\"><img aria-describedby=\"caption-attachment-175523\" data-attachment-id=\"175523\" data-permalink=\"https:\/\/agrund.com\/index.php\/cara-delevingne-e-o-novo-rosto-da-jimmy-choo\/jimmy-choo-resort-2018-campaign-shoes05\/\" data-orig-file=\"https:\/\/i0.wp.com\/agrund.com\/wp-content\/uploads\/sites\/6\/2017\/11\/Jimmy-Choo-Resort-2018-Campaign-Shoes05-e1510312912996.jpg?fit=600%2C902&amp;ssl=1\" data-orig-size=\"600,902\" data-comments-opened=\"1\" data-image-meta=\"{&quot;aperture&quot;:&quot;0&quot;,&quot;credit&quot;:&quot;&quot;,&quot;camera&quot;:&quot;&quot;,&quot;caption&quot;:&quot;&quot;,&quot;created_timestamp&quot;:&quot;0&quot;,&quot;copyright&quot;:&quot;&quot;,&quot;focal_length&quot;:&quot;0&quot;,&quot;iso&quot;:&quot;0&quot;,&quot;shutter_speed&quot;:&quot;0&quot;,&quot;title&quot;:&quot;&quot;,&quot;orientation&quot;:&quot;1&quot;}\" data-image-title=\"Cara Delevingne \u00e9 o novo rosto da Jimmy Choo\" data-image-description=\"\" data-image-caption=\"&lt;p&gt;Cara Delevingne \u00e9 o novo rosto da Jimmy Choo&lt;\/p&gt;\n\" data-medium-file=\"https:\/\/i0.wp.com\/agrund.com\/wp-content\/uploads\/sites\/6\/2017\/11\/Jimmy-Choo-Resort-2018-Campaign-Shoes05-e1510312912996.jpg?fit=200%2C300&amp;ssl=1\" data-large-file=\"https:\/\/i0.wp.com\/agrund.com\/wp-content\/uploads\/sites\/6\/2017\/11\/Jimmy-Choo-Resort-2018-Campaign-Shoes05-e1510312912996.jpg?fit=681%2C1024&amp;ssl=1\" decoding=\"async\" loading=\"lazy\" class=\"size-full wp-image-175523\" src=\"https:\/\/i0.wp.com\/www.agrund.com\/wp-content\/uploads\/sites\/6\/2017\/11\/Jimmy-Choo-Resort-2018-Campaign-Shoes05-e1510312912996.jpg?resize=600%2C902\" alt=\"\" width=\"600\" height=\"902\" data-recalc-dims=\"1\" \/><p id=\"caption-attachment-175523\" class=\"wp-caption-text\">Cara Delevingne \u00e9 o novo rosto da Jimmy Choo<\/p><\/div>\n<div id=\"attachment_175526\" style=\"width: 610px\" class=\"wp-caption aligncenter\"><img aria-describedby=\"caption-attachment-175526\" data-attachment-id=\"175526\" data-permalink=\"https:\/\/agrund.com\/index.php\/cara-delevingne-e-o-novo-rosto-da-jimmy-choo\/jimmy-choo-resort-2018-campaign-shoes09\/\" data-orig-file=\"https:\/\/i0.wp.com\/agrund.com\/wp-content\/uploads\/sites\/6\/2017\/11\/Jimmy-Choo-Resort-2018-Campaign-Shoes09-e1510312899989.jpg?fit=600%2C600&amp;ssl=1\" data-orig-size=\"600,600\" data-comments-opened=\"1\" data-image-meta=\"{&quot;aperture&quot;:&quot;0&quot;,&quot;credit&quot;:&quot;&quot;,&quot;camera&quot;:&quot;&quot;,&quot;caption&quot;:&quot;&quot;,&quot;created_timestamp&quot;:&quot;0&quot;,&quot;copyright&quot;:&quot;&quot;,&quot;focal_length&quot;:&quot;0&quot;,&quot;iso&quot;:&quot;0&quot;,&quot;shutter_speed&quot;:&quot;0&quot;,&quot;title&quot;:&quot;&quot;,&quot;orientation&quot;:&quot;1&quot;}\" data-image-title=\"Cara Delevingne \u00e9 o novo rosto da Jimmy Choo\" data-image-description=\"\" data-image-caption=\"&lt;p&gt;Cara Delevingne \u00e9 o novo rosto da Jimmy Choo&lt;\/p&gt;\n\" data-medium-file=\"https:\/\/i0.wp.com\/agrund.com\/wp-content\/uploads\/sites\/6\/2017\/11\/Jimmy-Choo-Resort-2018-Campaign-Shoes09-e1510312899989.jpg?fit=300%2C300&amp;ssl=1\" data-large-file=\"https:\/\/i0.wp.com\/agrund.com\/wp-content\/uploads\/sites\/6\/2017\/11\/Jimmy-Choo-Resort-2018-Campaign-Shoes09-e1510312899989.jpg?fit=600%2C600&amp;ssl=1\" decoding=\"async\" loading=\"lazy\" class=\"size-full wp-image-175526\" src=\"https:\/\/i0.wp.com\/www.agrund.com\/wp-content\/uploads\/sites\/6\/2017\/11\/Jimmy-Choo-Resort-2018-Campaign-Shoes09-e1510312899989.jpg?resize=600%2C600\" alt=\"\" width=\"600\" height=\"600\" data-recalc-dims=\"1\" \/><p id=\"caption-attachment-175526\" class=\"wp-caption-text\">Cara Delevingne \u00e9 o novo rosto da Jimmy Choo<\/p><\/div>\n<p>&nbsp;<\/p>\n<span class=\"embed-youtube\" style=\"text-align:center; display: block;\"><iframe class=\"youtube-player\" width=\"560\" height=\"315\" src=\"https:\/\/www.youtube.com\/embed\/obplX8Pvmb4?version=3&#038;rel=1&#038;showsearch=0&#038;showinfo=1&#038;iv_load_policy=1&#038;fs=1&#038;hl=pt-BR&#038;autohide=2&#038;wmode=transparent\" allowfullscreen=\"true\" style=\"border:0;\" sandbox=\"allow-scripts allow-same-origin allow-popups allow-presentation\"><\/iframe><\/span>\n<p>Fotos: Reprodu\u00e7\u00e3o.<\/p>\n","protected":false},"excerpt":{"rendered":"<p>Ela n\u00e3o para! Depois de aparecer a campanha da Burberry (reveja AQUI), agora Cara Delevingne \u00e9 a estrela da Jimmy Choo. A modelo \u00e9 o rosto da campanha resort 2018 e nos apresenta as novas botas, sand\u00e1lias e brogues. Se depender da marca, o brilho ir\u00e1 invadir de vez os nossos p\u00e9s! Al\u00e9m das fotos, [&hellip;]<\/p>\n","protected":false},"author":8,"featured_media":175527,"comment_status":"open","ping_status":"open","sticky":false,"template":"","format":"standard","meta":{"jetpack_post_was_ever_published":false,"_jetpack_newsletter_access":"","jetpack_publicize_message":"","jetpack_is_tweetstorm":false,"jetpack_publicize_feature_enabled":true,"jetpack_social_post_already_shared":true,"jetpack_social_options":{"image_generator_settings":{"template":"highway","enabled":false}}},"categories":[2],"tags":[],"jetpack_publicize_connections":[],"jetpack_featured_media_url":"https:\/\/i0.wp.com\/agrund.com\/wp-content\/uploads\/sites\/6\/2017\/11\/s-32.jpg?fit=960%2C300&ssl=1","jetpack_sharing_enabled":true,"jetpack_shortlink":"https:\/\/wp.me\/p3Hz0n-JEW","jetpack_likes_enabled":true,"_links":{"self":[{"href":"https:\/\/agrund.com\/index.php\/wp-json\/wp\/v2\/posts\/175518"}],"collection":[{"href":"https:\/\/agrund.com\/index.php\/wp-json\/wp\/v2\/posts"}],"about":[{"href":"https:\/\/agrund.com\/index.php\/wp-json\/wp\/v2\/types\/post"}],"author":[{"embeddable":true,"href":"https:\/\/agrund.com\/index.php\/wp-json\/wp\/v2\/users\/8"}],"replies":[{"embeddable":true,"href":"https:\/\/agrund.com\/index.php\/wp-json\/wp\/v2\/comments?post=175518"}],"version-history":[{"count":0,"href":"https:\/\/agrund.com\/index.php\/wp-json\/wp\/v2\/posts\/175518\/revisions"}],"wp:featuredmedia":[{"embeddable":true,"href":"https:\/\/agrund.com\/index.php\/wp-json\/wp\/v2\/media\/175527"}],"wp:attachment":[{"href":"https:\/\/agrund.com\/index.php\/wp-json\/wp\/v2\/media?parent=175518"}],"wp:term":[{"taxonomy":"category","embeddable":true,"href":"https:\/\/agrund.com\/index.php\/wp-json\/wp\/v2\/categories?post=175518"},{"taxonomy":"post_tag","embeddable":true,"href":"https:\/\/agrund.com\/index.php\/wp-json\/wp\/v2\/tags?post=175518"}],"curies":[{"name":"wp","href":"https:\/\/api.w.org\/{rel}","templated":true}]}}