{"id":175514,"date":"2017-11-09T18:00:56","date_gmt":"2017-11-09T20:00:56","guid":{"rendered":"http:\/\/www.agrund.com\/?p=175514"},"modified":"2017-11-09T15:53:23","modified_gmt":"2017-11-09T17:53:23","slug":"rihanna-sera-uma-das-anfitrias-do-met-gala-2018","status":"publish","type":"post","link":"https:\/\/agrund.com\/index.php\/rihanna-sera-uma-das-anfitrias-do-met-gala-2018\/","title":{"rendered":"Rihanna ser\u00e1 uma das anfitri\u00e3s do Met Gala 2018"},"content":{"rendered":"<p>Todo ano Rihanna arrasa no tapete vermelho do Met Gala e em 2018 o look da cantora tem tudo para ser ainda mais incr\u00edvel. \u00c9 que Riri ser\u00e1 uma das anfitri\u00e3s do evento ao lado de Donatella Versace e Amal Clooney.<\/p>\n<p>O Gala, que acontecer\u00e1 no dia 10 de maio de 2018, marca abertura da exposi\u00e7\u00e3o anual do Costume Institute do Metropolitam Museum of Art, de Nova York. E esta expo j\u00e1 tem tema definido: \u201cHeavenly Bodies: Fashion and the Catholic Imagination\u201d, que ir\u00e1 explorar a liga\u00e7\u00e3o entre a moda e a religi\u00e3o cat\u00f3lica.<\/p>\n<p>J\u00e1 conseguem imaginar como ser\u00e1? Vamos aguardar!<\/p>\n<div id=\"attachment_175515\" style=\"width: 610px\" class=\"wp-caption aligncenter\"><img aria-describedby=\"caption-attachment-175515\" data-attachment-id=\"175515\" data-permalink=\"https:\/\/agrund.com\/index.php\/rihanna-sera-uma-das-anfitrias-do-met-gala-2018\/1-1151\/\" data-orig-file=\"https:\/\/i0.wp.com\/agrund.com\/wp-content\/uploads\/sites\/6\/2017\/11\/1-11-e1510249985658.jpg?fit=600%2C903&amp;ssl=1\" data-orig-size=\"600,903\" data-comments-opened=\"1\" data-image-meta=\"{&quot;aperture&quot;:&quot;0&quot;,&quot;credit&quot;:&quot;&quot;,&quot;camera&quot;:&quot;&quot;,&quot;caption&quot;:&quot;&quot;,&quot;created_timestamp&quot;:&quot;0&quot;,&quot;copyright&quot;:&quot;&quot;,&quot;focal_length&quot;:&quot;0&quot;,&quot;iso&quot;:&quot;0&quot;,&quot;shutter_speed&quot;:&quot;0&quot;,&quot;title&quot;:&quot;&quot;,&quot;orientation&quot;:&quot;0&quot;}\" data-image-title=\"Rihanna ser\u00e1 uma das anfitri\u00e3s do Met Gala 2018\" data-image-description=\"\" data-image-caption=\"&lt;p&gt;Rihanna ser\u00e1 uma das anfitri\u00e3s do Met Gala 2018&lt;\/p&gt;\n\" data-medium-file=\"https:\/\/i0.wp.com\/agrund.com\/wp-content\/uploads\/sites\/6\/2017\/11\/1-11-e1510249985658.jpg?fit=199%2C300&amp;ssl=1\" data-large-file=\"https:\/\/i0.wp.com\/agrund.com\/wp-content\/uploads\/sites\/6\/2017\/11\/1-11-e1510249985658.jpg?fit=681%2C1024&amp;ssl=1\" decoding=\"async\" loading=\"lazy\" class=\"size-full wp-image-175515\" src=\"https:\/\/i0.wp.com\/www.agrund.com\/wp-content\/uploads\/sites\/6\/2017\/11\/1-11-e1510249985658.jpg?resize=600%2C903\" alt=\"\" width=\"600\" height=\"903\" data-recalc-dims=\"1\" \/><p id=\"caption-attachment-175515\" class=\"wp-caption-text\">Rihanna ser\u00e1 uma das anfitri\u00e3s do Met Gala 2018<\/p><\/div>\n<p>Foto: Reprodu\u00e7\u00e3o.<\/p>\n","protected":false},"excerpt":{"rendered":"<p>Todo ano Rihanna arrasa no tapete vermelho do Met Gala e em 2018 o look da cantora tem tudo para ser ainda mais incr\u00edvel. \u00c9 que Riri ser\u00e1 uma das anfitri\u00e3s do evento ao lado de Donatella Versace e Amal Clooney. O Gala, que acontecer\u00e1 no dia 10 de maio de 2018, marca abertura da [&hellip;]<\/p>\n","protected":false},"author":8,"featured_media":175516,"comment_status":"open","ping_status":"open","sticky":false,"template":"","format":"standard","meta":{"jetpack_post_was_ever_published":false,"_jetpack_newsletter_access":"","jetpack_publicize_message":"","jetpack_is_tweetstorm":false,"jetpack_publicize_feature_enabled":true,"jetpack_social_post_already_shared":true,"jetpack_social_options":{"image_generator_settings":{"template":"highway","enabled":false}}},"categories":[2],"tags":[],"jetpack_publicize_connections":[],"jetpack_featured_media_url":"https:\/\/i0.wp.com\/agrund.com\/wp-content\/uploads\/sites\/6\/2017\/11\/s-31.jpg?fit=960%2C300&ssl=1","jetpack_sharing_enabled":true,"jetpack_shortlink":"https:\/\/wp.me\/p3Hz0n-JES","jetpack_likes_enabled":true,"_links":{"self":[{"href":"https:\/\/agrund.com\/index.php\/wp-json\/wp\/v2\/posts\/175514"}],"collection":[{"href":"https:\/\/agrund.com\/index.php\/wp-json\/wp\/v2\/posts"}],"about":[{"href":"https:\/\/agrund.com\/index.php\/wp-json\/wp\/v2\/types\/post"}],"author":[{"embeddable":true,"href":"https:\/\/agrund.com\/index.php\/wp-json\/wp\/v2\/users\/8"}],"replies":[{"embeddable":true,"href":"https:\/\/agrund.com\/index.php\/wp-json\/wp\/v2\/comments?post=175514"}],"version-history":[{"count":0,"href":"https:\/\/agrund.com\/index.php\/wp-json\/wp\/v2\/posts\/175514\/revisions"}],"wp:featuredmedia":[{"embeddable":true,"href":"https:\/\/agrund.com\/index.php\/wp-json\/wp\/v2\/media\/175516"}],"wp:attachment":[{"href":"https:\/\/agrund.com\/index.php\/wp-json\/wp\/v2\/media?parent=175514"}],"wp:term":[{"taxonomy":"category","embeddable":true,"href":"https:\/\/agrund.com\/index.php\/wp-json\/wp\/v2\/categories?post=175514"},{"taxonomy":"post_tag","embeddable":true,"href":"https:\/\/agrund.com\/index.php\/wp-json\/wp\/v2\/tags?post=175514"}],"curies":[{"name":"wp","href":"https:\/\/api.w.org\/{rel}","templated":true}]}}