{"id":175498,"date":"2017-11-09T13:00:41","date_gmt":"2017-11-09T15:00:41","guid":{"rendered":"http:\/\/www.agrund.com\/?p=175498"},"modified":"2017-11-09T08:59:29","modified_gmt":"2017-11-09T10:59:29","slug":"villa-fasano-chega-a-sao-paulo","status":"publish","type":"post","link":"https:\/\/agrund.com\/index.php\/villa-fasano-chega-a-sao-paulo\/","title":{"rendered":"Villa Fasano chega a S\u00e3o Paulo"},"content":{"rendered":"<p>Procurando um vestido de festa? A Villa Fasano acaba de abrir a sua primeira loja em S\u00e3o Paulo, no bairro dos Jardins. A marca mineira chega trazendo do pr\u00eat-\u00e0-porter aos vestidos de festa e de noiva, feitos sob medida pelo estilista M\u00e1rio Fasano.<\/p>\n<p>Com 300 metros quadrados, a flagship store abriga as pe\u00e7as com bordados feitos \u00e0 m\u00e3o, rendas artesanais e tecidos exclusivos desenvolvidos internamente, que formam o DNA da marca.<\/p>\n<p>Junto com a loja, a marca trar\u00e1 para S\u00e3o Paulo uma a\u00e7\u00e3o social que j\u00e1 pratica com sucesso em Minas Gerais. Ela promove a inclus\u00e3o de mulheres de comunidades carentes no mercado de trabalho, oferecendo gratuitamente \u00e0 a elas maquin\u00e1rio e treinamento, para que desenvolvam o of\u00edcio de artes\u00e3s e se tornem fornecedoras da marca. Super bacana!<\/p>\n<div id=\"attachment_175500\" style=\"width: 610px\" class=\"wp-caption aligncenter\"><img aria-describedby=\"caption-attachment-175500\" data-attachment-id=\"175500\" data-permalink=\"https:\/\/agrund.com\/index.php\/villa-fasano-chega-a-sao-paulo\/v-18\/\" data-orig-file=\"https:\/\/i0.wp.com\/agrund.com\/wp-content\/uploads\/sites\/6\/2017\/11\/v.jpg?fit=600%2C809&amp;ssl=1\" data-orig-size=\"600,809\" data-comments-opened=\"1\" data-image-meta=\"{&quot;aperture&quot;:&quot;0&quot;,&quot;credit&quot;:&quot;&quot;,&quot;camera&quot;:&quot;&quot;,&quot;caption&quot;:&quot;&quot;,&quot;created_timestamp&quot;:&quot;0&quot;,&quot;copyright&quot;:&quot;&quot;,&quot;focal_length&quot;:&quot;0&quot;,&quot;iso&quot;:&quot;0&quot;,&quot;shutter_speed&quot;:&quot;0&quot;,&quot;title&quot;:&quot;&quot;,&quot;orientation&quot;:&quot;1&quot;}\" data-image-title=\"Villa Fasano chega a S\u00e3o Paulo\" data-image-description=\"\" data-image-caption=\"&lt;p&gt;Villa Fasano chega a S\u00e3o Paulo&lt;\/p&gt;\n\" data-medium-file=\"https:\/\/i0.wp.com\/agrund.com\/wp-content\/uploads\/sites\/6\/2017\/11\/v.jpg?fit=222%2C300&amp;ssl=1\" data-large-file=\"https:\/\/i0.wp.com\/agrund.com\/wp-content\/uploads\/sites\/6\/2017\/11\/v.jpg?fit=600%2C809&amp;ssl=1\" decoding=\"async\" loading=\"lazy\" class=\"size-full wp-image-175500\" src=\"https:\/\/i0.wp.com\/www.agrund.com\/wp-content\/uploads\/sites\/6\/2017\/11\/v.jpg?resize=600%2C809\" alt=\"\" width=\"600\" height=\"809\" srcset=\"https:\/\/i0.wp.com\/agrund.com\/wp-content\/uploads\/sites\/6\/2017\/11\/v.jpg?w=600&amp;ssl=1 600w, https:\/\/i0.wp.com\/agrund.com\/wp-content\/uploads\/sites\/6\/2017\/11\/v.jpg?resize=222%2C300&amp;ssl=1 222w\" sizes=\"(max-width: 600px) 100vw, 600px\" data-recalc-dims=\"1\" \/><p id=\"caption-attachment-175500\" class=\"wp-caption-text\">Villa Fasano chega a S\u00e3o Paulo<\/p><\/div>\n<div id=\"attachment_175502\" style=\"width: 610px\" class=\"wp-caption aligncenter\"><img aria-describedby=\"caption-attachment-175502\" data-attachment-id=\"175502\" data-permalink=\"https:\/\/agrund.com\/index.php\/villa-fasano-chega-a-sao-paulo\/vvv\/\" data-orig-file=\"https:\/\/i0.wp.com\/agrund.com\/wp-content\/uploads\/sites\/6\/2017\/11\/vvv.jpg?fit=600%2C914&amp;ssl=1\" data-orig-size=\"600,914\" data-comments-opened=\"1\" data-image-meta=\"{&quot;aperture&quot;:&quot;0&quot;,&quot;credit&quot;:&quot;&quot;,&quot;camera&quot;:&quot;&quot;,&quot;caption&quot;:&quot;&quot;,&quot;created_timestamp&quot;:&quot;0&quot;,&quot;copyright&quot;:&quot;&quot;,&quot;focal_length&quot;:&quot;0&quot;,&quot;iso&quot;:&quot;0&quot;,&quot;shutter_speed&quot;:&quot;0&quot;,&quot;title&quot;:&quot;&quot;,&quot;orientation&quot;:&quot;1&quot;}\" data-image-title=\"Villa Fasano chega a S\u00e3o Paulo\" data-image-description=\"\" data-image-caption=\"&lt;p&gt;Villa Fasano chega a S\u00e3o Paulo&lt;\/p&gt;\n\" data-medium-file=\"https:\/\/i0.wp.com\/agrund.com\/wp-content\/uploads\/sites\/6\/2017\/11\/vvv.jpg?fit=197%2C300&amp;ssl=1\" data-large-file=\"https:\/\/i0.wp.com\/agrund.com\/wp-content\/uploads\/sites\/6\/2017\/11\/vvv.jpg?fit=600%2C914&amp;ssl=1\" decoding=\"async\" loading=\"lazy\" class=\"size-full wp-image-175502\" src=\"https:\/\/i0.wp.com\/www.agrund.com\/wp-content\/uploads\/sites\/6\/2017\/11\/vvv.jpg?resize=600%2C914\" alt=\"\" width=\"600\" height=\"914\" srcset=\"https:\/\/i0.wp.com\/agrund.com\/wp-content\/uploads\/sites\/6\/2017\/11\/vvv.jpg?w=600&amp;ssl=1 600w, https:\/\/i0.wp.com\/agrund.com\/wp-content\/uploads\/sites\/6\/2017\/11\/vvv.jpg?resize=197%2C300&amp;ssl=1 197w\" sizes=\"(max-width: 600px) 100vw, 600px\" data-recalc-dims=\"1\" \/><p id=\"caption-attachment-175502\" class=\"wp-caption-text\">Villa Fasano chega a S\u00e3o Paulo<\/p><\/div>\n<div id=\"attachment_175501\" style=\"width: 610px\" class=\"wp-caption aligncenter\"><img aria-describedby=\"caption-attachment-175501\" data-attachment-id=\"175501\" data-permalink=\"https:\/\/agrund.com\/index.php\/villa-fasano-chega-a-sao-paulo\/vv\/\" data-orig-file=\"https:\/\/i0.wp.com\/agrund.com\/wp-content\/uploads\/sites\/6\/2017\/11\/vv.jpg?fit=600%2C924&amp;ssl=1\" data-orig-size=\"600,924\" data-comments-opened=\"1\" data-image-meta=\"{&quot;aperture&quot;:&quot;0&quot;,&quot;credit&quot;:&quot;&quot;,&quot;camera&quot;:&quot;&quot;,&quot;caption&quot;:&quot;&quot;,&quot;created_timestamp&quot;:&quot;0&quot;,&quot;copyright&quot;:&quot;&quot;,&quot;focal_length&quot;:&quot;0&quot;,&quot;iso&quot;:&quot;0&quot;,&quot;shutter_speed&quot;:&quot;0&quot;,&quot;title&quot;:&quot;&quot;,&quot;orientation&quot;:&quot;1&quot;}\" data-image-title=\"Villa Fasano chega a S\u00e3o Paulo\" data-image-description=\"\" data-image-caption=\"&lt;p&gt;Villa Fasano chega a S\u00e3o Paulo&lt;\/p&gt;\n\" data-medium-file=\"https:\/\/i0.wp.com\/agrund.com\/wp-content\/uploads\/sites\/6\/2017\/11\/vv.jpg?fit=195%2C300&amp;ssl=1\" data-large-file=\"https:\/\/i0.wp.com\/agrund.com\/wp-content\/uploads\/sites\/6\/2017\/11\/vv.jpg?fit=600%2C924&amp;ssl=1\" decoding=\"async\" loading=\"lazy\" class=\"size-full wp-image-175501\" src=\"https:\/\/i0.wp.com\/www.agrund.com\/wp-content\/uploads\/sites\/6\/2017\/11\/vv.jpg?resize=600%2C924\" alt=\"\" width=\"600\" height=\"924\" srcset=\"https:\/\/i0.wp.com\/agrund.com\/wp-content\/uploads\/sites\/6\/2017\/11\/vv.jpg?w=600&amp;ssl=1 600w, https:\/\/i0.wp.com\/agrund.com\/wp-content\/uploads\/sites\/6\/2017\/11\/vv.jpg?resize=195%2C300&amp;ssl=1 195w\" sizes=\"(max-width: 600px) 100vw, 600px\" data-recalc-dims=\"1\" \/><p id=\"caption-attachment-175501\" class=\"wp-caption-text\">Villa Fasano chega a S\u00e3o Paulo<\/p><\/div>\n<p>Fotos: Divulga\u00e7\u00e3o.<\/p>\n","protected":false},"excerpt":{"rendered":"<p>Procurando um vestido de festa? A Villa Fasano acaba de abrir a sua primeira loja em S\u00e3o Paulo, no bairro dos Jardins. A marca mineira chega trazendo do pr\u00eat-\u00e0-porter aos vestidos de festa e de noiva, feitos sob medida pelo estilista M\u00e1rio Fasano. Com 300 metros quadrados, a flagship store abriga as pe\u00e7as com bordados [&hellip;]<\/p>\n","protected":false},"author":8,"featured_media":175499,"comment_status":"open","ping_status":"open","sticky":false,"template":"","format":"standard","meta":{"jetpack_post_was_ever_published":false,"_jetpack_newsletter_access":"","jetpack_publicize_message":"","jetpack_is_tweetstorm":false,"jetpack_publicize_feature_enabled":true,"jetpack_social_post_already_shared":true,"jetpack_social_options":{"image_generator_settings":{"template":"highway","enabled":false}}},"categories":[2],"tags":[],"jetpack_publicize_connections":[],"jetpack_featured_media_url":"https:\/\/i0.wp.com\/agrund.com\/wp-content\/uploads\/sites\/6\/2017\/11\/ss-3.jpg?fit=960%2C300&ssl=1","jetpack_sharing_enabled":true,"jetpack_shortlink":"https:\/\/wp.me\/p3Hz0n-JEC","jetpack_likes_enabled":true,"_links":{"self":[{"href":"https:\/\/agrund.com\/index.php\/wp-json\/wp\/v2\/posts\/175498"}],"collection":[{"href":"https:\/\/agrund.com\/index.php\/wp-json\/wp\/v2\/posts"}],"about":[{"href":"https:\/\/agrund.com\/index.php\/wp-json\/wp\/v2\/types\/post"}],"author":[{"embeddable":true,"href":"https:\/\/agrund.com\/index.php\/wp-json\/wp\/v2\/users\/8"}],"replies":[{"embeddable":true,"href":"https:\/\/agrund.com\/index.php\/wp-json\/wp\/v2\/comments?post=175498"}],"version-history":[{"count":0,"href":"https:\/\/agrund.com\/index.php\/wp-json\/wp\/v2\/posts\/175498\/revisions"}],"wp:featuredmedia":[{"embeddable":true,"href":"https:\/\/agrund.com\/index.php\/wp-json\/wp\/v2\/media\/175499"}],"wp:attachment":[{"href":"https:\/\/agrund.com\/index.php\/wp-json\/wp\/v2\/media?parent=175498"}],"wp:term":[{"taxonomy":"category","embeddable":true,"href":"https:\/\/agrund.com\/index.php\/wp-json\/wp\/v2\/categories?post=175498"},{"taxonomy":"post_tag","embeddable":true,"href":"https:\/\/agrund.com\/index.php\/wp-json\/wp\/v2\/tags?post=175498"}],"curies":[{"name":"wp","href":"https:\/\/api.w.org\/{rel}","templated":true}]}}