{"id":175466,"date":"2017-11-08T18:00:58","date_gmt":"2017-11-08T20:00:58","guid":{"rendered":"http:\/\/www.agrund.com\/?p=175466"},"modified":"2017-11-08T11:57:22","modified_gmt":"2017-11-08T13:57:22","slug":"agenda-celebre-a-liberdade-de-expressao","status":"publish","type":"post","link":"https:\/\/agrund.com\/index.php\/agenda-celebre-a-liberdade-de-expressao\/","title":{"rendered":"Agenda :: Celebre a liberdade de express\u00e3o"},"content":{"rendered":"<p>A Ray-Ban tem como parte de sua identidade a liberdade de express\u00e3o e celebra\u00e7\u00e3o do estilo pr\u00f3prio. Tudo isso foi muito bem traduzido na linha \u2018Blaze\u2019, que foi lan\u00e7ada neste ano, e conta com reinterpreta\u00e7\u00f5es de modelos ic\u00f4nicos da marca. Mas n\u00e3o vai parar por a\u00ed!<\/p>\n<p>Agora, a marca prepara uma festa em S\u00e3o Paulo para celebrar esta linha com o p\u00fablico. No pr\u00f3ximo dia 25 de novembro, a #BlazeYourself ir\u00e1 receber os shows do m\u00fasico Jaloo e da dupla Tropkillaz, al\u00e9m dos Djs do selo de festas \u2018Selvagem\u2019. O evento promete inspirar os convidados com uma experi\u00eancia ousada, aut\u00eantica e iluminada.<\/p>\n<p>Gostou? Para participar da festa voc\u00ea deve se inscrever no site at\u00e9 o dia 14 de novembro.<\/p>\n<div id=\"attachment_175468\" style=\"width: 610px\" class=\"wp-caption aligncenter\"><img aria-describedby=\"caption-attachment-175468\" data-attachment-id=\"175468\" data-permalink=\"https:\/\/agrund.com\/index.php\/agenda-celebre-a-liberdade-de-expressao\/luxotica_ray_ban_0012\/\" data-orig-file=\"https:\/\/i0.wp.com\/agrund.com\/wp-content\/uploads\/sites\/6\/2017\/11\/LUXOTICA_RAY_BAN_0012-e1510149404183.jpg?fit=600%2C338&amp;ssl=1\" data-orig-size=\"600,338\" data-comments-opened=\"1\" data-image-meta=\"{&quot;aperture&quot;:&quot;0&quot;,&quot;credit&quot;:&quot;&quot;,&quot;camera&quot;:&quot;&quot;,&quot;caption&quot;:&quot;&quot;,&quot;created_timestamp&quot;:&quot;0&quot;,&quot;copyright&quot;:&quot;&quot;,&quot;focal_length&quot;:&quot;0&quot;,&quot;iso&quot;:&quot;0&quot;,&quot;shutter_speed&quot;:&quot;0&quot;,&quot;title&quot;:&quot;&quot;,&quot;orientation&quot;:&quot;1&quot;}\" data-image-title=\"Agenda :: Celebre a liberdade de express\u00e3o\" data-image-description=\"\" data-image-caption=\"&lt;p&gt;Agenda :: Celebre a liberdade de express\u00e3o&lt;\/p&gt;\n\" data-medium-file=\"https:\/\/i0.wp.com\/agrund.com\/wp-content\/uploads\/sites\/6\/2017\/11\/LUXOTICA_RAY_BAN_0012-e1510149404183.jpg?fit=300%2C169&amp;ssl=1\" data-large-file=\"https:\/\/i0.wp.com\/agrund.com\/wp-content\/uploads\/sites\/6\/2017\/11\/LUXOTICA_RAY_BAN_0012-e1510149404183.jpg?fit=1024%2C576&amp;ssl=1\" decoding=\"async\" loading=\"lazy\" class=\"size-full wp-image-175468\" src=\"https:\/\/i0.wp.com\/www.agrund.com\/wp-content\/uploads\/sites\/6\/2017\/11\/LUXOTICA_RAY_BAN_0012-e1510149404183.jpg?resize=600%2C338\" alt=\"\" width=\"600\" height=\"338\" data-recalc-dims=\"1\" \/><p id=\"caption-attachment-175468\" class=\"wp-caption-text\">Agenda :: Celebre a liberdade de express\u00e3o<\/p><\/div>\n<div id=\"attachment_175467\" style=\"width: 610px\" class=\"wp-caption aligncenter\"><img aria-describedby=\"caption-attachment-175467\" data-attachment-id=\"175467\" data-permalink=\"https:\/\/agrund.com\/index.php\/agenda-celebre-a-liberdade-de-expressao\/luxotica_ray_ban_0001\/\" data-orig-file=\"https:\/\/i0.wp.com\/agrund.com\/wp-content\/uploads\/sites\/6\/2017\/11\/LUXOTICA_RAY_BAN_0001-e1510149418664.jpg?fit=600%2C338&amp;ssl=1\" data-orig-size=\"600,338\" data-comments-opened=\"1\" data-image-meta=\"{&quot;aperture&quot;:&quot;0&quot;,&quot;credit&quot;:&quot;&quot;,&quot;camera&quot;:&quot;&quot;,&quot;caption&quot;:&quot;&quot;,&quot;created_timestamp&quot;:&quot;0&quot;,&quot;copyright&quot;:&quot;&quot;,&quot;focal_length&quot;:&quot;0&quot;,&quot;iso&quot;:&quot;0&quot;,&quot;shutter_speed&quot;:&quot;0&quot;,&quot;title&quot;:&quot;&quot;,&quot;orientation&quot;:&quot;1&quot;}\" data-image-title=\"Agenda :: Celebre a liberdade de express\u00e3o\" data-image-description=\"\" data-image-caption=\"&lt;p&gt;Agenda :: Celebre a liberdade de express\u00e3o&lt;\/p&gt;\n\" data-medium-file=\"https:\/\/i0.wp.com\/agrund.com\/wp-content\/uploads\/sites\/6\/2017\/11\/LUXOTICA_RAY_BAN_0001-e1510149418664.jpg?fit=300%2C169&amp;ssl=1\" data-large-file=\"https:\/\/i0.wp.com\/agrund.com\/wp-content\/uploads\/sites\/6\/2017\/11\/LUXOTICA_RAY_BAN_0001-e1510149418664.jpg?fit=1024%2C576&amp;ssl=1\" decoding=\"async\" loading=\"lazy\" class=\"size-full wp-image-175467\" src=\"https:\/\/i0.wp.com\/www.agrund.com\/wp-content\/uploads\/sites\/6\/2017\/11\/LUXOTICA_RAY_BAN_0001-e1510149418664.jpg?resize=600%2C338\" alt=\"\" width=\"600\" height=\"338\" data-recalc-dims=\"1\" \/><p id=\"caption-attachment-175467\" class=\"wp-caption-text\">Agenda :: Celebre a liberdade de express\u00e3o<\/p><\/div>\n<p><strong>Servi\u00e7o:<\/strong><br \/>\n<strong>#BLAZEYOURSELF\u00a0<\/strong><br \/>\nData: 25 de novembro, s\u00e1bado \u2013 a partir das 17 horas at\u00e9 meia noite<br \/>\nLocal: Rooftop 5<br \/>\nAtra\u00e7\u00f5es: Selvagem, Jaloo e Tropkillaz<br \/>\nProibida a entrada de menores de idade no evento.<\/p>\n<p>Fotos: Divulga\u00e7\u00e3o.<\/p>\n","protected":false},"excerpt":{"rendered":"<p>A Ray-Ban tem como parte de sua identidade a liberdade de express\u00e3o e celebra\u00e7\u00e3o do estilo pr\u00f3prio. Tudo isso foi muito bem traduzido na linha \u2018Blaze\u2019, que foi lan\u00e7ada neste ano, e conta com reinterpreta\u00e7\u00f5es de modelos ic\u00f4nicos da marca. Mas n\u00e3o vai parar por a\u00ed! Agora, a marca prepara uma festa em S\u00e3o Paulo [&hellip;]<\/p>\n","protected":false},"author":8,"featured_media":175469,"comment_status":"open","ping_status":"open","sticky":false,"template":"","format":"standard","meta":{"jetpack_post_was_ever_published":false,"_jetpack_newsletter_access":"","jetpack_publicize_message":"","jetpack_is_tweetstorm":false,"jetpack_publicize_feature_enabled":true,"jetpack_social_post_already_shared":true,"jetpack_social_options":{"image_generator_settings":{"template":"highway","enabled":false}}},"categories":[2],"tags":[],"jetpack_publicize_connections":[],"jetpack_featured_media_url":"https:\/\/i0.wp.com\/agrund.com\/wp-content\/uploads\/sites\/6\/2017\/11\/s-27.jpg?fit=960%2C300&ssl=1","jetpack_sharing_enabled":true,"jetpack_shortlink":"https:\/\/wp.me\/p3Hz0n-JE6","jetpack_likes_enabled":true,"_links":{"self":[{"href":"https:\/\/agrund.com\/index.php\/wp-json\/wp\/v2\/posts\/175466"}],"collection":[{"href":"https:\/\/agrund.com\/index.php\/wp-json\/wp\/v2\/posts"}],"about":[{"href":"https:\/\/agrund.com\/index.php\/wp-json\/wp\/v2\/types\/post"}],"author":[{"embeddable":true,"href":"https:\/\/agrund.com\/index.php\/wp-json\/wp\/v2\/users\/8"}],"replies":[{"embeddable":true,"href":"https:\/\/agrund.com\/index.php\/wp-json\/wp\/v2\/comments?post=175466"}],"version-history":[{"count":0,"href":"https:\/\/agrund.com\/index.php\/wp-json\/wp\/v2\/posts\/175466\/revisions"}],"wp:featuredmedia":[{"embeddable":true,"href":"https:\/\/agrund.com\/index.php\/wp-json\/wp\/v2\/media\/175469"}],"wp:attachment":[{"href":"https:\/\/agrund.com\/index.php\/wp-json\/wp\/v2\/media?parent=175466"}],"wp:term":[{"taxonomy":"category","embeddable":true,"href":"https:\/\/agrund.com\/index.php\/wp-json\/wp\/v2\/categories?post=175466"},{"taxonomy":"post_tag","embeddable":true,"href":"https:\/\/agrund.com\/index.php\/wp-json\/wp\/v2\/tags?post=175466"}],"curies":[{"name":"wp","href":"https:\/\/api.w.org\/{rel}","templated":true}]}}