{"id":175462,"date":"2017-11-08T17:00:38","date_gmt":"2017-11-08T19:00:38","guid":{"rendered":"http:\/\/www.agrund.com\/?p=175462"},"modified":"2017-11-08T11:52:41","modified_gmt":"2017-11-08T13:52:41","slug":"os-oculos-escuros-de-anne-hathaway","status":"publish","type":"post","link":"https:\/\/agrund.com\/index.php\/os-oculos-escuros-de-anne-hathaway\/","title":{"rendered":"Os \u00f3culos escuros de Anne Hathaway"},"content":{"rendered":"<p>Sempre temos aqueles acess\u00f3rios favoritos que adoramos repetir. No caso de Anne Hathaway, ela j\u00e1 elegeu seus \u00f3culos escuros favoritos do momento.<\/p>\n<p>Vimos algumas fotos da atriz usando um modelo marrom com arma\u00e7\u00e3o grande e lentes em degrad\u00ea. Ficou curiosa para saber qual a marca? N\u00f3s descobrimos! Os \u00f3culos em quest\u00e3o s\u00e3o da Salvatore Ferragamo.<\/p>\n<p>Voc\u00ea usaria?<\/p>\n<div id=\"attachment_175463\" style=\"width: 610px\" class=\"wp-caption aligncenter\"><img aria-describedby=\"caption-attachment-175463\" data-attachment-id=\"175463\" data-permalink=\"https:\/\/agrund.com\/index.php\/os-oculos-escuros-de-anne-hathaway\/ann\/\" data-orig-file=\"https:\/\/i0.wp.com\/agrund.com\/wp-content\/uploads\/sites\/6\/2017\/11\/ann-e1510149101465.jpg?fit=600%2C450&amp;ssl=1\" data-orig-size=\"600,450\" data-comments-opened=\"1\" data-image-meta=\"{&quot;aperture&quot;:&quot;0&quot;,&quot;credit&quot;:&quot;&quot;,&quot;camera&quot;:&quot;&quot;,&quot;caption&quot;:&quot;&quot;,&quot;created_timestamp&quot;:&quot;0&quot;,&quot;copyright&quot;:&quot;&quot;,&quot;focal_length&quot;:&quot;0&quot;,&quot;iso&quot;:&quot;0&quot;,&quot;shutter_speed&quot;:&quot;0&quot;,&quot;title&quot;:&quot;&quot;,&quot;orientation&quot;:&quot;0&quot;}\" data-image-title=\"Os \u00f3culos escuros de Anne Hathaway\" data-image-description=\"\" data-image-caption=\"&lt;p&gt;Os \u00f3culos escuros de Anne Hathaway&lt;\/p&gt;\n\" data-medium-file=\"https:\/\/i0.wp.com\/agrund.com\/wp-content\/uploads\/sites\/6\/2017\/11\/ann-e1510149101465.jpg?fit=300%2C225&amp;ssl=1\" data-large-file=\"https:\/\/i0.wp.com\/agrund.com\/wp-content\/uploads\/sites\/6\/2017\/11\/ann-e1510149101465.jpg?fit=600%2C450&amp;ssl=1\" decoding=\"async\" loading=\"lazy\" class=\"size-full wp-image-175463\" src=\"https:\/\/i0.wp.com\/www.agrund.com\/wp-content\/uploads\/sites\/6\/2017\/11\/ann-e1510149101465.jpg?resize=600%2C450\" alt=\"\" width=\"600\" height=\"450\" data-recalc-dims=\"1\" \/><p id=\"caption-attachment-175463\" class=\"wp-caption-text\">Os \u00f3culos escuros de Anne Hathaway<\/p><\/div>\n<p>Fotos: Reprodu\u00e7\u00e3o.<\/p>\n","protected":false},"excerpt":{"rendered":"<p>Sempre temos aqueles acess\u00f3rios favoritos que adoramos repetir. No caso de Anne Hathaway, ela j\u00e1 elegeu seus \u00f3culos escuros favoritos do momento. Vimos algumas fotos da atriz usando um modelo marrom com arma\u00e7\u00e3o grande e lentes em degrad\u00ea. Ficou curiosa para saber qual a marca? N\u00f3s descobrimos! Os \u00f3culos em quest\u00e3o s\u00e3o da Salvatore Ferragamo. [&hellip;]<\/p>\n","protected":false},"author":8,"featured_media":175464,"comment_status":"open","ping_status":"open","sticky":false,"template":"","format":"standard","meta":{"jetpack_post_was_ever_published":false,"_jetpack_newsletter_access":"","jetpack_publicize_message":"","jetpack_is_tweetstorm":false,"jetpack_publicize_feature_enabled":true,"jetpack_social_post_already_shared":true,"jetpack_social_options":{"image_generator_settings":{"template":"highway","enabled":false}}},"categories":[2],"tags":[],"jetpack_publicize_connections":[],"jetpack_featured_media_url":"https:\/\/i0.wp.com\/agrund.com\/wp-content\/uploads\/sites\/6\/2017\/11\/ss-2.jpg?fit=960%2C300&ssl=1","jetpack_sharing_enabled":true,"jetpack_shortlink":"https:\/\/wp.me\/p3Hz0n-JE2","jetpack_likes_enabled":true,"_links":{"self":[{"href":"https:\/\/agrund.com\/index.php\/wp-json\/wp\/v2\/posts\/175462"}],"collection":[{"href":"https:\/\/agrund.com\/index.php\/wp-json\/wp\/v2\/posts"}],"about":[{"href":"https:\/\/agrund.com\/index.php\/wp-json\/wp\/v2\/types\/post"}],"author":[{"embeddable":true,"href":"https:\/\/agrund.com\/index.php\/wp-json\/wp\/v2\/users\/8"}],"replies":[{"embeddable":true,"href":"https:\/\/agrund.com\/index.php\/wp-json\/wp\/v2\/comments?post=175462"}],"version-history":[{"count":0,"href":"https:\/\/agrund.com\/index.php\/wp-json\/wp\/v2\/posts\/175462\/revisions"}],"wp:featuredmedia":[{"embeddable":true,"href":"https:\/\/agrund.com\/index.php\/wp-json\/wp\/v2\/media\/175464"}],"wp:attachment":[{"href":"https:\/\/agrund.com\/index.php\/wp-json\/wp\/v2\/media?parent=175462"}],"wp:term":[{"taxonomy":"category","embeddable":true,"href":"https:\/\/agrund.com\/index.php\/wp-json\/wp\/v2\/categories?post=175462"},{"taxonomy":"post_tag","embeddable":true,"href":"https:\/\/agrund.com\/index.php\/wp-json\/wp\/v2\/tags?post=175462"}],"curies":[{"name":"wp","href":"https:\/\/api.w.org\/{rel}","templated":true}]}}