{"id":175437,"date":"2017-11-08T11:00:07","date_gmt":"2017-11-08T13:00:07","guid":{"rendered":"http:\/\/www.agrund.com\/?p=175437"},"modified":"2017-11-08T09:35:17","modified_gmt":"2017-11-08T11:35:17","slug":"mac-anuncia-parceria-com-youtuber-de-beleza","status":"publish","type":"post","link":"https:\/\/agrund.com\/index.php\/mac-anuncia-parceria-com-youtuber-de-beleza\/","title":{"rendered":"MAC anuncia parceria com youtuber de beleza"},"content":{"rendered":"<p>Aten\u00e7\u00e3o, amantes de maquiagem! A MAC acaba de anunciar uma parceria com o Youtuber e blogueiro de beleza Patrick Starrr. Com tr\u00eas milh\u00f5es de inscritos em seu canal e famoso por \u2018transformar\u2019 seus amigos em outras pessoas apenas com a maquiagem, o Youtuber n\u00e3o ir\u00e1 assinar apenas uma cole\u00e7\u00e3o mas, sim, cinco!<\/p>\n<p>As makes ser\u00e3o lan\u00e7adas ao longo de 2018, sendo que a primeira deve chegar \u00e0s lojas a tempo do Natal, com itens indispens\u00e1veis para a necessaire.<\/p>\n<p>J\u00e1 conseguem imaginar quais produtos ser\u00e3o lan\u00e7ados? Vamos aguardar!<\/p>\n<div id=\"attachment_175438\" style=\"width: 610px\" class=\"wp-caption aligncenter\"><img aria-describedby=\"caption-attachment-175438\" data-attachment-id=\"175438\" data-permalink=\"https:\/\/agrund.com\/index.php\/mac-anuncia-parceria-com-youtuber-de-beleza\/1-1147\/\" data-orig-file=\"https:\/\/i0.wp.com\/agrund.com\/wp-content\/uploads\/sites\/6\/2017\/11\/1-7.jpg?fit=710%2C473&amp;ssl=1\" data-orig-size=\"710,473\" data-comments-opened=\"1\" data-image-meta=\"{&quot;aperture&quot;:&quot;0&quot;,&quot;credit&quot;:&quot;&quot;,&quot;camera&quot;:&quot;&quot;,&quot;caption&quot;:&quot;&quot;,&quot;created_timestamp&quot;:&quot;0&quot;,&quot;copyright&quot;:&quot;&quot;,&quot;focal_length&quot;:&quot;0&quot;,&quot;iso&quot;:&quot;0&quot;,&quot;shutter_speed&quot;:&quot;0&quot;,&quot;title&quot;:&quot;&quot;,&quot;orientation&quot;:&quot;0&quot;}\" data-image-title=\"MAC anuncia parceria com youtuber de beleza\" data-image-description=\"\" data-image-caption=\"&lt;p&gt;MAC anuncia parceria com youtuber de beleza&lt;\/p&gt;\n\" data-medium-file=\"https:\/\/i0.wp.com\/agrund.com\/wp-content\/uploads\/sites\/6\/2017\/11\/1-7.jpg?fit=300%2C200&amp;ssl=1\" data-large-file=\"https:\/\/i0.wp.com\/agrund.com\/wp-content\/uploads\/sites\/6\/2017\/11\/1-7.jpg?fit=710%2C473&amp;ssl=1\" decoding=\"async\" loading=\"lazy\" class=\"wp-image-175438\" src=\"https:\/\/i0.wp.com\/www.agrund.com\/wp-content\/uploads\/sites\/6\/2017\/11\/1-7.jpg?resize=600%2C400\" alt=\"\" width=\"600\" height=\"400\" srcset=\"https:\/\/i0.wp.com\/agrund.com\/wp-content\/uploads\/sites\/6\/2017\/11\/1-7.jpg?w=710&amp;ssl=1 710w, https:\/\/i0.wp.com\/agrund.com\/wp-content\/uploads\/sites\/6\/2017\/11\/1-7.jpg?resize=300%2C200&amp;ssl=1 300w\" sizes=\"(max-width: 600px) 100vw, 600px\" data-recalc-dims=\"1\" \/><p id=\"caption-attachment-175438\" class=\"wp-caption-text\">MAC anuncia parceria com youtuber de beleza<\/p><\/div>\n<p>Foto: Reprodu\u00e7\u00e3o.<\/p>\n","protected":false},"excerpt":{"rendered":"<p>Aten\u00e7\u00e3o, amantes de maquiagem! A MAC acaba de anunciar uma parceria com o Youtuber e blogueiro de beleza Patrick Starrr. Com tr\u00eas milh\u00f5es de inscritos em seu canal e famoso por \u2018transformar\u2019 seus amigos em outras pessoas apenas com a maquiagem, o Youtuber n\u00e3o ir\u00e1 assinar apenas uma cole\u00e7\u00e3o mas, sim, cinco! As makes ser\u00e3o [&hellip;]<\/p>\n","protected":false},"author":8,"featured_media":175439,"comment_status":"open","ping_status":"open","sticky":false,"template":"","format":"standard","meta":{"jetpack_post_was_ever_published":false,"_jetpack_newsletter_access":"","jetpack_publicize_message":"","jetpack_is_tweetstorm":false,"jetpack_publicize_feature_enabled":true,"jetpack_social_post_already_shared":true,"jetpack_social_options":{"image_generator_settings":{"template":"highway","enabled":false}}},"categories":[2],"tags":[],"jetpack_publicize_connections":[],"jetpack_featured_media_url":"https:\/\/i0.wp.com\/agrund.com\/wp-content\/uploads\/sites\/6\/2017\/11\/s-23.jpg?fit=960%2C300&ssl=1","jetpack_sharing_enabled":true,"jetpack_shortlink":"https:\/\/wp.me\/p3Hz0n-JDD","jetpack_likes_enabled":true,"_links":{"self":[{"href":"https:\/\/agrund.com\/index.php\/wp-json\/wp\/v2\/posts\/175437"}],"collection":[{"href":"https:\/\/agrund.com\/index.php\/wp-json\/wp\/v2\/posts"}],"about":[{"href":"https:\/\/agrund.com\/index.php\/wp-json\/wp\/v2\/types\/post"}],"author":[{"embeddable":true,"href":"https:\/\/agrund.com\/index.php\/wp-json\/wp\/v2\/users\/8"}],"replies":[{"embeddable":true,"href":"https:\/\/agrund.com\/index.php\/wp-json\/wp\/v2\/comments?post=175437"}],"version-history":[{"count":0,"href":"https:\/\/agrund.com\/index.php\/wp-json\/wp\/v2\/posts\/175437\/revisions"}],"wp:featuredmedia":[{"embeddable":true,"href":"https:\/\/agrund.com\/index.php\/wp-json\/wp\/v2\/media\/175439"}],"wp:attachment":[{"href":"https:\/\/agrund.com\/index.php\/wp-json\/wp\/v2\/media?parent=175437"}],"wp:term":[{"taxonomy":"category","embeddable":true,"href":"https:\/\/agrund.com\/index.php\/wp-json\/wp\/v2\/categories?post=175437"},{"taxonomy":"post_tag","embeddable":true,"href":"https:\/\/agrund.com\/index.php\/wp-json\/wp\/v2\/tags?post=175437"}],"curies":[{"name":"wp","href":"https:\/\/api.w.org\/{rel}","templated":true}]}}