{"id":175403,"date":"2017-11-07T13:00:04","date_gmt":"2017-11-07T15:00:04","guid":{"rendered":"http:\/\/www.agrund.com\/?p=175403"},"modified":"2017-11-07T09:21:50","modified_gmt":"2017-11-07T11:21:50","slug":"alicia-vikander-fotografa-de-biquini-para-a-louis-vuitton","status":"publish","type":"post","link":"https:\/\/agrund.com\/index.php\/alicia-vikander-fotografa-de-biquini-para-a-louis-vuitton\/","title":{"rendered":"Alicia Vikander fotografa de biqu\u00edni para a Louis Vuitton"},"content":{"rendered":"<p>Alicia Vikander est\u00e1 de volta para mais uma campanha da Louis Vuitton. Desta vez a atriz \u00e9 o rosto da cole\u00e7\u00e3o Cruise 2018, com foto de biqu\u00edni e tudo.<\/p>\n<p>Com uma praia e um belo dia de ver\u00e3o como cen\u00e1rio, os cliques apresentam tamb\u00e9m as novas bolsas Capucines PM and Twist MM. Alicia posa super confort\u00e1vel com saias, cropped tops e bon\u00e9s.<\/p>\n<p>A fotografia \u00e9 de Patrick Demarchelier e voc\u00ea confere na galeria abaixo:<\/p>\n<div id=\"attachment_175404\" style=\"width: 610px\" class=\"wp-caption aligncenter\"><img aria-describedby=\"caption-attachment-175404\" data-attachment-id=\"175404\" data-permalink=\"https:\/\/agrund.com\/index.php\/alicia-vikander-fotografa-de-biquini-para-a-louis-vuitton\/alicia-vikander-louis-vuitton-cruise-2018-campaign12287\/\" data-orig-file=\"https:\/\/i0.wp.com\/agrund.com\/wp-content\/uploads\/sites\/6\/2017\/11\/Alicia-Vikander-Louis-Vuitton-Cruise-2018-Campaign12287-e1510053570851.jpg?fit=600%2C338&amp;ssl=1\" data-orig-size=\"600,338\" data-comments-opened=\"1\" data-image-meta=\"{&quot;aperture&quot;:&quot;0&quot;,&quot;credit&quot;:&quot;&quot;,&quot;camera&quot;:&quot;&quot;,&quot;caption&quot;:&quot;&quot;,&quot;created_timestamp&quot;:&quot;0&quot;,&quot;copyright&quot;:&quot;&quot;,&quot;focal_length&quot;:&quot;0&quot;,&quot;iso&quot;:&quot;0&quot;,&quot;shutter_speed&quot;:&quot;0&quot;,&quot;title&quot;:&quot;&quot;,&quot;orientation&quot;:&quot;1&quot;}\" data-image-title=\"Alicia Vikander fotografa de biqu\u00edni para a Louis Vuitton\" data-image-description=\"\" data-image-caption=\"&lt;p&gt;Alicia Vikander fotografa de biqu\u00edni para a Louis Vuitton&lt;\/p&gt;\n\" data-medium-file=\"https:\/\/i0.wp.com\/agrund.com\/wp-content\/uploads\/sites\/6\/2017\/11\/Alicia-Vikander-Louis-Vuitton-Cruise-2018-Campaign12287-e1510053570851.jpg?fit=300%2C169&amp;ssl=1\" data-large-file=\"https:\/\/i0.wp.com\/agrund.com\/wp-content\/uploads\/sites\/6\/2017\/11\/Alicia-Vikander-Louis-Vuitton-Cruise-2018-Campaign12287-e1510053570851.jpg?fit=600%2C338&amp;ssl=1\" decoding=\"async\" loading=\"lazy\" class=\"size-full wp-image-175404\" src=\"https:\/\/i0.wp.com\/www.agrund.com\/wp-content\/uploads\/sites\/6\/2017\/11\/Alicia-Vikander-Louis-Vuitton-Cruise-2018-Campaign12287-e1510053570851.jpg?resize=600%2C338\" alt=\"\" width=\"600\" height=\"338\" data-recalc-dims=\"1\" \/><p id=\"caption-attachment-175404\" class=\"wp-caption-text\">Alicia Vikander fotografa de biqu\u00edni para a Louis Vuitton<\/p><\/div>\n<div id=\"attachment_175405\" style=\"width: 610px\" class=\"wp-caption aligncenter\"><img aria-describedby=\"caption-attachment-175405\" data-attachment-id=\"175405\" data-permalink=\"https:\/\/agrund.com\/index.php\/alicia-vikander-fotografa-de-biquini-para-a-louis-vuitton\/alicia-vikander-louis-vuitton-cruise-2018-campaign35543\/\" data-orig-file=\"https:\/\/i0.wp.com\/agrund.com\/wp-content\/uploads\/sites\/6\/2017\/11\/Alicia-Vikander-Louis-Vuitton-Cruise-2018-Campaign35543-e1510053597585.jpg?fit=600%2C338&amp;ssl=1\" data-orig-size=\"600,338\" data-comments-opened=\"1\" data-image-meta=\"{&quot;aperture&quot;:&quot;0&quot;,&quot;credit&quot;:&quot;&quot;,&quot;camera&quot;:&quot;&quot;,&quot;caption&quot;:&quot;&quot;,&quot;created_timestamp&quot;:&quot;0&quot;,&quot;copyright&quot;:&quot;&quot;,&quot;focal_length&quot;:&quot;0&quot;,&quot;iso&quot;:&quot;0&quot;,&quot;shutter_speed&quot;:&quot;0&quot;,&quot;title&quot;:&quot;&quot;,&quot;orientation&quot;:&quot;1&quot;}\" data-image-title=\"Alicia Vikander fotografa de biqu\u00edni para a Louis Vuitton\" data-image-description=\"\" data-image-caption=\"&lt;p&gt;Alicia Vikander fotografa de biqu\u00edni para a Louis Vuitton&lt;\/p&gt;\n\" data-medium-file=\"https:\/\/i0.wp.com\/agrund.com\/wp-content\/uploads\/sites\/6\/2017\/11\/Alicia-Vikander-Louis-Vuitton-Cruise-2018-Campaign35543-e1510053597585.jpg?fit=300%2C169&amp;ssl=1\" data-large-file=\"https:\/\/i0.wp.com\/agrund.com\/wp-content\/uploads\/sites\/6\/2017\/11\/Alicia-Vikander-Louis-Vuitton-Cruise-2018-Campaign35543-e1510053597585.jpg?fit=600%2C338&amp;ssl=1\" decoding=\"async\" loading=\"lazy\" class=\"size-full wp-image-175405\" src=\"https:\/\/i0.wp.com\/www.agrund.com\/wp-content\/uploads\/sites\/6\/2017\/11\/Alicia-Vikander-Louis-Vuitton-Cruise-2018-Campaign35543-e1510053597585.jpg?resize=600%2C338\" alt=\"\" width=\"600\" height=\"338\" data-recalc-dims=\"1\" \/><p id=\"caption-attachment-175405\" class=\"wp-caption-text\">Alicia Vikander fotografa de biqu\u00edni para a Louis Vuitton<\/p><\/div>\n<div id=\"attachment_175406\" style=\"width: 610px\" class=\"wp-caption aligncenter\"><img aria-describedby=\"caption-attachment-175406\" data-attachment-id=\"175406\" data-permalink=\"https:\/\/agrund.com\/index.php\/alicia-vikander-fotografa-de-biquini-para-a-louis-vuitton\/alicia-vikander-louis-vuitton-cruise-2018-campaign48942\/\" data-orig-file=\"https:\/\/i0.wp.com\/agrund.com\/wp-content\/uploads\/sites\/6\/2017\/11\/Alicia-Vikander-Louis-Vuitton-Cruise-2018-Campaign48942-e1510053610292.jpg?fit=600%2C750&amp;ssl=1\" data-orig-size=\"600,750\" data-comments-opened=\"1\" data-image-meta=\"{&quot;aperture&quot;:&quot;0&quot;,&quot;credit&quot;:&quot;&quot;,&quot;camera&quot;:&quot;&quot;,&quot;caption&quot;:&quot;&quot;,&quot;created_timestamp&quot;:&quot;0&quot;,&quot;copyright&quot;:&quot;&quot;,&quot;focal_length&quot;:&quot;0&quot;,&quot;iso&quot;:&quot;0&quot;,&quot;shutter_speed&quot;:&quot;0&quot;,&quot;title&quot;:&quot;&quot;,&quot;orientation&quot;:&quot;1&quot;}\" data-image-title=\"Alicia Vikander fotografa de biqu\u00edni para a Louis Vuitton\" data-image-description=\"\" data-image-caption=\"&lt;p&gt;Alicia Vikander fotografa de biqu\u00edni para a Louis Vuitton&lt;\/p&gt;\n\" data-medium-file=\"https:\/\/i0.wp.com\/agrund.com\/wp-content\/uploads\/sites\/6\/2017\/11\/Alicia-Vikander-Louis-Vuitton-Cruise-2018-Campaign48942-e1510053610292.jpg?fit=240%2C300&amp;ssl=1\" data-large-file=\"https:\/\/i0.wp.com\/agrund.com\/wp-content\/uploads\/sites\/6\/2017\/11\/Alicia-Vikander-Louis-Vuitton-Cruise-2018-Campaign48942-e1510053610292.jpg?fit=600%2C750&amp;ssl=1\" decoding=\"async\" loading=\"lazy\" class=\"size-full wp-image-175406\" src=\"https:\/\/i0.wp.com\/www.agrund.com\/wp-content\/uploads\/sites\/6\/2017\/11\/Alicia-Vikander-Louis-Vuitton-Cruise-2018-Campaign48942-e1510053610292.jpg?resize=600%2C750\" alt=\"\" width=\"600\" height=\"750\" data-recalc-dims=\"1\" \/><p id=\"caption-attachment-175406\" class=\"wp-caption-text\">Alicia Vikander fotografa de biqu\u00edni para a Louis Vuitton<\/p><\/div>\n<p>Fotos: Reprodu\u00e7\u00e3o.<\/p>\n","protected":false},"excerpt":{"rendered":"<p>Alicia Vikander est\u00e1 de volta para mais uma campanha da Louis Vuitton. Desta vez a atriz \u00e9 o rosto da cole\u00e7\u00e3o Cruise 2018, com foto de biqu\u00edni e tudo. Com uma praia e um belo dia de ver\u00e3o como cen\u00e1rio, os cliques apresentam tamb\u00e9m as novas bolsas Capucines PM and Twist MM. Alicia posa super [&hellip;]<\/p>\n","protected":false},"author":8,"featured_media":175407,"comment_status":"open","ping_status":"open","sticky":false,"template":"","format":"standard","meta":{"jetpack_post_was_ever_published":false,"_jetpack_newsletter_access":"","jetpack_publicize_message":"","jetpack_is_tweetstorm":false,"jetpack_publicize_feature_enabled":true,"jetpack_social_post_already_shared":true,"jetpack_social_options":{"image_generator_settings":{"template":"highway","enabled":false}}},"categories":[2],"tags":[],"jetpack_publicize_connections":[],"jetpack_featured_media_url":"https:\/\/i0.wp.com\/agrund.com\/wp-content\/uploads\/sites\/6\/2017\/11\/s-18.jpg?fit=960%2C300&ssl=1","jetpack_sharing_enabled":true,"jetpack_shortlink":"https:\/\/wp.me\/p3Hz0n-JD5","jetpack_likes_enabled":true,"_links":{"self":[{"href":"https:\/\/agrund.com\/index.php\/wp-json\/wp\/v2\/posts\/175403"}],"collection":[{"href":"https:\/\/agrund.com\/index.php\/wp-json\/wp\/v2\/posts"}],"about":[{"href":"https:\/\/agrund.com\/index.php\/wp-json\/wp\/v2\/types\/post"}],"author":[{"embeddable":true,"href":"https:\/\/agrund.com\/index.php\/wp-json\/wp\/v2\/users\/8"}],"replies":[{"embeddable":true,"href":"https:\/\/agrund.com\/index.php\/wp-json\/wp\/v2\/comments?post=175403"}],"version-history":[{"count":0,"href":"https:\/\/agrund.com\/index.php\/wp-json\/wp\/v2\/posts\/175403\/revisions"}],"wp:featuredmedia":[{"embeddable":true,"href":"https:\/\/agrund.com\/index.php\/wp-json\/wp\/v2\/media\/175407"}],"wp:attachment":[{"href":"https:\/\/agrund.com\/index.php\/wp-json\/wp\/v2\/media?parent=175403"}],"wp:term":[{"taxonomy":"category","embeddable":true,"href":"https:\/\/agrund.com\/index.php\/wp-json\/wp\/v2\/categories?post=175403"},{"taxonomy":"post_tag","embeddable":true,"href":"https:\/\/agrund.com\/index.php\/wp-json\/wp\/v2\/tags?post=175403"}],"curies":[{"name":"wp","href":"https:\/\/api.w.org\/{rel}","templated":true}]}}