{"id":175397,"date":"2017-11-07T11:00:44","date_gmt":"2017-11-07T13:00:44","guid":{"rendered":"http:\/\/www.agrund.com\/?p=175397"},"modified":"2017-11-07T09:15:43","modified_gmt":"2017-11-07T11:15:43","slug":"miley-cyrus-usa-vestido-de-estilista-brasileiro","status":"publish","type":"post","link":"https:\/\/agrund.com\/index.php\/miley-cyrus-usa-vestido-de-estilista-brasileiro\/","title":{"rendered":"Miley Cyrus usa vestido de estilista brasileiro"},"content":{"rendered":"<p>No \u00faltimo final de semana, Miley Cyrus apresentou pela primeira vez a sua nova m\u00fasica, durante o programa Saturday Night Live, nos Estados Unidos. Mas o que mais nos chamou aten\u00e7\u00e3o foi o look escolhido pela cantora.<\/p>\n<p>O vestido de veludo preto com renda e cristais Swarovski que conquistou a cantora \u00e9 assinado por um brasileiro. Raphael Mendon\u00e7a criou o modelo para a Maison Alexandrine.<\/p>\n<p>Vale dizer que esta n\u00e3o \u00e9 a primeira vez que Miley usa uma cria\u00e7\u00e3o do designer. No m\u00eas passado ela escolheu um vestido curto para se apresentar no IHeartRadio.<\/p>\n<p>Confira:<\/p>\n<div id=\"attachment_175399\" style=\"width: 610px\" class=\"wp-caption aligncenter\"><img aria-describedby=\"caption-attachment-175399\" data-attachment-id=\"175399\" data-permalink=\"https:\/\/agrund.com\/index.php\/miley-cyrus-usa-vestido-de-estilista-brasileiro\/2-1097\/\" data-orig-file=\"https:\/\/i0.wp.com\/agrund.com\/wp-content\/uploads\/sites\/6\/2017\/11\/2-e1510053231851.jpeg?fit=600%2C600&amp;ssl=1\" data-orig-size=\"600,600\" data-comments-opened=\"1\" data-image-meta=\"{&quot;aperture&quot;:&quot;0&quot;,&quot;credit&quot;:&quot;&quot;,&quot;camera&quot;:&quot;&quot;,&quot;caption&quot;:&quot;&quot;,&quot;created_timestamp&quot;:&quot;0&quot;,&quot;copyright&quot;:&quot;&quot;,&quot;focal_length&quot;:&quot;0&quot;,&quot;iso&quot;:&quot;0&quot;,&quot;shutter_speed&quot;:&quot;0&quot;,&quot;title&quot;:&quot;&quot;,&quot;orientation&quot;:&quot;0&quot;}\" data-image-title=\"Miley Cyrus usa vestido de estilista brasileiro\" data-image-description=\"\" data-image-caption=\"&lt;p&gt;Miley Cyrus usa vestido de estilista brasileiro&lt;\/p&gt;\n\" data-medium-file=\"https:\/\/i0.wp.com\/agrund.com\/wp-content\/uploads\/sites\/6\/2017\/11\/2-e1510053231851.jpeg?fit=300%2C300&amp;ssl=1\" data-large-file=\"https:\/\/i0.wp.com\/agrund.com\/wp-content\/uploads\/sites\/6\/2017\/11\/2-e1510053231851.jpeg?fit=600%2C600&amp;ssl=1\" decoding=\"async\" loading=\"lazy\" class=\"size-full wp-image-175399\" src=\"https:\/\/i0.wp.com\/www.agrund.com\/wp-content\/uploads\/sites\/6\/2017\/11\/2-e1510053231851.jpeg?resize=600%2C600\" alt=\"\" width=\"600\" height=\"600\" data-recalc-dims=\"1\" \/><p id=\"caption-attachment-175399\" class=\"wp-caption-text\">Miley Cyrus usa vestido de estilista brasileiro<\/p><\/div>\n<div id=\"attachment_175398\" style=\"width: 610px\" class=\"wp-caption aligncenter\"><img aria-describedby=\"caption-attachment-175398\" data-attachment-id=\"175398\" data-permalink=\"https:\/\/agrund.com\/index.php\/miley-cyrus-usa-vestido-de-estilista-brasileiro\/1-1144\/\" data-orig-file=\"https:\/\/i0.wp.com\/agrund.com\/wp-content\/uploads\/sites\/6\/2017\/11\/1-4-e1510053242960.jpg?fit=600%2C400&amp;ssl=1\" data-orig-size=\"600,400\" data-comments-opened=\"1\" data-image-meta=\"{&quot;aperture&quot;:&quot;0&quot;,&quot;credit&quot;:&quot;&quot;,&quot;camera&quot;:&quot;&quot;,&quot;caption&quot;:&quot;&quot;,&quot;created_timestamp&quot;:&quot;0&quot;,&quot;copyright&quot;:&quot;&quot;,&quot;focal_length&quot;:&quot;0&quot;,&quot;iso&quot;:&quot;0&quot;,&quot;shutter_speed&quot;:&quot;0&quot;,&quot;title&quot;:&quot;&quot;,&quot;orientation&quot;:&quot;0&quot;}\" data-image-title=\"Miley Cyrus usa vestido de estilista brasileiro\" data-image-description=\"\" data-image-caption=\"&lt;p&gt;Miley Cyrus usa vestido de estilista brasileiro&lt;\/p&gt;\n\" data-medium-file=\"https:\/\/i0.wp.com\/agrund.com\/wp-content\/uploads\/sites\/6\/2017\/11\/1-4-e1510053242960.jpg?fit=300%2C200&amp;ssl=1\" data-large-file=\"https:\/\/i0.wp.com\/agrund.com\/wp-content\/uploads\/sites\/6\/2017\/11\/1-4-e1510053242960.jpg?fit=1024%2C683&amp;ssl=1\" decoding=\"async\" loading=\"lazy\" class=\"size-full wp-image-175398\" src=\"https:\/\/i0.wp.com\/www.agrund.com\/wp-content\/uploads\/sites\/6\/2017\/11\/1-4-e1510053242960.jpg?resize=600%2C400\" alt=\"\" width=\"600\" height=\"400\" data-recalc-dims=\"1\" \/><p id=\"caption-attachment-175398\" class=\"wp-caption-text\">Miley Cyrus usa vestido de estilista brasileiro<\/p><\/div>\n<p>Fotos: Reprodu\u00e7\u00e3o.<\/p>\n","protected":false},"excerpt":{"rendered":"<p>No \u00faltimo final de semana, Miley Cyrus apresentou pela primeira vez a sua nova m\u00fasica, durante o programa Saturday Night Live, nos Estados Unidos. Mas o que mais nos chamou aten\u00e7\u00e3o foi o look escolhido pela cantora. O vestido de veludo preto com renda e cristais Swarovski que conquistou a cantora \u00e9 assinado por um [&hellip;]<\/p>\n","protected":false},"author":8,"featured_media":175401,"comment_status":"open","ping_status":"open","sticky":false,"template":"","format":"standard","meta":{"jetpack_post_was_ever_published":false,"_jetpack_newsletter_access":"","jetpack_publicize_message":"","jetpack_is_tweetstorm":false,"jetpack_publicize_feature_enabled":true,"jetpack_social_post_already_shared":true,"jetpack_social_options":{"image_generator_settings":{"template":"highway","enabled":false}}},"categories":[2],"tags":[],"jetpack_publicize_connections":[],"jetpack_featured_media_url":"https:\/\/i0.wp.com\/agrund.com\/wp-content\/uploads\/sites\/6\/2017\/11\/s-17.jpg?fit=960%2C300&ssl=1","jetpack_sharing_enabled":true,"jetpack_shortlink":"https:\/\/wp.me\/p3Hz0n-JCZ","jetpack_likes_enabled":true,"_links":{"self":[{"href":"https:\/\/agrund.com\/index.php\/wp-json\/wp\/v2\/posts\/175397"}],"collection":[{"href":"https:\/\/agrund.com\/index.php\/wp-json\/wp\/v2\/posts"}],"about":[{"href":"https:\/\/agrund.com\/index.php\/wp-json\/wp\/v2\/types\/post"}],"author":[{"embeddable":true,"href":"https:\/\/agrund.com\/index.php\/wp-json\/wp\/v2\/users\/8"}],"replies":[{"embeddable":true,"href":"https:\/\/agrund.com\/index.php\/wp-json\/wp\/v2\/comments?post=175397"}],"version-history":[{"count":0,"href":"https:\/\/agrund.com\/index.php\/wp-json\/wp\/v2\/posts\/175397\/revisions"}],"wp:featuredmedia":[{"embeddable":true,"href":"https:\/\/agrund.com\/index.php\/wp-json\/wp\/v2\/media\/175401"}],"wp:attachment":[{"href":"https:\/\/agrund.com\/index.php\/wp-json\/wp\/v2\/media?parent=175397"}],"wp:term":[{"taxonomy":"category","embeddable":true,"href":"https:\/\/agrund.com\/index.php\/wp-json\/wp\/v2\/categories?post=175397"},{"taxonomy":"post_tag","embeddable":true,"href":"https:\/\/agrund.com\/index.php\/wp-json\/wp\/v2\/tags?post=175397"}],"curies":[{"name":"wp","href":"https:\/\/api.w.org\/{rel}","templated":true}]}}