{"id":175342,"date":"2017-11-06T15:00:20","date_gmt":"2017-11-06T17:00:20","guid":{"rendered":"http:\/\/www.agrund.com\/?p=175342"},"modified":"2017-11-06T09:49:48","modified_gmt":"2017-11-06T11:49:48","slug":"dupla-imbativel-famosas-arrasam-no-preto-e-branco","status":"publish","type":"post","link":"https:\/\/agrund.com\/index.php\/dupla-imbativel-famosas-arrasam-no-preto-e-branco\/","title":{"rendered":"Dupla imbat\u00edvel: famosas arrasam no preto e branco"},"content":{"rendered":"<p>Por Ros\u00e2ngela Espinossi<\/p>\n<p>Esta semana foi a vez do preto e branco dominar os looks das famosas. Dupla imbat\u00edvel, as cores comp\u00f5em produ\u00e7\u00f5es que podem ser mais formais ou informais; contidas ou sensuais.<\/p>\n<p>Anitta, Paula Fernandes, Sandy e Debora Nascimento mostraram looks b\u00e1sicos ou mais chiques com a combina\u00e7\u00e3o bicolor (veja <a href=\"http:\/\/www.elasnotapetevermelho.com.br\/portal\/dupla-imbativel-preto-e-branco-sao-os-eleitos-das-famosas\/\">AQUI<\/a>).<\/p>\n<p>Anitta n\u00e3o s\u00f3 acertou no look, como na escolha dos bailarinos, pela inclus\u00e3o de pessoas especiais ao seu lado. A cantora apostou na cal\u00e7a preta modelo cenoura (veja como \u00e9 mais fofinha nos quadris), camiseta branca e escarpim de salto agulha. Pe\u00e7as b\u00e1sicas que juntas d\u00e3o o seu recado.<\/p>\n<div id=\"attachment_175343\" style=\"width: 610px\" class=\"wp-caption aligncenter\"><img aria-describedby=\"caption-attachment-175343\" data-attachment-id=\"175343\" data-permalink=\"https:\/\/agrund.com\/index.php\/dupla-imbativel-famosas-arrasam-no-preto-e-branco\/anitta-francisco-cepeda-1\/\" data-orig-file=\"https:\/\/i0.wp.com\/agrund.com\/wp-content\/uploads\/sites\/6\/2017\/11\/anitta-Francisco-Cepeda-1-e1509968850868.jpg?fit=600%2C470&amp;ssl=1\" data-orig-size=\"600,470\" data-comments-opened=\"1\" data-image-meta=\"{&quot;aperture&quot;:&quot;0&quot;,&quot;credit&quot;:&quot;&quot;,&quot;camera&quot;:&quot;&quot;,&quot;caption&quot;:&quot;&quot;,&quot;created_timestamp&quot;:&quot;0&quot;,&quot;copyright&quot;:&quot;&quot;,&quot;focal_length&quot;:&quot;0&quot;,&quot;iso&quot;:&quot;0&quot;,&quot;shutter_speed&quot;:&quot;0&quot;,&quot;title&quot;:&quot;&quot;,&quot;orientation&quot;:&quot;0&quot;}\" data-image-title=\"http:\/\/www.elasnotapetevermelho.com.br\/portal\/dupla-imbativel-preto-e-branco-sao-os-eleitos-das-famosas\/\" data-image-description=\"\" data-image-caption=\"&lt;p&gt;http:\/\/www.elasnotapetevermelho.com.br\/portal\/dupla-imbativel-preto-e-branco-sao-os-eleitos-das-famosas\/&lt;\/p&gt;\n\" data-medium-file=\"https:\/\/i0.wp.com\/agrund.com\/wp-content\/uploads\/sites\/6\/2017\/11\/anitta-Francisco-Cepeda-1-e1509968850868.jpg?fit=300%2C235&amp;ssl=1\" data-large-file=\"https:\/\/i0.wp.com\/agrund.com\/wp-content\/uploads\/sites\/6\/2017\/11\/anitta-Francisco-Cepeda-1-e1509968850868.jpg?fit=1024%2C801&amp;ssl=1\" decoding=\"async\" loading=\"lazy\" class=\"wp-image-175343 size-full\" src=\"https:\/\/i0.wp.com\/www.agrund.com\/wp-content\/uploads\/sites\/6\/2017\/11\/anitta-Francisco-Cepeda-1-e1509968850868.jpg?resize=600%2C470\" alt=\"Dupla imbat\u00edvel: famosas arrasam no preto e branco\" width=\"600\" height=\"470\" data-recalc-dims=\"1\" \/><p id=\"caption-attachment-175343\" class=\"wp-caption-text\">Dupla imbat\u00edvel: famosas arrasam no preto e branco<\/p><\/div>\n<p>&nbsp;<\/p>\n<p>A cantora Paula Fernandes foi mais uma a usar camiseta em look mais de festa, como a saia de tule que lembra tutu de bal\u00e9. O look ficou lindo nela, que \u00e9 magra e tem cintura de pil\u00e3o. Mas fica a dica: a saia franzida branca pode aumentar os quadris. Se voc\u00ea n\u00e3o quiser esse efeito, n\u00e3o copie.<\/p>\n<div id=\"attachment_175345\" style=\"width: 610px\" class=\"wp-caption aligncenter\"><img aria-describedby=\"caption-attachment-175345\" data-attachment-id=\"175345\" data-permalink=\"https:\/\/agrund.com\/index.php\/dupla-imbativel-famosas-arrasam-no-preto-e-branco\/paula-fernandes-thiago-duranagnews-2\/\" data-orig-file=\"https:\/\/i0.wp.com\/agrund.com\/wp-content\/uploads\/sites\/6\/2017\/11\/paula-fernandes-Thiago-DuranAgNews-2-e1509968878269.jpg?fit=600%2C400&amp;ssl=1\" data-orig-size=\"600,400\" data-comments-opened=\"1\" data-image-meta=\"{&quot;aperture&quot;:&quot;0&quot;,&quot;credit&quot;:&quot;&quot;,&quot;camera&quot;:&quot;&quot;,&quot;caption&quot;:&quot;&quot;,&quot;created_timestamp&quot;:&quot;0&quot;,&quot;copyright&quot;:&quot;&quot;,&quot;focal_length&quot;:&quot;0&quot;,&quot;iso&quot;:&quot;0&quot;,&quot;shutter_speed&quot;:&quot;0&quot;,&quot;title&quot;:&quot;&quot;,&quot;orientation&quot;:&quot;0&quot;}\" data-image-title=\"Dupla imbat\u00edvel: famosas arrasam no preto e branco\" data-image-description=\"\" data-image-caption=\"&lt;p&gt;Dupla imbat\u00edvel: famosas arrasam no preto e branco&lt;\/p&gt;\n\" data-medium-file=\"https:\/\/i0.wp.com\/agrund.com\/wp-content\/uploads\/sites\/6\/2017\/11\/paula-fernandes-Thiago-DuranAgNews-2-e1509968878269.jpg?fit=300%2C200&amp;ssl=1\" data-large-file=\"https:\/\/i0.wp.com\/agrund.com\/wp-content\/uploads\/sites\/6\/2017\/11\/paula-fernandes-Thiago-DuranAgNews-2-e1509968878269.jpg?fit=1024%2C683&amp;ssl=1\" decoding=\"async\" loading=\"lazy\" class=\"size-full wp-image-175345\" src=\"https:\/\/i0.wp.com\/www.agrund.com\/wp-content\/uploads\/sites\/6\/2017\/11\/paula-fernandes-Thiago-DuranAgNews-2-e1509968878269.jpg?resize=600%2C400\" alt=\"\" width=\"600\" height=\"400\" data-recalc-dims=\"1\" \/><p id=\"caption-attachment-175345\" class=\"wp-caption-text\">Dupla imbat\u00edvel: famosas arrasam no preto e branco<\/p><\/div>\n<p>&nbsp;<\/p>\n<p>O preto e branco escolhido por Sandy apareceu no blazer estampado. Por baixo, tudo preto. \u00d3tima op\u00e7\u00e3o da cantora. Veja como a linha vertical na frente ajuda a alongar a silhueta. A sand\u00e1lia de uma tira s\u00f3 tamb\u00e9m contribui para isso, pois deixa o peito dos p\u00e9s \u00e0 mostra.<\/p>\n<div id=\"attachment_175346\" style=\"width: 610px\" class=\"wp-caption aligncenter\"><img aria-describedby=\"caption-attachment-175346\" data-attachment-id=\"175346\" data-permalink=\"https:\/\/agrund.com\/index.php\/dupla-imbativel-famosas-arrasam-no-preto-e-branco\/sandy-thiago-duranagnews-1\/\" data-orig-file=\"https:\/\/i0.wp.com\/agrund.com\/wp-content\/uploads\/sites\/6\/2017\/11\/sandy-Thiago-DuranAgNews-1-e1509968894529.jpg?fit=600%2C900&amp;ssl=1\" data-orig-size=\"600,900\" data-comments-opened=\"1\" data-image-meta=\"{&quot;aperture&quot;:&quot;0&quot;,&quot;credit&quot;:&quot;&quot;,&quot;camera&quot;:&quot;&quot;,&quot;caption&quot;:&quot;&quot;,&quot;created_timestamp&quot;:&quot;0&quot;,&quot;copyright&quot;:&quot;&quot;,&quot;focal_length&quot;:&quot;0&quot;,&quot;iso&quot;:&quot;0&quot;,&quot;shutter_speed&quot;:&quot;0&quot;,&quot;title&quot;:&quot;&quot;,&quot;orientation&quot;:&quot;0&quot;}\" data-image-title=\"Dupla imbat\u00edvel: famosas arrasam no preto e branco\" data-image-description=\"\" data-image-caption=\"&lt;p&gt;Dupla imbat\u00edvel: famosas arrasam no preto e branco&lt;\/p&gt;\n\" data-medium-file=\"https:\/\/i0.wp.com\/agrund.com\/wp-content\/uploads\/sites\/6\/2017\/11\/sandy-Thiago-DuranAgNews-1-e1509968894529.jpg?fit=200%2C300&amp;ssl=1\" data-large-file=\"https:\/\/i0.wp.com\/agrund.com\/wp-content\/uploads\/sites\/6\/2017\/11\/sandy-Thiago-DuranAgNews-1-e1509968894529.jpg?fit=683%2C1024&amp;ssl=1\" decoding=\"async\" loading=\"lazy\" class=\"size-full wp-image-175346\" src=\"https:\/\/i0.wp.com\/www.agrund.com\/wp-content\/uploads\/sites\/6\/2017\/11\/sandy-Thiago-DuranAgNews-1-e1509968894529.jpg?resize=600%2C900\" alt=\"\" width=\"600\" height=\"900\" data-recalc-dims=\"1\" \/><p id=\"caption-attachment-175346\" class=\"wp-caption-text\">Dupla imbat\u00edvel: famosas arrasam no preto e branco<\/p><\/div>\n<p>&nbsp;<\/p>\n<p>Gravidinha, a atriz Debora Nascimento, ao lado do marido Jos\u00e9 Loreto, optou por saia preta de cintura alta e camisa branca transparente, com n\u00f3 na ponta. Nos p\u00e9s, mule tamb\u00e9m branco. N\u00e3o tem como errar.<\/p>\n<div id=\"attachment_175344\" style=\"width: 610px\" class=\"wp-caption aligncenter\"><img aria-describedby=\"caption-attachment-175344\" data-attachment-id=\"175344\" data-permalink=\"https:\/\/agrund.com\/index.php\/dupla-imbativel-famosas-arrasam-no-preto-e-branco\/debora-nascimento-agnews\/\" data-orig-file=\"https:\/\/i0.wp.com\/agrund.com\/wp-content\/uploads\/sites\/6\/2017\/11\/de\u0301bora-nascimento-agnews-e1509968910134.jpg?fit=600%2C900&amp;ssl=1\" data-orig-size=\"600,900\" data-comments-opened=\"1\" data-image-meta=\"{&quot;aperture&quot;:&quot;0&quot;,&quot;credit&quot;:&quot;&quot;,&quot;camera&quot;:&quot;&quot;,&quot;caption&quot;:&quot;&quot;,&quot;created_timestamp&quot;:&quot;0&quot;,&quot;copyright&quot;:&quot;&quot;,&quot;focal_length&quot;:&quot;0&quot;,&quot;iso&quot;:&quot;0&quot;,&quot;shutter_speed&quot;:&quot;0&quot;,&quot;title&quot;:&quot;&quot;,&quot;orientation&quot;:&quot;0&quot;}\" data-image-title=\"Dupla imbat\u00edvel: famosas arrasam no preto e branco\" data-image-description=\"\" data-image-caption=\"&lt;p&gt;Dupla imbat\u00edvel: famosas arrasam no preto e branco&lt;\/p&gt;\n\" data-medium-file=\"https:\/\/i0.wp.com\/agrund.com\/wp-content\/uploads\/sites\/6\/2017\/11\/de\u0301bora-nascimento-agnews-e1509968910134.jpg?fit=200%2C300&amp;ssl=1\" data-large-file=\"https:\/\/i0.wp.com\/agrund.com\/wp-content\/uploads\/sites\/6\/2017\/11\/de\u0301bora-nascimento-agnews-e1509968910134.jpg?fit=683%2C1024&amp;ssl=1\" decoding=\"async\" loading=\"lazy\" class=\"size-full wp-image-175344\" src=\"https:\/\/i0.wp.com\/www.agrund.com\/wp-content\/uploads\/sites\/6\/2017\/11\/de\u0301bora-nascimento-agnews-e1509968910134.jpg?resize=600%2C900\" alt=\"\" width=\"600\" height=\"900\" data-recalc-dims=\"1\" \/><p id=\"caption-attachment-175344\" class=\"wp-caption-text\">Dupla imbat\u00edvel: famosas arrasam no preto e branco<\/p><\/div>\n<p>Fotos: Reprodu\u00e7\u00e3o.<\/p>\n","protected":false},"excerpt":{"rendered":"<p>Por Ros\u00e2ngela Espinossi Esta semana foi a vez do preto e branco dominar os looks das famosas. Dupla imbat\u00edvel, as cores comp\u00f5em produ\u00e7\u00f5es que podem ser mais formais ou informais; contidas ou sensuais. Anitta, Paula Fernandes, Sandy e Debora Nascimento mostraram looks b\u00e1sicos ou mais chiques com a combina\u00e7\u00e3o bicolor (veja AQUI). Anitta n\u00e3o s\u00f3 [&hellip;]<\/p>\n","protected":false},"author":8,"featured_media":175347,"comment_status":"open","ping_status":"open","sticky":false,"template":"","format":"standard","meta":{"jetpack_post_was_ever_published":false,"_jetpack_newsletter_access":"","jetpack_publicize_message":"","jetpack_is_tweetstorm":false,"jetpack_publicize_feature_enabled":true,"jetpack_social_post_already_shared":true,"jetpack_social_options":{"image_generator_settings":{"template":"highway","enabled":false}}},"categories":[2],"tags":[],"jetpack_publicize_connections":[],"jetpack_featured_media_url":"https:\/\/i0.wp.com\/agrund.com\/wp-content\/uploads\/sites\/6\/2017\/11\/s-12.jpg?fit=960%2C300&ssl=1","jetpack_sharing_enabled":true,"jetpack_shortlink":"https:\/\/wp.me\/p3Hz0n-JC6","jetpack_likes_enabled":true,"_links":{"self":[{"href":"https:\/\/agrund.com\/index.php\/wp-json\/wp\/v2\/posts\/175342"}],"collection":[{"href":"https:\/\/agrund.com\/index.php\/wp-json\/wp\/v2\/posts"}],"about":[{"href":"https:\/\/agrund.com\/index.php\/wp-json\/wp\/v2\/types\/post"}],"author":[{"embeddable":true,"href":"https:\/\/agrund.com\/index.php\/wp-json\/wp\/v2\/users\/8"}],"replies":[{"embeddable":true,"href":"https:\/\/agrund.com\/index.php\/wp-json\/wp\/v2\/comments?post=175342"}],"version-history":[{"count":0,"href":"https:\/\/agrund.com\/index.php\/wp-json\/wp\/v2\/posts\/175342\/revisions"}],"wp:featuredmedia":[{"embeddable":true,"href":"https:\/\/agrund.com\/index.php\/wp-json\/wp\/v2\/media\/175347"}],"wp:attachment":[{"href":"https:\/\/agrund.com\/index.php\/wp-json\/wp\/v2\/media?parent=175342"}],"wp:term":[{"taxonomy":"category","embeddable":true,"href":"https:\/\/agrund.com\/index.php\/wp-json\/wp\/v2\/categories?post=175342"},{"taxonomy":"post_tag","embeddable":true,"href":"https:\/\/agrund.com\/index.php\/wp-json\/wp\/v2\/tags?post=175342"}],"curies":[{"name":"wp","href":"https:\/\/api.w.org\/{rel}","templated":true}]}}