{"id":175301,"date":"2017-11-03T16:00:52","date_gmt":"2017-11-03T18:00:52","guid":{"rendered":"http:\/\/www.agrund.com\/?p=175301"},"modified":"2017-11-03T12:48:25","modified_gmt":"2017-11-03T14:48:25","slug":"miu-miu-em-um-novo-momento","status":"publish","type":"post","link":"https:\/\/agrund.com\/index.php\/miu-miu-em-um-novo-momento\/","title":{"rendered":"Miu Miu em um novo momento"},"content":{"rendered":"<p>Por Let\u00edcia Santana<\/p>\n<p>Diante de um cen\u00e1rio inst\u00e1vel no mundo da moda, in\u00fameras inova\u00e7\u00f5es est\u00e3o abalando e modificando intensamente essa ind\u00fastria. As grandes marcas vem sentindo uma necessidade de falar diretamente com uma juventude engajada, fresca e antenada. Por\u00e9m, engana-se quem acha que \u00e9 f\u00e1cil conquistar os Millenials&#8230; Dessa vez, a marca que resolveu arriscar foi a Miu Miu.<\/p>\n<div id=\"attachment_175302\" style=\"width: 610px\" class=\"wp-caption aligncenter\"><img aria-describedby=\"caption-attachment-175302\" data-attachment-id=\"175302\" data-permalink=\"https:\/\/agrund.com\/index.php\/miu-miu-em-um-novo-momento\/miu-miu-1-3\/\" data-orig-file=\"https:\/\/i0.wp.com\/agrund.com\/wp-content\/uploads\/sites\/6\/2017\/11\/Miu-Miu-1.jpg?fit=600%2C405&amp;ssl=1\" data-orig-size=\"600,405\" data-comments-opened=\"1\" data-image-meta=\"{&quot;aperture&quot;:&quot;0&quot;,&quot;credit&quot;:&quot;&quot;,&quot;camera&quot;:&quot;&quot;,&quot;caption&quot;:&quot;&quot;,&quot;created_timestamp&quot;:&quot;0&quot;,&quot;copyright&quot;:&quot;&quot;,&quot;focal_length&quot;:&quot;0&quot;,&quot;iso&quot;:&quot;0&quot;,&quot;shutter_speed&quot;:&quot;0&quot;,&quot;title&quot;:&quot;&quot;,&quot;orientation&quot;:&quot;0&quot;}\" data-image-title=\"Miu Miu em um novo momento\" data-image-description=\"\" data-image-caption=\"&lt;p&gt;Miu Miu em um novo momento&lt;\/p&gt;\n\" data-medium-file=\"https:\/\/i0.wp.com\/agrund.com\/wp-content\/uploads\/sites\/6\/2017\/11\/Miu-Miu-1.jpg?fit=300%2C203&amp;ssl=1\" data-large-file=\"https:\/\/i0.wp.com\/agrund.com\/wp-content\/uploads\/sites\/6\/2017\/11\/Miu-Miu-1.jpg?fit=600%2C405&amp;ssl=1\" decoding=\"async\" loading=\"lazy\" class=\"size-full wp-image-175302\" src=\"https:\/\/i0.wp.com\/www.agrund.com\/wp-content\/uploads\/sites\/6\/2017\/11\/Miu-Miu-1.jpg?resize=600%2C405\" alt=\"\" width=\"600\" height=\"405\" srcset=\"https:\/\/i0.wp.com\/agrund.com\/wp-content\/uploads\/sites\/6\/2017\/11\/Miu-Miu-1.jpg?w=600&amp;ssl=1 600w, https:\/\/i0.wp.com\/agrund.com\/wp-content\/uploads\/sites\/6\/2017\/11\/Miu-Miu-1.jpg?resize=300%2C203&amp;ssl=1 300w\" sizes=\"(max-width: 600px) 100vw, 600px\" data-recalc-dims=\"1\" \/><p id=\"caption-attachment-175302\" class=\"wp-caption-text\">Miu Miu em um novo momento<\/p><\/div>\n<p>A grife italiana resolveu se reinventar e fazer modelos com a logomarca diferenciada: inv\u00e9s do discreto \u201cMiu Miu\u201d, algumas bolsas ganharam um grande \u201cMIU\u201d. O investimento em logomania \u00e9 certeiro e nem um pouco em v\u00e3o. Essa tend\u00eancia mundial est\u00e1 se repetindo nas mais diversas marcas por uma necessidade de se reafirmar. Afinal, n\u00e3o d\u00e1 para negar, a logomania nada mais \u00e9 do que uma grande propaganda gratuita.<\/p>\n<div id=\"attachment_175303\" style=\"width: 610px\" class=\"wp-caption aligncenter\"><img aria-describedby=\"caption-attachment-175303\" data-attachment-id=\"175303\" data-permalink=\"https:\/\/agrund.com\/index.php\/miu-miu-em-um-novo-momento\/miu-miu-2-3\/\" data-orig-file=\"https:\/\/i0.wp.com\/agrund.com\/wp-content\/uploads\/sites\/6\/2017\/11\/Miu-Miu-2-e1509720408618.jpeg?fit=600%2C800&amp;ssl=1\" data-orig-size=\"600,800\" data-comments-opened=\"1\" data-image-meta=\"{&quot;aperture&quot;:&quot;0&quot;,&quot;credit&quot;:&quot;&quot;,&quot;camera&quot;:&quot;&quot;,&quot;caption&quot;:&quot;&quot;,&quot;created_timestamp&quot;:&quot;0&quot;,&quot;copyright&quot;:&quot;&quot;,&quot;focal_length&quot;:&quot;0&quot;,&quot;iso&quot;:&quot;0&quot;,&quot;shutter_speed&quot;:&quot;0&quot;,&quot;title&quot;:&quot;&quot;,&quot;orientation&quot;:&quot;0&quot;}\" data-image-title=\"Miu Miu em um novo momento\" data-image-description=\"\" data-image-caption=\"&lt;p&gt;Miu Miu em um novo momento&lt;\/p&gt;\n\" data-medium-file=\"https:\/\/i0.wp.com\/agrund.com\/wp-content\/uploads\/sites\/6\/2017\/11\/Miu-Miu-2-e1509720408618.jpeg?fit=225%2C300&amp;ssl=1\" data-large-file=\"https:\/\/i0.wp.com\/agrund.com\/wp-content\/uploads\/sites\/6\/2017\/11\/Miu-Miu-2-e1509720408618.jpeg?fit=768%2C1024&amp;ssl=1\" decoding=\"async\" loading=\"lazy\" class=\"size-full wp-image-175303\" src=\"https:\/\/i0.wp.com\/www.agrund.com\/wp-content\/uploads\/sites\/6\/2017\/11\/Miu-Miu-2-e1509720408618.jpeg?resize=600%2C800\" alt=\"\" width=\"600\" height=\"800\" data-recalc-dims=\"1\" \/><p id=\"caption-attachment-175303\" class=\"wp-caption-text\">Miu Miu em um novo momento<\/p><\/div>\n<p>Esse reposicionamento no mercado tamb\u00e9m est\u00e1 sendo feito j\u00e1 h\u00e1 alguns meses pela Gucci, concorrente direta da Miu Miu (ambas italianas). Ou seja, nasceu em Miuccia Prada uma vontade de n\u00e3o ficar para tr\u00e1s.<\/p>\n<div id=\"attachment_175304\" style=\"width: 610px\" class=\"wp-caption aligncenter\"><img aria-describedby=\"caption-attachment-175304\" data-attachment-id=\"175304\" data-permalink=\"https:\/\/agrund.com\/index.php\/miu-miu-em-um-novo-momento\/miu-miu-3-3\/\" data-orig-file=\"https:\/\/i0.wp.com\/agrund.com\/wp-content\/uploads\/sites\/6\/2017\/11\/Miu-Miu-3-e1509720394852.jpeg?fit=600%2C300&amp;ssl=1\" data-orig-size=\"600,300\" data-comments-opened=\"1\" data-image-meta=\"{&quot;aperture&quot;:&quot;0&quot;,&quot;credit&quot;:&quot;&quot;,&quot;camera&quot;:&quot;&quot;,&quot;caption&quot;:&quot;&quot;,&quot;created_timestamp&quot;:&quot;0&quot;,&quot;copyright&quot;:&quot;&quot;,&quot;focal_length&quot;:&quot;0&quot;,&quot;iso&quot;:&quot;0&quot;,&quot;shutter_speed&quot;:&quot;0&quot;,&quot;title&quot;:&quot;&quot;,&quot;orientation&quot;:&quot;0&quot;}\" data-image-title=\"Miu Miu em um novo momento\" data-image-description=\"\" data-image-caption=\"&lt;p&gt;Miu Miu em um novo momento&lt;\/p&gt;\n\" data-medium-file=\"https:\/\/i0.wp.com\/agrund.com\/wp-content\/uploads\/sites\/6\/2017\/11\/Miu-Miu-3-e1509720394852.jpeg?fit=300%2C150&amp;ssl=1\" data-large-file=\"https:\/\/i0.wp.com\/agrund.com\/wp-content\/uploads\/sites\/6\/2017\/11\/Miu-Miu-3-e1509720394852.jpeg?fit=1024%2C512&amp;ssl=1\" decoding=\"async\" loading=\"lazy\" class=\"size-full wp-image-175304\" src=\"https:\/\/i0.wp.com\/www.agrund.com\/wp-content\/uploads\/sites\/6\/2017\/11\/Miu-Miu-3-e1509720394852.jpeg?resize=600%2C300\" alt=\"\" width=\"600\" height=\"300\" data-recalc-dims=\"1\" \/><p id=\"caption-attachment-175304\" class=\"wp-caption-text\">Miu Miu em um novo momento<\/p><\/div>\n<p>O \u00faltimo desfile da Miu Miu aconteceu em Paris h\u00e1 pouco menos de um m\u00eas. Ao apresentar a cole\u00e7\u00e3o Ver\u00e3o 2018, a marca endossou esse novo momento, trazendo a realidade de uma juventude desconstru\u00edda por\u00e9m flex\u00edvel a adotar posi\u00e7\u00f5es conservadoras em determinados momentos. No cen\u00e1rio cercado de tijolos, modelos de diferentes etnias e culturas desfilaram, evidenciando um casting diversificado. O xadrez, a alfaiataria e uma nova silhueta dominaram a passarela.<\/p>\n<p>Reinven\u00e7\u00f5es s\u00e3o necess\u00e1rias e sempre muito bem-vindas. Que esse novo momento fa\u00e7a parte de um agito na ind\u00fastria da moda.<\/p>\n<p>Mais em <a href=\"http:\/\/borboletavintage.com.br\/\">Borboleta Vintage<\/a>.<br \/>\nInstagram: <a href=\"https:\/\/www.instagram.com\/borboletavintage\/\">@borboletavintage<\/a><\/p>\n<p>&nbsp;<\/p>\n<p>Fotos: Reprodu\u00e7\u00e3o.<\/p>\n","protected":false},"excerpt":{"rendered":"<p>Por Let\u00edcia Santana Diante de um cen\u00e1rio inst\u00e1vel no mundo da moda, in\u00fameras inova\u00e7\u00f5es est\u00e3o abalando e modificando intensamente essa ind\u00fastria. As grandes marcas vem sentindo uma necessidade de falar diretamente com uma juventude engajada, fresca e antenada. Por\u00e9m, engana-se quem acha que \u00e9 f\u00e1cil conquistar os Millenials&#8230; Dessa vez, a marca que resolveu arriscar [&hellip;]<\/p>\n","protected":false},"author":8,"featured_media":175305,"comment_status":"open","ping_status":"open","sticky":false,"template":"","format":"standard","meta":{"jetpack_post_was_ever_published":false,"_jetpack_newsletter_access":"","jetpack_publicize_message":"","jetpack_is_tweetstorm":false,"jetpack_publicize_feature_enabled":true,"jetpack_social_post_already_shared":true,"jetpack_social_options":{"image_generator_settings":{"template":"highway","enabled":false}}},"categories":[2],"tags":[],"jetpack_publicize_connections":[],"jetpack_featured_media_url":"https:\/\/i0.wp.com\/agrund.com\/wp-content\/uploads\/sites\/6\/2017\/11\/s-8.jpg?fit=960%2C300&ssl=1","jetpack_sharing_enabled":true,"jetpack_shortlink":"https:\/\/wp.me\/p3Hz0n-JBr","jetpack_likes_enabled":true,"_links":{"self":[{"href":"https:\/\/agrund.com\/index.php\/wp-json\/wp\/v2\/posts\/175301"}],"collection":[{"href":"https:\/\/agrund.com\/index.php\/wp-json\/wp\/v2\/posts"}],"about":[{"href":"https:\/\/agrund.com\/index.php\/wp-json\/wp\/v2\/types\/post"}],"author":[{"embeddable":true,"href":"https:\/\/agrund.com\/index.php\/wp-json\/wp\/v2\/users\/8"}],"replies":[{"embeddable":true,"href":"https:\/\/agrund.com\/index.php\/wp-json\/wp\/v2\/comments?post=175301"}],"version-history":[{"count":0,"href":"https:\/\/agrund.com\/index.php\/wp-json\/wp\/v2\/posts\/175301\/revisions"}],"wp:featuredmedia":[{"embeddable":true,"href":"https:\/\/agrund.com\/index.php\/wp-json\/wp\/v2\/media\/175305"}],"wp:attachment":[{"href":"https:\/\/agrund.com\/index.php\/wp-json\/wp\/v2\/media?parent=175301"}],"wp:term":[{"taxonomy":"category","embeddable":true,"href":"https:\/\/agrund.com\/index.php\/wp-json\/wp\/v2\/categories?post=175301"},{"taxonomy":"post_tag","embeddable":true,"href":"https:\/\/agrund.com\/index.php\/wp-json\/wp\/v2\/tags?post=175301"}],"curies":[{"name":"wp","href":"https:\/\/api.w.org\/{rel}","templated":true}]}}