{"id":175241,"date":"2017-11-01T14:00:26","date_gmt":"2017-11-01T16:00:26","guid":{"rendered":"http:\/\/www.agrund.com\/?p=175241"},"modified":"2017-11-01T09:58:26","modified_gmt":"2017-11-01T11:58:26","slug":"gigi-hadid-recebe-o-titulo-de-mulher-do-ano","status":"publish","type":"post","link":"https:\/\/agrund.com\/index.php\/gigi-hadid-recebe-o-titulo-de-mulher-do-ano\/","title":{"rendered":"Gigi Hadid recebe o t\u00edtulo de \u2018Mulher do Ano\u2019"},"content":{"rendered":"<p>Gigi Hadid leva o t\u00edtulo de \u2018Mulher do Ano\u2019A \u2018Glamour\u2019 americana convocou Gigi Hadid para estrelar a sua edi\u00e7\u00e3o dezembro 2017, que celebra as \u2018Mulheres do Ano\u2019. A escolha n\u00e3o foi aleat\u00f3ria, afinal Gigi levou o t\u00edtulo de \u2018Mulher do Ano\u2019 na categoria \u2018modelos\u2019.<\/p>\n<p>No clique de capa ela veste um smoking que de cl\u00e1ssico n\u00e3o tem nada, porque al\u00e9m de ser prateado, ela usa sem camisa.<\/p>\n<p>\u201cEu quero ser aquela pessoa que sempre usa as plataformas para compartilhar o que eu realmente amo\u201d, declarou a modelo.<\/p>\n<p>A fotografia \u00e9 de Patrick Demarchelier e voc\u00ea confere aqui:<\/p>\n<div id=\"attachment_175242\" style=\"width: 610px\" class=\"wp-caption aligncenter\"><img aria-describedby=\"caption-attachment-175242\" data-attachment-id=\"175242\" data-permalink=\"https:\/\/agrund.com\/index.php\/gigi-hadid-recebe-o-titulo-de-mulher-do-ano\/gigi-hadid-pictures01\/\" data-orig-file=\"https:\/\/i0.wp.com\/agrund.com\/wp-content\/uploads\/sites\/6\/2017\/11\/Gigi-Hadid-Pictures01-e1509537349834.jpg?fit=600%2C851&amp;ssl=1\" data-orig-size=\"600,851\" data-comments-opened=\"1\" data-image-meta=\"{&quot;aperture&quot;:&quot;0&quot;,&quot;credit&quot;:&quot;&quot;,&quot;camera&quot;:&quot;&quot;,&quot;caption&quot;:&quot;&quot;,&quot;created_timestamp&quot;:&quot;0&quot;,&quot;copyright&quot;:&quot;&quot;,&quot;focal_length&quot;:&quot;0&quot;,&quot;iso&quot;:&quot;0&quot;,&quot;shutter_speed&quot;:&quot;0&quot;,&quot;title&quot;:&quot;&quot;,&quot;orientation&quot;:&quot;1&quot;}\" data-image-title=\"Gigi Hadid recebe o t\u00edtulo de \u2018Mulher do Ano\u2019\" data-image-description=\"\" data-image-caption=\"&lt;p&gt;Gigi Hadid recebe o t\u00edtulo de \u2018Mulher do Ano\u2019&lt;\/p&gt;\n\" data-medium-file=\"https:\/\/i0.wp.com\/agrund.com\/wp-content\/uploads\/sites\/6\/2017\/11\/Gigi-Hadid-Pictures01-e1509537349834.jpg?fit=212%2C300&amp;ssl=1\" data-large-file=\"https:\/\/i0.wp.com\/agrund.com\/wp-content\/uploads\/sites\/6\/2017\/11\/Gigi-Hadid-Pictures01-e1509537349834.jpg?fit=722%2C1024&amp;ssl=1\" decoding=\"async\" loading=\"lazy\" class=\"size-full wp-image-175242\" src=\"https:\/\/i0.wp.com\/www.agrund.com\/wp-content\/uploads\/sites\/6\/2017\/11\/Gigi-Hadid-Pictures01-e1509537349834.jpg?resize=600%2C851\" alt=\"\" width=\"600\" height=\"851\" data-recalc-dims=\"1\" \/><p id=\"caption-attachment-175242\" class=\"wp-caption-text\">Gigi Hadid recebe o t\u00edtulo de \u2018Mulher do Ano\u2019<\/p><\/div>\n<div id=\"attachment_175243\" style=\"width: 610px\" class=\"wp-caption aligncenter\"><img aria-describedby=\"caption-attachment-175243\" data-attachment-id=\"175243\" data-permalink=\"https:\/\/agrund.com\/index.php\/gigi-hadid-recebe-o-titulo-de-mulher-do-ano\/gigi-hadid-pictures02\/\" data-orig-file=\"https:\/\/i0.wp.com\/agrund.com\/wp-content\/uploads\/sites\/6\/2017\/11\/Gigi-Hadid-Pictures02-e1509537367308.jpg?fit=600%2C884&amp;ssl=1\" data-orig-size=\"600,884\" data-comments-opened=\"1\" data-image-meta=\"{&quot;aperture&quot;:&quot;0&quot;,&quot;credit&quot;:&quot;&quot;,&quot;camera&quot;:&quot;&quot;,&quot;caption&quot;:&quot;&quot;,&quot;created_timestamp&quot;:&quot;0&quot;,&quot;copyright&quot;:&quot;&quot;,&quot;focal_length&quot;:&quot;0&quot;,&quot;iso&quot;:&quot;0&quot;,&quot;shutter_speed&quot;:&quot;0&quot;,&quot;title&quot;:&quot;&quot;,&quot;orientation&quot;:&quot;1&quot;}\" data-image-title=\"Gigi Hadid recebe o t\u00edtulo de \u2018Mulher do Ano\u2019\" data-image-description=\"\" data-image-caption=\"&lt;p&gt;Gigi Hadid recebe o t\u00edtulo de \u2018Mulher do Ano\u2019&lt;\/p&gt;\n\" data-medium-file=\"https:\/\/i0.wp.com\/agrund.com\/wp-content\/uploads\/sites\/6\/2017\/11\/Gigi-Hadid-Pictures02-e1509537367308.jpg?fit=204%2C300&amp;ssl=1\" data-large-file=\"https:\/\/i0.wp.com\/agrund.com\/wp-content\/uploads\/sites\/6\/2017\/11\/Gigi-Hadid-Pictures02-e1509537367308.jpg?fit=695%2C1024&amp;ssl=1\" decoding=\"async\" loading=\"lazy\" class=\"size-full wp-image-175243\" src=\"https:\/\/i0.wp.com\/www.agrund.com\/wp-content\/uploads\/sites\/6\/2017\/11\/Gigi-Hadid-Pictures02-e1509537367308.jpg?resize=600%2C884\" alt=\"\" width=\"600\" height=\"884\" data-recalc-dims=\"1\" \/><p id=\"caption-attachment-175243\" class=\"wp-caption-text\">Gigi Hadid recebe o t\u00edtulo de \u2018Mulher do Ano\u2019<\/p><\/div>\n<div id=\"attachment_175244\" style=\"width: 610px\" class=\"wp-caption aligncenter\"><img aria-describedby=\"caption-attachment-175244\" data-attachment-id=\"175244\" data-permalink=\"https:\/\/agrund.com\/index.php\/gigi-hadid-recebe-o-titulo-de-mulher-do-ano\/gigi-hadid-pictures03\/\" data-orig-file=\"https:\/\/i0.wp.com\/agrund.com\/wp-content\/uploads\/sites\/6\/2017\/11\/Gigi-Hadid-Pictures03-e1509537400599.jpg?fit=600%2C884&amp;ssl=1\" data-orig-size=\"600,884\" data-comments-opened=\"1\" data-image-meta=\"{&quot;aperture&quot;:&quot;0&quot;,&quot;credit&quot;:&quot;&quot;,&quot;camera&quot;:&quot;&quot;,&quot;caption&quot;:&quot;&quot;,&quot;created_timestamp&quot;:&quot;0&quot;,&quot;copyright&quot;:&quot;&quot;,&quot;focal_length&quot;:&quot;0&quot;,&quot;iso&quot;:&quot;0&quot;,&quot;shutter_speed&quot;:&quot;0&quot;,&quot;title&quot;:&quot;&quot;,&quot;orientation&quot;:&quot;1&quot;}\" data-image-title=\"Gigi Hadid recebe o t\u00edtulo de \u2018Mulher do Ano\u2019\" data-image-description=\"\" data-image-caption=\"&lt;p&gt;Gigi Hadid recebe o t\u00edtulo de \u2018Mulher do Ano\u2019&lt;\/p&gt;\n\" data-medium-file=\"https:\/\/i0.wp.com\/agrund.com\/wp-content\/uploads\/sites\/6\/2017\/11\/Gigi-Hadid-Pictures03-e1509537400599.jpg?fit=204%2C300&amp;ssl=1\" data-large-file=\"https:\/\/i0.wp.com\/agrund.com\/wp-content\/uploads\/sites\/6\/2017\/11\/Gigi-Hadid-Pictures03-e1509537400599.jpg?fit=695%2C1024&amp;ssl=1\" decoding=\"async\" loading=\"lazy\" class=\"size-full wp-image-175244\" src=\"https:\/\/i0.wp.com\/www.agrund.com\/wp-content\/uploads\/sites\/6\/2017\/11\/Gigi-Hadid-Pictures03-e1509537400599.jpg?resize=600%2C884\" alt=\"\" width=\"600\" height=\"884\" data-recalc-dims=\"1\" \/><p id=\"caption-attachment-175244\" class=\"wp-caption-text\">Gigi Hadid recebe o t\u00edtulo de \u2018Mulher do Ano\u2019<\/p><\/div>\n<div id=\"attachment_175245\" style=\"width: 610px\" class=\"wp-caption aligncenter\"><img aria-describedby=\"caption-attachment-175245\" data-attachment-id=\"175245\" data-permalink=\"https:\/\/agrund.com\/index.php\/gigi-hadid-recebe-o-titulo-de-mulher-do-ano\/gigi-hadid-pictures04\/\" data-orig-file=\"https:\/\/i0.wp.com\/agrund.com\/wp-content\/uploads\/sites\/6\/2017\/11\/Gigi-Hadid-Pictures04-e1509537420904.jpg?fit=600%2C635&amp;ssl=1\" data-orig-size=\"600,635\" data-comments-opened=\"1\" data-image-meta=\"{&quot;aperture&quot;:&quot;0&quot;,&quot;credit&quot;:&quot;&quot;,&quot;camera&quot;:&quot;&quot;,&quot;caption&quot;:&quot;&quot;,&quot;created_timestamp&quot;:&quot;0&quot;,&quot;copyright&quot;:&quot;&quot;,&quot;focal_length&quot;:&quot;0&quot;,&quot;iso&quot;:&quot;0&quot;,&quot;shutter_speed&quot;:&quot;0&quot;,&quot;title&quot;:&quot;&quot;,&quot;orientation&quot;:&quot;1&quot;}\" data-image-title=\"Gigi Hadid recebe o t\u00edtulo de \u2018Mulher do Ano\u2019\" data-image-description=\"\" data-image-caption=\"&lt;p&gt;Gigi Hadid recebe o t\u00edtulo de \u2018Mulher do Ano\u2019&lt;\/p&gt;\n\" data-medium-file=\"https:\/\/i0.wp.com\/agrund.com\/wp-content\/uploads\/sites\/6\/2017\/11\/Gigi-Hadid-Pictures04-e1509537420904.jpg?fit=283%2C300&amp;ssl=1\" data-large-file=\"https:\/\/i0.wp.com\/agrund.com\/wp-content\/uploads\/sites\/6\/2017\/11\/Gigi-Hadid-Pictures04-e1509537420904.jpg?fit=600%2C635&amp;ssl=1\" decoding=\"async\" loading=\"lazy\" class=\"size-full wp-image-175245\" src=\"https:\/\/i0.wp.com\/www.agrund.com\/wp-content\/uploads\/sites\/6\/2017\/11\/Gigi-Hadid-Pictures04-e1509537420904.jpg?resize=600%2C635\" alt=\"\" width=\"600\" height=\"635\" data-recalc-dims=\"1\" \/><p id=\"caption-attachment-175245\" class=\"wp-caption-text\">Gigi Hadid recebe o t\u00edtulo de \u2018Mulher do Ano\u2019<\/p><\/div>\n<div id=\"attachment_175246\" style=\"width: 610px\" class=\"wp-caption aligncenter\"><img aria-describedby=\"caption-attachment-175246\" data-attachment-id=\"175246\" data-permalink=\"https:\/\/agrund.com\/index.php\/gigi-hadid-recebe-o-titulo-de-mulher-do-ano\/gigi-hadid-pictures05-1\/\" data-orig-file=\"https:\/\/i0.wp.com\/agrund.com\/wp-content\/uploads\/sites\/6\/2017\/11\/Gigi-Hadid-Pictures05-1-e1509537434204.jpg?fit=600%2C908&amp;ssl=1\" data-orig-size=\"600,908\" data-comments-opened=\"1\" data-image-meta=\"{&quot;aperture&quot;:&quot;0&quot;,&quot;credit&quot;:&quot;&quot;,&quot;camera&quot;:&quot;&quot;,&quot;caption&quot;:&quot;&quot;,&quot;created_timestamp&quot;:&quot;0&quot;,&quot;copyright&quot;:&quot;&quot;,&quot;focal_length&quot;:&quot;0&quot;,&quot;iso&quot;:&quot;0&quot;,&quot;shutter_speed&quot;:&quot;0&quot;,&quot;title&quot;:&quot;&quot;,&quot;orientation&quot;:&quot;1&quot;}\" data-image-title=\"Gigi Hadid recebe o t\u00edtulo de \u2018Mulher do Ano\u2019\" data-image-description=\"\" data-image-caption=\"&lt;p&gt;Gigi Hadid recebe o t\u00edtulo de \u2018Mulher do Ano\u2019&lt;\/p&gt;\n\" data-medium-file=\"https:\/\/i0.wp.com\/agrund.com\/wp-content\/uploads\/sites\/6\/2017\/11\/Gigi-Hadid-Pictures05-1-e1509537434204.jpg?fit=198%2C300&amp;ssl=1\" data-large-file=\"https:\/\/i0.wp.com\/agrund.com\/wp-content\/uploads\/sites\/6\/2017\/11\/Gigi-Hadid-Pictures05-1-e1509537434204.jpg?fit=676%2C1024&amp;ssl=1\" decoding=\"async\" loading=\"lazy\" class=\"size-full wp-image-175246\" src=\"https:\/\/i0.wp.com\/www.agrund.com\/wp-content\/uploads\/sites\/6\/2017\/11\/Gigi-Hadid-Pictures05-1-e1509537434204.jpg?resize=600%2C908\" alt=\"\" width=\"600\" height=\"908\" data-recalc-dims=\"1\" \/><p id=\"caption-attachment-175246\" class=\"wp-caption-text\">Gigi Hadid recebe o t\u00edtulo de \u2018Mulher do Ano\u2019<\/p><\/div>\n<p>Fotos: Reprodu\u00e7\u00e3o.<\/p>\n","protected":false},"excerpt":{"rendered":"<p>Gigi Hadid leva o t\u00edtulo de \u2018Mulher do Ano\u2019A \u2018Glamour\u2019 americana convocou Gigi Hadid para estrelar a sua edi\u00e7\u00e3o dezembro 2017, que celebra as \u2018Mulheres do Ano\u2019. A escolha n\u00e3o foi aleat\u00f3ria, afinal Gigi levou o t\u00edtulo de \u2018Mulher do Ano\u2019 na categoria \u2018modelos\u2019. No clique de capa ela veste um smoking que de cl\u00e1ssico [&hellip;]<\/p>\n","protected":false},"author":8,"featured_media":175248,"comment_status":"open","ping_status":"open","sticky":false,"template":"","format":"standard","meta":{"jetpack_post_was_ever_published":false,"_jetpack_newsletter_access":"","jetpack_publicize_message":"","jetpack_is_tweetstorm":false,"jetpack_publicize_feature_enabled":true,"jetpack_social_post_already_shared":true,"jetpack_social_options":{"image_generator_settings":{"template":"highway","enabled":false}}},"categories":[2],"tags":[],"jetpack_publicize_connections":[],"jetpack_featured_media_url":"https:\/\/i0.wp.com\/agrund.com\/wp-content\/uploads\/sites\/6\/2017\/11\/s-2.jpg?fit=960%2C300&ssl=1","jetpack_sharing_enabled":true,"jetpack_shortlink":"https:\/\/wp.me\/p3Hz0n-JAt","jetpack_likes_enabled":true,"_links":{"self":[{"href":"https:\/\/agrund.com\/index.php\/wp-json\/wp\/v2\/posts\/175241"}],"collection":[{"href":"https:\/\/agrund.com\/index.php\/wp-json\/wp\/v2\/posts"}],"about":[{"href":"https:\/\/agrund.com\/index.php\/wp-json\/wp\/v2\/types\/post"}],"author":[{"embeddable":true,"href":"https:\/\/agrund.com\/index.php\/wp-json\/wp\/v2\/users\/8"}],"replies":[{"embeddable":true,"href":"https:\/\/agrund.com\/index.php\/wp-json\/wp\/v2\/comments?post=175241"}],"version-history":[{"count":0,"href":"https:\/\/agrund.com\/index.php\/wp-json\/wp\/v2\/posts\/175241\/revisions"}],"wp:featuredmedia":[{"embeddable":true,"href":"https:\/\/agrund.com\/index.php\/wp-json\/wp\/v2\/media\/175248"}],"wp:attachment":[{"href":"https:\/\/agrund.com\/index.php\/wp-json\/wp\/v2\/media?parent=175241"}],"wp:term":[{"taxonomy":"category","embeddable":true,"href":"https:\/\/agrund.com\/index.php\/wp-json\/wp\/v2\/categories?post=175241"},{"taxonomy":"post_tag","embeddable":true,"href":"https:\/\/agrund.com\/index.php\/wp-json\/wp\/v2\/tags?post=175241"}],"curies":[{"name":"wp","href":"https:\/\/api.w.org\/{rel}","templated":true}]}}