{"id":175233,"date":"2017-11-01T11:00:36","date_gmt":"2017-11-01T13:00:36","guid":{"rendered":"http:\/\/www.agrund.com\/?p=175233"},"modified":"2017-11-01T09:45:41","modified_gmt":"2017-11-01T11:45:41","slug":"christopher-bailey-anuncia-sua-saida-da-burberry","status":"publish","type":"post","link":"https:\/\/agrund.com\/index.php\/christopher-bailey-anuncia-sua-saida-da-burberry\/","title":{"rendered":"Christopher Bailey anuncia sua sa\u00edda da Burberry"},"content":{"rendered":"<p>Sim, depois de 17 anos \u00e0 frente da Burberry, Christopher Bailey anunciou que est\u00e1 saindo da marca. A \u00faltima cole\u00e7\u00e3o criada por ele ser\u00e1 a de ver\u00e3o 2018, que ainda vai ser apresentada em fevereiro do pr\u00f3ximo ano.<\/p>\n<p>O designer brit\u00e2nico foi o grande respons\u00e1vel por transformar a Burberry nos \u00faltimos anos e dar a ela uma nova cara.<\/p>\n<p>\u201cA marca passou por uma severa transforma\u00e7\u00e3o desde 2001\u201d, disse Marco Gobetti, atual presidente da Burberry.<\/p>\n<p>E a\u00ed, quem ser\u00e1 o novo diretor criativo da marca?<\/p>\n<div id=\"attachment_175234\" style=\"width: 610px\" class=\"wp-caption aligncenter\"><img aria-describedby=\"caption-attachment-175234\" data-attachment-id=\"175234\" data-permalink=\"https:\/\/agrund.com\/index.php\/christopher-bailey-anuncia-sua-saida-da-burberry\/christopher-bailey-2\/\" data-orig-file=\"https:\/\/i0.wp.com\/agrund.com\/wp-content\/uploads\/sites\/6\/2017\/11\/christopher-bailey-e1509536716834.jpg?fit=600%2C337&amp;ssl=1\" data-orig-size=\"600,337\" data-comments-opened=\"1\" data-image-meta=\"{&quot;aperture&quot;:&quot;0&quot;,&quot;credit&quot;:&quot;&quot;,&quot;camera&quot;:&quot;&quot;,&quot;caption&quot;:&quot;&quot;,&quot;created_timestamp&quot;:&quot;0&quot;,&quot;copyright&quot;:&quot;&quot;,&quot;focal_length&quot;:&quot;0&quot;,&quot;iso&quot;:&quot;0&quot;,&quot;shutter_speed&quot;:&quot;0&quot;,&quot;title&quot;:&quot;&quot;,&quot;orientation&quot;:&quot;0&quot;}\" data-image-title=\"Christopher Bailey anuncia sua sa\u00edda da Burberry\" data-image-description=\"\" data-image-caption=\"&lt;p&gt;Christopher Bailey anuncia sua sa\u00edda da Burberry&lt;\/p&gt;\n\" data-medium-file=\"https:\/\/i0.wp.com\/agrund.com\/wp-content\/uploads\/sites\/6\/2017\/11\/christopher-bailey-e1509536716834.jpg?fit=300%2C169&amp;ssl=1\" data-large-file=\"https:\/\/i0.wp.com\/agrund.com\/wp-content\/uploads\/sites\/6\/2017\/11\/christopher-bailey-e1509536716834.jpg?fit=1024%2C576&amp;ssl=1\" decoding=\"async\" loading=\"lazy\" class=\"size-full wp-image-175234\" src=\"https:\/\/i0.wp.com\/www.agrund.com\/wp-content\/uploads\/sites\/6\/2017\/11\/christopher-bailey-e1509536716834.jpg?resize=600%2C337\" alt=\"\" width=\"600\" height=\"337\" data-recalc-dims=\"1\" \/><p id=\"caption-attachment-175234\" class=\"wp-caption-text\">Christopher Bailey anuncia sua sa\u00edda da Burberry<\/p><\/div>\n<p>Foto: Reprodu\u00e7\u00e3o.<\/p>\n","protected":false},"excerpt":{"rendered":"<p>Sim, depois de 17 anos \u00e0 frente da Burberry, Christopher Bailey anunciou que est\u00e1 saindo da marca. A \u00faltima cole\u00e7\u00e3o criada por ele ser\u00e1 a de ver\u00e3o 2018, que ainda vai ser apresentada em fevereiro do pr\u00f3ximo ano. O designer brit\u00e2nico foi o grande respons\u00e1vel por transformar a Burberry nos \u00faltimos anos e dar a [&hellip;]<\/p>\n","protected":false},"author":8,"featured_media":175235,"comment_status":"open","ping_status":"open","sticky":false,"template":"","format":"standard","meta":{"jetpack_post_was_ever_published":false,"_jetpack_newsletter_access":"","jetpack_publicize_message":"","jetpack_is_tweetstorm":false,"jetpack_publicize_feature_enabled":true,"jetpack_social_post_already_shared":true,"jetpack_social_options":{"image_generator_settings":{"template":"highway","enabled":false}}},"categories":[2],"tags":[],"jetpack_publicize_connections":[],"jetpack_featured_media_url":"https:\/\/i0.wp.com\/agrund.com\/wp-content\/uploads\/sites\/6\/2017\/11\/s-1.jpg?fit=960%2C300&ssl=1","jetpack_sharing_enabled":true,"jetpack_shortlink":"https:\/\/wp.me\/p3Hz0n-JAl","jetpack_likes_enabled":true,"_links":{"self":[{"href":"https:\/\/agrund.com\/index.php\/wp-json\/wp\/v2\/posts\/175233"}],"collection":[{"href":"https:\/\/agrund.com\/index.php\/wp-json\/wp\/v2\/posts"}],"about":[{"href":"https:\/\/agrund.com\/index.php\/wp-json\/wp\/v2\/types\/post"}],"author":[{"embeddable":true,"href":"https:\/\/agrund.com\/index.php\/wp-json\/wp\/v2\/users\/8"}],"replies":[{"embeddable":true,"href":"https:\/\/agrund.com\/index.php\/wp-json\/wp\/v2\/comments?post=175233"}],"version-history":[{"count":0,"href":"https:\/\/agrund.com\/index.php\/wp-json\/wp\/v2\/posts\/175233\/revisions"}],"wp:featuredmedia":[{"embeddable":true,"href":"https:\/\/agrund.com\/index.php\/wp-json\/wp\/v2\/media\/175235"}],"wp:attachment":[{"href":"https:\/\/agrund.com\/index.php\/wp-json\/wp\/v2\/media?parent=175233"}],"wp:term":[{"taxonomy":"category","embeddable":true,"href":"https:\/\/agrund.com\/index.php\/wp-json\/wp\/v2\/categories?post=175233"},{"taxonomy":"post_tag","embeddable":true,"href":"https:\/\/agrund.com\/index.php\/wp-json\/wp\/v2\/tags?post=175233"}],"curies":[{"name":"wp","href":"https:\/\/api.w.org\/{rel}","templated":true}]}}