{"id":175220,"date":"2017-10-31T19:00:42","date_gmt":"2017-10-31T21:00:42","guid":{"rendered":"http:\/\/www.agrund.com\/?p=175220"},"modified":"2017-10-31T17:16:49","modified_gmt":"2017-10-31T19:16:49","slug":"david-beckham-assina-colecao-de-chuteiras","status":"publish","type":"post","link":"https:\/\/agrund.com\/index.php\/david-beckham-assina-colecao-de-chuteiras\/","title":{"rendered":"David Beckham assina cole\u00e7\u00e3o de chuteiras"},"content":{"rendered":"<p>A adidas Futebol acaba de lan\u00e7ar uma cole\u00e7\u00e3o de footwear com David Beckham. O jogador e a marca tem uma parceria de mais de 20 anos, ent\u00e3o nada mais justo do que criar uma nova vers\u00e3o da chuteira que Beckham usou durante grande parte de sua carreira.<\/p>\n<p>\u201cQuando lembro dos melhores momentos da minha carreira, lembro da adidas Predator. Ela sempre esteve l\u00e1, me ajudando a jogar melhor nas horas mais importantes. Quando a adidas me convidou para desenvolver uma vers\u00e3o atualizada da chuteira para campo, quadra e street, eu n\u00e3o tive d\u00favidas e aceitei na hora\u201d, explicou David Beckham.<\/p>\n<p>Partindo das cores mais importantes da carreira de Beckham, o resultados foram 3 modelos: uma chuteira de campo branca triple-white, uma de street preta triple-black, e uma de quadra vermelha triple-red.<\/p>\n<p>Os detalhes n\u00e3o ficaram de fora desta cole\u00e7\u00e3o. Os tr\u00eas n\u00fameros de camisas que Beckham usou est\u00e3o marcados no calcanhar de cada chuteira: 23 na triple-white de campo, 32 na triple-black de street e o lend\u00e1rio 7 na triple-red de society. Na parte interna de cada chuteira foram costurados alguns momentos importantes da carreira do jogador.<\/p>\n<p>Que tal? A nova cole\u00e7\u00e3o custar\u00e1 R$1.599,99 e estar\u00e1 \u00e0 venda no e-commerce da adidas a partir de dezembro.<\/p>\n<div id=\"attachment_175223\" style=\"width: 610px\" class=\"wp-caption aligncenter\"><img aria-describedby=\"caption-attachment-175223\" data-attachment-id=\"175223\" data-permalink=\"https:\/\/agrund.com\/index.php\/david-beckham-assina-colecao-de-chuteiras\/3-1029\/\" data-orig-file=\"https:\/\/i0.wp.com\/agrund.com\/wp-content\/uploads\/sites\/6\/2017\/10\/3-22.jpg?fit=600%2C338&amp;ssl=1\" data-orig-size=\"600,338\" data-comments-opened=\"1\" data-image-meta=\"{&quot;aperture&quot;:&quot;0&quot;,&quot;credit&quot;:&quot;&quot;,&quot;camera&quot;:&quot;&quot;,&quot;caption&quot;:&quot;&quot;,&quot;created_timestamp&quot;:&quot;0&quot;,&quot;copyright&quot;:&quot;&quot;,&quot;focal_length&quot;:&quot;0&quot;,&quot;iso&quot;:&quot;0&quot;,&quot;shutter_speed&quot;:&quot;0&quot;,&quot;title&quot;:&quot;&quot;,&quot;orientation&quot;:&quot;1&quot;}\" data-image-title=\"David Beckham assina cole\u00e7\u00e3o de chuteiras\" data-image-description=\"\" data-image-caption=\"&lt;p&gt;David Beckham assina cole\u00e7\u00e3o de chuteiras&lt;\/p&gt;\n\" data-medium-file=\"https:\/\/i0.wp.com\/agrund.com\/wp-content\/uploads\/sites\/6\/2017\/10\/3-22.jpg?fit=300%2C169&amp;ssl=1\" data-large-file=\"https:\/\/i0.wp.com\/agrund.com\/wp-content\/uploads\/sites\/6\/2017\/10\/3-22.jpg?fit=600%2C338&amp;ssl=1\" decoding=\"async\" loading=\"lazy\" class=\"size-full wp-image-175223\" src=\"https:\/\/i0.wp.com\/www.agrund.com\/wp-content\/uploads\/sites\/6\/2017\/10\/3-22.jpg?resize=600%2C338\" alt=\"\" width=\"600\" height=\"338\" srcset=\"https:\/\/i0.wp.com\/agrund.com\/wp-content\/uploads\/sites\/6\/2017\/10\/3-22.jpg?w=600&amp;ssl=1 600w, https:\/\/i0.wp.com\/agrund.com\/wp-content\/uploads\/sites\/6\/2017\/10\/3-22.jpg?resize=300%2C169&amp;ssl=1 300w\" sizes=\"(max-width: 600px) 100vw, 600px\" data-recalc-dims=\"1\" \/><p id=\"caption-attachment-175223\" class=\"wp-caption-text\">David Beckham assina cole\u00e7\u00e3o de chuteiras<\/p><\/div>\n<div id=\"attachment_175221\" style=\"width: 610px\" class=\"wp-caption aligncenter\"><img aria-describedby=\"caption-attachment-175221\" data-attachment-id=\"175221\" data-permalink=\"https:\/\/agrund.com\/index.php\/david-beckham-assina-colecao-de-chuteiras\/1-1139\/\" data-orig-file=\"https:\/\/i0.wp.com\/agrund.com\/wp-content\/uploads\/sites\/6\/2017\/10\/1-34.jpg?fit=1920%2C1080&amp;ssl=1\" data-orig-size=\"1920,1080\" data-comments-opened=\"1\" data-image-meta=\"{&quot;aperture&quot;:&quot;0&quot;,&quot;credit&quot;:&quot;&quot;,&quot;camera&quot;:&quot;&quot;,&quot;caption&quot;:&quot;&quot;,&quot;created_timestamp&quot;:&quot;0&quot;,&quot;copyright&quot;:&quot;&quot;,&quot;focal_length&quot;:&quot;0&quot;,&quot;iso&quot;:&quot;0&quot;,&quot;shutter_speed&quot;:&quot;0&quot;,&quot;title&quot;:&quot;&quot;,&quot;orientation&quot;:&quot;0&quot;}\" data-image-title=\"David Beckham assina cole\u00e7\u00e3o de chuteiras\" data-image-description=\"\" data-image-caption=\"&lt;p&gt;David Beckham assina cole\u00e7\u00e3o de chuteiras&lt;\/p&gt;\n\" data-medium-file=\"https:\/\/i0.wp.com\/agrund.com\/wp-content\/uploads\/sites\/6\/2017\/10\/1-34.jpg?fit=300%2C169&amp;ssl=1\" data-large-file=\"https:\/\/i0.wp.com\/agrund.com\/wp-content\/uploads\/sites\/6\/2017\/10\/1-34.jpg?fit=1024%2C576&amp;ssl=1\" decoding=\"async\" loading=\"lazy\" class=\"wp-image-175221\" src=\"https:\/\/i0.wp.com\/www.agrund.com\/wp-content\/uploads\/sites\/6\/2017\/10\/1-34.jpg?resize=600%2C338\" alt=\"\" width=\"600\" height=\"338\" srcset=\"https:\/\/i0.wp.com\/agrund.com\/wp-content\/uploads\/sites\/6\/2017\/10\/1-34.jpg?w=1920&amp;ssl=1 1920w, https:\/\/i0.wp.com\/agrund.com\/wp-content\/uploads\/sites\/6\/2017\/10\/1-34.jpg?resize=300%2C169&amp;ssl=1 300w, https:\/\/i0.wp.com\/agrund.com\/wp-content\/uploads\/sites\/6\/2017\/10\/1-34.jpg?resize=1024%2C576&amp;ssl=1 1024w\" sizes=\"(max-width: 600px) 100vw, 600px\" data-recalc-dims=\"1\" \/><p id=\"caption-attachment-175221\" class=\"wp-caption-text\">David Beckham assina cole\u00e7\u00e3o de chuteiras<\/p><\/div>\n<div id=\"attachment_175222\" style=\"width: 610px\" class=\"wp-caption aligncenter\"><img aria-describedby=\"caption-attachment-175222\" data-attachment-id=\"175222\" data-permalink=\"https:\/\/agrund.com\/index.php\/david-beckham-assina-colecao-de-chuteiras\/hyperfocal-0-22\/\" data-orig-file=\"https:\/\/i0.wp.com\/agrund.com\/wp-content\/uploads\/sites\/6\/2017\/10\/2-32.jpg?fit=600%2C440&amp;ssl=1\" data-orig-size=\"600,440\" data-comments-opened=\"1\" data-image-meta=\"{&quot;aperture&quot;:&quot;0&quot;,&quot;credit&quot;:&quot;&quot;,&quot;camera&quot;:&quot;IQ150&quot;,&quot;caption&quot;:&quot;HyperFocal: 0&quot;,&quot;created_timestamp&quot;:&quot;1493032797&quot;,&quot;copyright&quot;:&quot;&quot;,&quot;focal_length&quot;:&quot;0&quot;,&quot;iso&quot;:&quot;100&quot;,&quot;shutter_speed&quot;:&quot;0.00285714285714&quot;,&quot;title&quot;:&quot;HyperFocal: 0&quot;,&quot;orientation&quot;:&quot;1&quot;}\" data-image-title=\"David Beckham assina cole\u00e7\u00e3o de chuteiras\" data-image-description=\"\" data-image-caption=\"&lt;p&gt;David Beckham assina cole\u00e7\u00e3o de chuteiras&lt;\/p&gt;\n\" data-medium-file=\"https:\/\/i0.wp.com\/agrund.com\/wp-content\/uploads\/sites\/6\/2017\/10\/2-32.jpg?fit=300%2C220&amp;ssl=1\" data-large-file=\"https:\/\/i0.wp.com\/agrund.com\/wp-content\/uploads\/sites\/6\/2017\/10\/2-32.jpg?fit=600%2C440&amp;ssl=1\" decoding=\"async\" loading=\"lazy\" class=\"size-full wp-image-175222\" src=\"https:\/\/i0.wp.com\/www.agrund.com\/wp-content\/uploads\/sites\/6\/2017\/10\/2-32.jpg?resize=600%2C440\" alt=\"\" width=\"600\" height=\"440\" srcset=\"https:\/\/i0.wp.com\/agrund.com\/wp-content\/uploads\/sites\/6\/2017\/10\/2-32.jpg?w=600&amp;ssl=1 600w, https:\/\/i0.wp.com\/agrund.com\/wp-content\/uploads\/sites\/6\/2017\/10\/2-32.jpg?resize=300%2C220&amp;ssl=1 300w\" sizes=\"(max-width: 600px) 100vw, 600px\" data-recalc-dims=\"1\" \/><p id=\"caption-attachment-175222\" class=\"wp-caption-text\">David Beckham assina cole\u00e7\u00e3o de chuteiras<\/p><\/div>\n<div id=\"attachment_175225\" style=\"width: 610px\" class=\"wp-caption aligncenter\"><img aria-describedby=\"caption-attachment-175225\" data-attachment-id=\"175225\" data-permalink=\"https:\/\/agrund.com\/index.php\/david-beckham-assina-colecao-de-chuteiras\/5-892\/\" data-orig-file=\"https:\/\/i0.wp.com\/agrund.com\/wp-content\/uploads\/sites\/6\/2017\/10\/5-18.jpg?fit=600%2C400&amp;ssl=1\" data-orig-size=\"600,400\" data-comments-opened=\"1\" data-image-meta=\"{&quot;aperture&quot;:&quot;5.6&quot;,&quot;credit&quot;:&quot;&quot;,&quot;camera&quot;:&quot;Canon EOS 7D&quot;,&quot;caption&quot;:&quot;&quot;,&quot;created_timestamp&quot;:&quot;1501688711&quot;,&quot;copyright&quot;:&quot;&quot;,&quot;focal_length&quot;:&quot;28&quot;,&quot;iso&quot;:&quot;200&quot;,&quot;shutter_speed&quot;:&quot;0.00625&quot;,&quot;title&quot;:&quot;&quot;,&quot;orientation&quot;:&quot;1&quot;}\" data-image-title=\"David Beckham assina cole\u00e7\u00e3o de chuteiras\" data-image-description=\"\" data-image-caption=\"&lt;p&gt;David Beckham assina cole\u00e7\u00e3o de chuteiras&lt;\/p&gt;\n\" data-medium-file=\"https:\/\/i0.wp.com\/agrund.com\/wp-content\/uploads\/sites\/6\/2017\/10\/5-18.jpg?fit=300%2C200&amp;ssl=1\" data-large-file=\"https:\/\/i0.wp.com\/agrund.com\/wp-content\/uploads\/sites\/6\/2017\/10\/5-18.jpg?fit=600%2C400&amp;ssl=1\" decoding=\"async\" loading=\"lazy\" class=\"size-full wp-image-175225\" src=\"https:\/\/i0.wp.com\/www.agrund.com\/wp-content\/uploads\/sites\/6\/2017\/10\/5-18.jpg?resize=600%2C400\" alt=\"\" width=\"600\" height=\"400\" srcset=\"https:\/\/i0.wp.com\/agrund.com\/wp-content\/uploads\/sites\/6\/2017\/10\/5-18.jpg?w=600&amp;ssl=1 600w, https:\/\/i0.wp.com\/agrund.com\/wp-content\/uploads\/sites\/6\/2017\/10\/5-18.jpg?resize=300%2C200&amp;ssl=1 300w\" sizes=\"(max-width: 600px) 100vw, 600px\" data-recalc-dims=\"1\" \/><p id=\"caption-attachment-175225\" class=\"wp-caption-text\">David Beckham assina cole\u00e7\u00e3o de chuteiras<\/p><\/div>\n<div id=\"attachment_175224\" style=\"width: 610px\" class=\"wp-caption aligncenter\"><img aria-describedby=\"caption-attachment-175224\" data-attachment-id=\"175224\" data-permalink=\"https:\/\/agrund.com\/index.php\/david-beckham-assina-colecao-de-chuteiras\/4-961\/\" data-orig-file=\"https:\/\/i0.wp.com\/agrund.com\/wp-content\/uploads\/sites\/6\/2017\/10\/4-18.jpg?fit=600%2C400&amp;ssl=1\" data-orig-size=\"600,400\" data-comments-opened=\"1\" data-image-meta=\"{&quot;aperture&quot;:&quot;4.5&quot;,&quot;credit&quot;:&quot;&quot;,&quot;camera&quot;:&quot;Canon EOS 7D&quot;,&quot;caption&quot;:&quot;&quot;,&quot;created_timestamp&quot;:&quot;1501688824&quot;,&quot;copyright&quot;:&quot;&quot;,&quot;focal_length&quot;:&quot;38&quot;,&quot;iso&quot;:&quot;200&quot;,&quot;shutter_speed&quot;:&quot;0.008&quot;,&quot;title&quot;:&quot;&quot;,&quot;orientation&quot;:&quot;1&quot;}\" data-image-title=\"David Beckham assina cole\u00e7\u00e3o de chuteiras\" data-image-description=\"\" data-image-caption=\"&lt;p&gt;David Beckham assina cole\u00e7\u00e3o de chuteiras&lt;\/p&gt;\n\" data-medium-file=\"https:\/\/i0.wp.com\/agrund.com\/wp-content\/uploads\/sites\/6\/2017\/10\/4-18.jpg?fit=300%2C200&amp;ssl=1\" data-large-file=\"https:\/\/i0.wp.com\/agrund.com\/wp-content\/uploads\/sites\/6\/2017\/10\/4-18.jpg?fit=600%2C400&amp;ssl=1\" decoding=\"async\" loading=\"lazy\" class=\"size-full wp-image-175224\" src=\"https:\/\/i0.wp.com\/www.agrund.com\/wp-content\/uploads\/sites\/6\/2017\/10\/4-18.jpg?resize=600%2C400\" alt=\"\" width=\"600\" height=\"400\" srcset=\"https:\/\/i0.wp.com\/agrund.com\/wp-content\/uploads\/sites\/6\/2017\/10\/4-18.jpg?w=600&amp;ssl=1 600w, https:\/\/i0.wp.com\/agrund.com\/wp-content\/uploads\/sites\/6\/2017\/10\/4-18.jpg?resize=300%2C200&amp;ssl=1 300w\" sizes=\"(max-width: 600px) 100vw, 600px\" data-recalc-dims=\"1\" \/><p id=\"caption-attachment-175224\" class=\"wp-caption-text\">David Beckham assina cole\u00e7\u00e3o de chuteiras<\/p><\/div>\n<div id=\"attachment_175226\" style=\"width: 610px\" class=\"wp-caption aligncenter\"><img aria-describedby=\"caption-attachment-175226\" data-attachment-id=\"175226\" data-permalink=\"https:\/\/agrund.com\/index.php\/david-beckham-assina-colecao-de-chuteiras\/6-854\/\" data-orig-file=\"https:\/\/i0.wp.com\/agrund.com\/wp-content\/uploads\/sites\/6\/2017\/10\/6-14.jpg?fit=600%2C400&amp;ssl=1\" data-orig-size=\"600,400\" data-comments-opened=\"1\" data-image-meta=\"{&quot;aperture&quot;:&quot;4.5&quot;,&quot;credit&quot;:&quot;&quot;,&quot;camera&quot;:&quot;Canon EOS 7D&quot;,&quot;caption&quot;:&quot;&quot;,&quot;created_timestamp&quot;:&quot;1501689156&quot;,&quot;copyright&quot;:&quot;&quot;,&quot;focal_length&quot;:&quot;38&quot;,&quot;iso&quot;:&quot;200&quot;,&quot;shutter_speed&quot;:&quot;0.008&quot;,&quot;title&quot;:&quot;&quot;,&quot;orientation&quot;:&quot;1&quot;}\" data-image-title=\"David Beckham assina cole\u00e7\u00e3o de chuteiras\" data-image-description=\"\" data-image-caption=\"&lt;p&gt;David Beckham assina cole\u00e7\u00e3o de chuteiras&lt;\/p&gt;\n\" data-medium-file=\"https:\/\/i0.wp.com\/agrund.com\/wp-content\/uploads\/sites\/6\/2017\/10\/6-14.jpg?fit=300%2C200&amp;ssl=1\" data-large-file=\"https:\/\/i0.wp.com\/agrund.com\/wp-content\/uploads\/sites\/6\/2017\/10\/6-14.jpg?fit=600%2C400&amp;ssl=1\" decoding=\"async\" loading=\"lazy\" class=\"size-full wp-image-175226\" src=\"https:\/\/i0.wp.com\/www.agrund.com\/wp-content\/uploads\/sites\/6\/2017\/10\/6-14.jpg?resize=600%2C400\" alt=\"\" width=\"600\" height=\"400\" srcset=\"https:\/\/i0.wp.com\/agrund.com\/wp-content\/uploads\/sites\/6\/2017\/10\/6-14.jpg?w=600&amp;ssl=1 600w, https:\/\/i0.wp.com\/agrund.com\/wp-content\/uploads\/sites\/6\/2017\/10\/6-14.jpg?resize=300%2C200&amp;ssl=1 300w\" sizes=\"(max-width: 600px) 100vw, 600px\" data-recalc-dims=\"1\" \/><p id=\"caption-attachment-175226\" class=\"wp-caption-text\">David Beckham assina cole\u00e7\u00e3o de chuteiras<\/p><\/div>\n<p>Fotos: Divulga\u00e7\u00e3o.<\/p>\n<p>&nbsp;<\/p>\n<p>&nbsp;<\/p>\n","protected":false},"excerpt":{"rendered":"<p>A adidas Futebol acaba de lan\u00e7ar uma cole\u00e7\u00e3o de footwear com David Beckham. O jogador e a marca tem uma parceria de mais de 20 anos, ent\u00e3o nada mais justo do que criar uma nova vers\u00e3o da chuteira que Beckham usou durante grande parte de sua carreira. \u201cQuando lembro dos melhores momentos da minha carreira, [&hellip;]<\/p>\n","protected":false},"author":8,"featured_media":175227,"comment_status":"open","ping_status":"open","sticky":false,"template":"","format":"standard","meta":{"jetpack_post_was_ever_published":false,"_jetpack_newsletter_access":"","jetpack_publicize_message":"","jetpack_is_tweetstorm":false,"jetpack_publicize_feature_enabled":true,"jetpack_social_post_already_shared":true,"jetpack_social_options":{"image_generator_settings":{"template":"highway","enabled":false}}},"categories":[2],"tags":[],"jetpack_publicize_connections":[],"jetpack_featured_media_url":"https:\/\/i0.wp.com\/agrund.com\/wp-content\/uploads\/sites\/6\/2017\/10\/s-124.jpg?fit=960%2C300&ssl=1","jetpack_sharing_enabled":true,"jetpack_shortlink":"https:\/\/wp.me\/p3Hz0n-JA8","jetpack_likes_enabled":true,"_links":{"self":[{"href":"https:\/\/agrund.com\/index.php\/wp-json\/wp\/v2\/posts\/175220"}],"collection":[{"href":"https:\/\/agrund.com\/index.php\/wp-json\/wp\/v2\/posts"}],"about":[{"href":"https:\/\/agrund.com\/index.php\/wp-json\/wp\/v2\/types\/post"}],"author":[{"embeddable":true,"href":"https:\/\/agrund.com\/index.php\/wp-json\/wp\/v2\/users\/8"}],"replies":[{"embeddable":true,"href":"https:\/\/agrund.com\/index.php\/wp-json\/wp\/v2\/comments?post=175220"}],"version-history":[{"count":0,"href":"https:\/\/agrund.com\/index.php\/wp-json\/wp\/v2\/posts\/175220\/revisions"}],"wp:featuredmedia":[{"embeddable":true,"href":"https:\/\/agrund.com\/index.php\/wp-json\/wp\/v2\/media\/175227"}],"wp:attachment":[{"href":"https:\/\/agrund.com\/index.php\/wp-json\/wp\/v2\/media?parent=175220"}],"wp:term":[{"taxonomy":"category","embeddable":true,"href":"https:\/\/agrund.com\/index.php\/wp-json\/wp\/v2\/categories?post=175220"},{"taxonomy":"post_tag","embeddable":true,"href":"https:\/\/agrund.com\/index.php\/wp-json\/wp\/v2\/tags?post=175220"}],"curies":[{"name":"wp","href":"https:\/\/api.w.org\/{rel}","templated":true}]}}