{"id":175167,"date":"2017-10-30T18:00:16","date_gmt":"2017-10-30T20:00:16","guid":{"rendered":"http:\/\/www.agrund.com\/?p=175167"},"modified":"2017-10-30T16:52:06","modified_gmt":"2017-10-30T18:52:06","slug":"colecao-vans-x-karl-lagerfeld-chega-ao-brasil","status":"publish","type":"post","link":"https:\/\/agrund.com\/index.php\/colecao-vans-x-karl-lagerfeld-chega-ao-brasil\/","title":{"rendered":"Cole\u00e7\u00e3o Vans x Karl Lagerfeld chega ao Brasil"},"content":{"rendered":"<p>Se lembra quando contamos <a href=\"http:\/\/www.agrund.com\/vans-confirma-parceria-com-karl-lagerfeld\/\">AQUI<\/a> que a Vans iria lan\u00e7ar uma cole\u00e7\u00e3o assinada por Karl Lagerfeld? Pois ela est\u00e1 chegando ao Brasil! A Vans x Karl Lagerfeld une a pegada streetwear da marca com a eleg\u00e2ncia \u00edmpar do estilista.<\/p>\n<p>S\u00e3o camisetas, bon\u00e9s, jaquetas bomber, moletom e t\u00eanis, claro. Karl desenvolveu tr\u00eas modelos, sendo dois deles in\u00e9ditos: o Sk8-Hi Laceless Platform em couro matelass\u00ea e o Old Skool Laceless Platform, em couro liso, ambos com solado plataforma. O trabalho de matelass\u00ea tamb\u00e9m aparece no t\u00eanis slip-on.<\/p>\n<p>Gostou? A pe\u00e7as da Vans x Karl Lagerfeld j\u00e1 podem ser encontradas no e-commerce da marca e em revendedores autorizados. Os pre\u00e7os variam de R$159,99 a R$699,99.<\/p>\n<div id=\"attachment_175168\" style=\"width: 610px\" class=\"wp-caption aligncenter\"><img aria-describedby=\"caption-attachment-175168\" data-attachment-id=\"175168\" data-permalink=\"https:\/\/agrund.com\/index.php\/colecao-vans-x-karl-lagerfeld-chega-ao-brasil\/1-1136\/\" data-orig-file=\"https:\/\/i0.wp.com\/agrund.com\/wp-content\/uploads\/sites\/6\/2017\/10\/1-31.jpg?fit=600%2C600&amp;ssl=1\" data-orig-size=\"600,600\" data-comments-opened=\"1\" data-image-meta=\"{&quot;aperture&quot;:&quot;0&quot;,&quot;credit&quot;:&quot;&quot;,&quot;camera&quot;:&quot;&quot;,&quot;caption&quot;:&quot;&quot;,&quot;created_timestamp&quot;:&quot;0&quot;,&quot;copyright&quot;:&quot;&quot;,&quot;focal_length&quot;:&quot;0&quot;,&quot;iso&quot;:&quot;0&quot;,&quot;shutter_speed&quot;:&quot;0&quot;,&quot;title&quot;:&quot;&quot;,&quot;orientation&quot;:&quot;1&quot;}\" data-image-title=\"Cole\u00e7\u00e3o Vans x Karl Lagerfeld chega ao Brasil\" data-image-description=\"\" data-image-caption=\"&lt;p&gt;Cole\u00e7\u00e3o Vans x Karl Lagerfeld chega ao Brasil&lt;\/p&gt;\n\" data-medium-file=\"https:\/\/i0.wp.com\/agrund.com\/wp-content\/uploads\/sites\/6\/2017\/10\/1-31.jpg?fit=300%2C300&amp;ssl=1\" data-large-file=\"https:\/\/i0.wp.com\/agrund.com\/wp-content\/uploads\/sites\/6\/2017\/10\/1-31.jpg?fit=600%2C600&amp;ssl=1\" decoding=\"async\" loading=\"lazy\" class=\"size-full wp-image-175168\" src=\"https:\/\/i0.wp.com\/www.agrund.com\/wp-content\/uploads\/sites\/6\/2017\/10\/1-31.jpg?resize=600%2C600\" alt=\"\" width=\"600\" height=\"600\" srcset=\"https:\/\/i0.wp.com\/agrund.com\/wp-content\/uploads\/sites\/6\/2017\/10\/1-31.jpg?w=600&amp;ssl=1 600w, https:\/\/i0.wp.com\/agrund.com\/wp-content\/uploads\/sites\/6\/2017\/10\/1-31.jpg?resize=150%2C150&amp;ssl=1 150w, https:\/\/i0.wp.com\/agrund.com\/wp-content\/uploads\/sites\/6\/2017\/10\/1-31.jpg?resize=300%2C300&amp;ssl=1 300w\" sizes=\"(max-width: 600px) 100vw, 600px\" data-recalc-dims=\"1\" \/><p id=\"caption-attachment-175168\" class=\"wp-caption-text\">Cole\u00e7\u00e3o Vans x Karl Lagerfeld chega ao Brasil<\/p><\/div>\n<div id=\"attachment_175169\" style=\"width: 610px\" class=\"wp-caption aligncenter\"><img aria-describedby=\"caption-attachment-175169\" data-attachment-id=\"175169\" data-permalink=\"https:\/\/agrund.com\/index.php\/colecao-vans-x-karl-lagerfeld-chega-ao-brasil\/2-1091\/\" data-orig-file=\"https:\/\/i0.wp.com\/agrund.com\/wp-content\/uploads\/sites\/6\/2017\/10\/2-29.jpg?fit=600%2C600&amp;ssl=1\" data-orig-size=\"600,600\" data-comments-opened=\"1\" data-image-meta=\"{&quot;aperture&quot;:&quot;0&quot;,&quot;credit&quot;:&quot;&quot;,&quot;camera&quot;:&quot;&quot;,&quot;caption&quot;:&quot;&quot;,&quot;created_timestamp&quot;:&quot;0&quot;,&quot;copyright&quot;:&quot;&quot;,&quot;focal_length&quot;:&quot;0&quot;,&quot;iso&quot;:&quot;0&quot;,&quot;shutter_speed&quot;:&quot;0&quot;,&quot;title&quot;:&quot;&quot;,&quot;orientation&quot;:&quot;1&quot;}\" data-image-title=\"Cole\u00e7\u00e3o Vans x Karl Lagerfeld chega ao Brasil\" data-image-description=\"\" data-image-caption=\"&lt;p&gt;Cole\u00e7\u00e3o Vans x Karl Lagerfeld chega ao Brasil&lt;\/p&gt;\n\" data-medium-file=\"https:\/\/i0.wp.com\/agrund.com\/wp-content\/uploads\/sites\/6\/2017\/10\/2-29.jpg?fit=300%2C300&amp;ssl=1\" data-large-file=\"https:\/\/i0.wp.com\/agrund.com\/wp-content\/uploads\/sites\/6\/2017\/10\/2-29.jpg?fit=600%2C600&amp;ssl=1\" decoding=\"async\" loading=\"lazy\" class=\"size-full wp-image-175169\" src=\"https:\/\/i0.wp.com\/www.agrund.com\/wp-content\/uploads\/sites\/6\/2017\/10\/2-29.jpg?resize=600%2C600\" alt=\"\" width=\"600\" height=\"600\" srcset=\"https:\/\/i0.wp.com\/agrund.com\/wp-content\/uploads\/sites\/6\/2017\/10\/2-29.jpg?w=600&amp;ssl=1 600w, https:\/\/i0.wp.com\/agrund.com\/wp-content\/uploads\/sites\/6\/2017\/10\/2-29.jpg?resize=150%2C150&amp;ssl=1 150w, https:\/\/i0.wp.com\/agrund.com\/wp-content\/uploads\/sites\/6\/2017\/10\/2-29.jpg?resize=300%2C300&amp;ssl=1 300w\" sizes=\"(max-width: 600px) 100vw, 600px\" data-recalc-dims=\"1\" \/><p id=\"caption-attachment-175169\" class=\"wp-caption-text\">Cole\u00e7\u00e3o Vans x Karl Lagerfeld chega ao Brasil<\/p><\/div>\n<div id=\"attachment_175170\" style=\"width: 610px\" class=\"wp-caption aligncenter\"><img aria-describedby=\"caption-attachment-175170\" data-attachment-id=\"175170\" data-permalink=\"https:\/\/agrund.com\/index.php\/colecao-vans-x-karl-lagerfeld-chega-ao-brasil\/3-1028\/\" data-orig-file=\"https:\/\/i0.wp.com\/agrund.com\/wp-content\/uploads\/sites\/6\/2017\/10\/3-21.jpg?fit=600%2C600&amp;ssl=1\" data-orig-size=\"600,600\" data-comments-opened=\"1\" data-image-meta=\"{&quot;aperture&quot;:&quot;0&quot;,&quot;credit&quot;:&quot;&quot;,&quot;camera&quot;:&quot;&quot;,&quot;caption&quot;:&quot;&quot;,&quot;created_timestamp&quot;:&quot;0&quot;,&quot;copyright&quot;:&quot;&quot;,&quot;focal_length&quot;:&quot;0&quot;,&quot;iso&quot;:&quot;0&quot;,&quot;shutter_speed&quot;:&quot;0&quot;,&quot;title&quot;:&quot;&quot;,&quot;orientation&quot;:&quot;1&quot;}\" data-image-title=\"Cole\u00e7\u00e3o Vans x Karl Lagerfeld chega ao Brasil\" data-image-description=\"\" data-image-caption=\"&lt;p&gt;Cole\u00e7\u00e3o Vans x Karl Lagerfeld chega ao Brasil&lt;\/p&gt;\n\" data-medium-file=\"https:\/\/i0.wp.com\/agrund.com\/wp-content\/uploads\/sites\/6\/2017\/10\/3-21.jpg?fit=300%2C300&amp;ssl=1\" data-large-file=\"https:\/\/i0.wp.com\/agrund.com\/wp-content\/uploads\/sites\/6\/2017\/10\/3-21.jpg?fit=600%2C600&amp;ssl=1\" decoding=\"async\" loading=\"lazy\" class=\"size-full wp-image-175170\" src=\"https:\/\/i0.wp.com\/www.agrund.com\/wp-content\/uploads\/sites\/6\/2017\/10\/3-21.jpg?resize=600%2C600\" alt=\"\" width=\"600\" height=\"600\" srcset=\"https:\/\/i0.wp.com\/agrund.com\/wp-content\/uploads\/sites\/6\/2017\/10\/3-21.jpg?w=600&amp;ssl=1 600w, https:\/\/i0.wp.com\/agrund.com\/wp-content\/uploads\/sites\/6\/2017\/10\/3-21.jpg?resize=150%2C150&amp;ssl=1 150w, https:\/\/i0.wp.com\/agrund.com\/wp-content\/uploads\/sites\/6\/2017\/10\/3-21.jpg?resize=300%2C300&amp;ssl=1 300w\" sizes=\"(max-width: 600px) 100vw, 600px\" data-recalc-dims=\"1\" \/><p id=\"caption-attachment-175170\" class=\"wp-caption-text\">Cole\u00e7\u00e3o Vans x Karl Lagerfeld chega ao Brasil<\/p><\/div>\n<p>Fotos: Divulga\u00e7\u00e3o.<\/p>\n","protected":false},"excerpt":{"rendered":"<p>Se lembra quando contamos AQUI que a Vans iria lan\u00e7ar uma cole\u00e7\u00e3o assinada por Karl Lagerfeld? Pois ela est\u00e1 chegando ao Brasil! A Vans x Karl Lagerfeld une a pegada streetwear da marca com a eleg\u00e2ncia \u00edmpar do estilista. S\u00e3o camisetas, bon\u00e9s, jaquetas bomber, moletom e t\u00eanis, claro. Karl desenvolveu tr\u00eas modelos, sendo dois deles [&hellip;]<\/p>\n","protected":false},"author":8,"featured_media":175171,"comment_status":"open","ping_status":"open","sticky":false,"template":"","format":"standard","meta":{"jetpack_post_was_ever_published":false,"_jetpack_newsletter_access":"","jetpack_publicize_message":"","jetpack_is_tweetstorm":false,"jetpack_publicize_feature_enabled":true,"jetpack_social_post_already_shared":true,"jetpack_social_options":{"image_generator_settings":{"template":"highway","enabled":false}}},"categories":[2],"tags":[],"jetpack_publicize_connections":[],"jetpack_featured_media_url":"https:\/\/i0.wp.com\/agrund.com\/wp-content\/uploads\/sites\/6\/2017\/10\/s-118.jpg?fit=960%2C300&ssl=1","jetpack_sharing_enabled":true,"jetpack_shortlink":"https:\/\/wp.me\/p3Hz0n-Jzh","jetpack_likes_enabled":true,"_links":{"self":[{"href":"https:\/\/agrund.com\/index.php\/wp-json\/wp\/v2\/posts\/175167"}],"collection":[{"href":"https:\/\/agrund.com\/index.php\/wp-json\/wp\/v2\/posts"}],"about":[{"href":"https:\/\/agrund.com\/index.php\/wp-json\/wp\/v2\/types\/post"}],"author":[{"embeddable":true,"href":"https:\/\/agrund.com\/index.php\/wp-json\/wp\/v2\/users\/8"}],"replies":[{"embeddable":true,"href":"https:\/\/agrund.com\/index.php\/wp-json\/wp\/v2\/comments?post=175167"}],"version-history":[{"count":0,"href":"https:\/\/agrund.com\/index.php\/wp-json\/wp\/v2\/posts\/175167\/revisions"}],"wp:featuredmedia":[{"embeddable":true,"href":"https:\/\/agrund.com\/index.php\/wp-json\/wp\/v2\/media\/175171"}],"wp:attachment":[{"href":"https:\/\/agrund.com\/index.php\/wp-json\/wp\/v2\/media?parent=175167"}],"wp:term":[{"taxonomy":"category","embeddable":true,"href":"https:\/\/agrund.com\/index.php\/wp-json\/wp\/v2\/categories?post=175167"},{"taxonomy":"post_tag","embeddable":true,"href":"https:\/\/agrund.com\/index.php\/wp-json\/wp\/v2\/tags?post=175167"}],"curies":[{"name":"wp","href":"https:\/\/api.w.org\/{rel}","templated":true}]}}