{"id":175146,"date":"2017-10-30T13:00:47","date_gmt":"2017-10-30T15:00:47","guid":{"rendered":"http:\/\/www.agrund.com\/?p=175146"},"modified":"2017-10-30T10:36:51","modified_gmt":"2017-10-30T12:36:51","slug":"exposicao-celebra-os-20-anos-da-casa-de-criadores","status":"publish","type":"post","link":"https:\/\/agrund.com\/index.php\/exposicao-celebra-os-20-anos-da-casa-de-criadores\/","title":{"rendered":"Exposi\u00e7\u00e3o celebra os 20 anos da Casa de Criadores"},"content":{"rendered":"<p>Se voc\u00ea acompanha a moda brasileira n\u00e3o pode deixar de conferir a exposi\u00e7\u00e3o \u201cCasa de Criadores \u2013 20 anos\u201d. Para celebrar suas duas d\u00e9cadas, o evento reuniu alguns nomes para vestir looks de participantes e ex-participantes das suas edi\u00e7\u00f5es.<\/p>\n<p>A modelo Mariana Weickert, o rapper Rico Dalasam, a jornalista Lilian Pacce e o estilista Dudu Bertholini foram alguns dos escolhidos para estrelarem a expo. Quanto aos looks, eles s\u00e3o cria\u00e7\u00f5es de Jo\u00e3o Pimenta,Juliana Jabour, Wal\u00e9rio Ara\u00fajo, Caio Gobbi, Fernando Cozendey, Karlla Girotto, Lorenzo Merlino, Mario Queiroz e Rober Dognani. Que tal?<\/p>\n<p>A exposi\u00e7\u00e3o est\u00e1 em cartaz no Shopping Eldorado at\u00e9 o dia 26 de novembro. Confira alguns cliques na galeria abaixo:<\/p>\n<div id=\"attachment_175148\" style=\"width: 610px\" class=\"wp-caption aligncenter\"><img aria-describedby=\"caption-attachment-175148\" data-attachment-id=\"175148\" data-permalink=\"https:\/\/agrund.com\/index.php\/exposicao-celebra-os-20-anos-da-casa-de-criadores\/20_anos_casa_de_criadores_mariana-weickert-veste-sumemo\/\" data-orig-file=\"https:\/\/i0.wp.com\/agrund.com\/wp-content\/uploads\/sites\/6\/2017\/10\/20_anos_casa_de_criadores_mariana-weickert-veste-sumemo-e1509366836543.jpg?fit=600%2C934&amp;ssl=1\" data-orig-size=\"600,934\" data-comments-opened=\"1\" data-image-meta=\"{&quot;aperture&quot;:&quot;0&quot;,&quot;credit&quot;:&quot;&quot;,&quot;camera&quot;:&quot;&quot;,&quot;caption&quot;:&quot;&quot;,&quot;created_timestamp&quot;:&quot;0&quot;,&quot;copyright&quot;:&quot;&quot;,&quot;focal_length&quot;:&quot;0&quot;,&quot;iso&quot;:&quot;0&quot;,&quot;shutter_speed&quot;:&quot;0&quot;,&quot;title&quot;:&quot;&quot;,&quot;orientation&quot;:&quot;0&quot;}\" data-image-title=\"Exposi\u00e7\u00e3o celebra os 20 anos da Casa de Criadores\" data-image-description=\"\" data-image-caption=\"&lt;p&gt;Exposi\u00e7\u00e3o celebra os 20 anos da Casa de Criadores&lt;\/p&gt;\n\" data-medium-file=\"https:\/\/i0.wp.com\/agrund.com\/wp-content\/uploads\/sites\/6\/2017\/10\/20_anos_casa_de_criadores_mariana-weickert-veste-sumemo-e1509366836543.jpg?fit=193%2C300&amp;ssl=1\" data-large-file=\"https:\/\/i0.wp.com\/agrund.com\/wp-content\/uploads\/sites\/6\/2017\/10\/20_anos_casa_de_criadores_mariana-weickert-veste-sumemo-e1509366836543.jpg?fit=658%2C1024&amp;ssl=1\" decoding=\"async\" loading=\"lazy\" class=\"size-full wp-image-175148\" src=\"https:\/\/i0.wp.com\/www.agrund.com\/wp-content\/uploads\/sites\/6\/2017\/10\/20_anos_casa_de_criadores_mariana-weickert-veste-sumemo-e1509366836543.jpg?resize=600%2C934\" alt=\"\" width=\"600\" height=\"934\" data-recalc-dims=\"1\" \/><p id=\"caption-attachment-175148\" class=\"wp-caption-text\">Exposi\u00e7\u00e3o celebra os 20 anos da Casa de Criadores<\/p><\/div>\n<div id=\"attachment_175149\" style=\"width: 610px\" class=\"wp-caption aligncenter\"><img aria-describedby=\"caption-attachment-175149\" data-attachment-id=\"175149\" data-permalink=\"https:\/\/agrund.com\/index.php\/exposicao-celebra-os-20-anos-da-casa-de-criadores\/20_anos_casa_de_criadores_marina-dias-veste-rober-dognani\/\" data-orig-file=\"https:\/\/i0.wp.com\/agrund.com\/wp-content\/uploads\/sites\/6\/2017\/10\/20_anos_Casa_de_Criadores_Marina-Dias-veste-Rober-Dognani-e1509366861915.jpg?fit=600%2C934&amp;ssl=1\" data-orig-size=\"600,934\" data-comments-opened=\"1\" data-image-meta=\"{&quot;aperture&quot;:&quot;0&quot;,&quot;credit&quot;:&quot;&quot;,&quot;camera&quot;:&quot;&quot;,&quot;caption&quot;:&quot;&quot;,&quot;created_timestamp&quot;:&quot;0&quot;,&quot;copyright&quot;:&quot;&quot;,&quot;focal_length&quot;:&quot;0&quot;,&quot;iso&quot;:&quot;0&quot;,&quot;shutter_speed&quot;:&quot;0&quot;,&quot;title&quot;:&quot;&quot;,&quot;orientation&quot;:&quot;1&quot;}\" data-image-title=\"Exposi\u00e7\u00e3o celebra os 20 anos da Casa de Criadores\" data-image-description=\"\" data-image-caption=\"&lt;p&gt;Exposi\u00e7\u00e3o celebra os 20 anos da Casa de Criadores&lt;\/p&gt;\n\" data-medium-file=\"https:\/\/i0.wp.com\/agrund.com\/wp-content\/uploads\/sites\/6\/2017\/10\/20_anos_Casa_de_Criadores_Marina-Dias-veste-Rober-Dognani-e1509366861915.jpg?fit=193%2C300&amp;ssl=1\" data-large-file=\"https:\/\/i0.wp.com\/agrund.com\/wp-content\/uploads\/sites\/6\/2017\/10\/20_anos_Casa_de_Criadores_Marina-Dias-veste-Rober-Dognani-e1509366861915.jpg?fit=658%2C1024&amp;ssl=1\" decoding=\"async\" loading=\"lazy\" class=\"size-full wp-image-175149\" src=\"https:\/\/i0.wp.com\/www.agrund.com\/wp-content\/uploads\/sites\/6\/2017\/10\/20_anos_Casa_de_Criadores_Marina-Dias-veste-Rober-Dognani-e1509366861915.jpg?resize=600%2C934\" alt=\"\" width=\"600\" height=\"934\" data-recalc-dims=\"1\" \/><p id=\"caption-attachment-175149\" class=\"wp-caption-text\">Exposi\u00e7\u00e3o celebra os 20 anos da Casa de Criadores<\/p><\/div>\n<div id=\"attachment_175147\" style=\"width: 610px\" class=\"wp-caption aligncenter\"><img aria-describedby=\"caption-attachment-175147\" data-attachment-id=\"175147\" data-permalink=\"https:\/\/agrund.com\/index.php\/exposicao-celebra-os-20-anos-da-casa-de-criadores\/20_anos_casa_de_criadores_lilian-pacce-veste-joa%cc%83o-pimenta\/\" data-orig-file=\"https:\/\/i0.wp.com\/agrund.com\/wp-content\/uploads\/sites\/6\/2017\/10\/20_anos_Casa_de_Criadores_Lilian-Pacce-veste-Joa\u0303o-Pimenta-e1509366849454.jpg?fit=600%2C934&amp;ssl=1\" data-orig-size=\"600,934\" data-comments-opened=\"1\" data-image-meta=\"{&quot;aperture&quot;:&quot;0&quot;,&quot;credit&quot;:&quot;&quot;,&quot;camera&quot;:&quot;&quot;,&quot;caption&quot;:&quot;&quot;,&quot;created_timestamp&quot;:&quot;0&quot;,&quot;copyright&quot;:&quot;&quot;,&quot;focal_length&quot;:&quot;0&quot;,&quot;iso&quot;:&quot;0&quot;,&quot;shutter_speed&quot;:&quot;0&quot;,&quot;title&quot;:&quot;&quot;,&quot;orientation&quot;:&quot;1&quot;}\" data-image-title=\"Exposi\u00e7\u00e3o celebra os 20 anos da Casa de Criadores\" data-image-description=\"\" data-image-caption=\"&lt;p&gt;Exposi\u00e7\u00e3o celebra os 20 anos da Casa de Criadores&lt;\/p&gt;\n\" data-medium-file=\"https:\/\/i0.wp.com\/agrund.com\/wp-content\/uploads\/sites\/6\/2017\/10\/20_anos_Casa_de_Criadores_Lilian-Pacce-veste-Joa\u0303o-Pimenta-e1509366849454.jpg?fit=193%2C300&amp;ssl=1\" data-large-file=\"https:\/\/i0.wp.com\/agrund.com\/wp-content\/uploads\/sites\/6\/2017\/10\/20_anos_Casa_de_Criadores_Lilian-Pacce-veste-Joa\u0303o-Pimenta-e1509366849454.jpg?fit=658%2C1024&amp;ssl=1\" decoding=\"async\" loading=\"lazy\" class=\"size-full wp-image-175147\" src=\"https:\/\/i0.wp.com\/www.agrund.com\/wp-content\/uploads\/sites\/6\/2017\/10\/20_anos_Casa_de_Criadores_Lilian-Pacce-veste-Joa\u0303o-Pimenta-e1509366849454.jpg?resize=600%2C934\" alt=\"\" width=\"600\" height=\"934\" data-recalc-dims=\"1\" \/><p id=\"caption-attachment-175147\" class=\"wp-caption-text\">Exposi\u00e7\u00e3o celebra os 20 anos da Casa de Criadores<\/p><\/div>\n<div id=\"attachment_175150\" style=\"width: 610px\" class=\"wp-caption aligncenter\"><img aria-describedby=\"caption-attachment-175150\" data-attachment-id=\"175150\" data-permalink=\"https:\/\/agrund.com\/index.php\/exposicao-celebra-os-20-anos-da-casa-de-criadores\/20_anos_casa_de_criadores_dudu-bertholini-veste-eduardo-inagaki\/\" data-orig-file=\"https:\/\/i0.wp.com\/agrund.com\/wp-content\/uploads\/sites\/6\/2017\/10\/20_anos_casa_de_criadores_dudu-bertholini-veste-eduardo-inagaki.jpg?fit=600%2C934&amp;ssl=1\" data-orig-size=\"600,934\" data-comments-opened=\"1\" data-image-meta=\"{&quot;aperture&quot;:&quot;0&quot;,&quot;credit&quot;:&quot;&quot;,&quot;camera&quot;:&quot;&quot;,&quot;caption&quot;:&quot;&quot;,&quot;created_timestamp&quot;:&quot;0&quot;,&quot;copyright&quot;:&quot;&quot;,&quot;focal_length&quot;:&quot;0&quot;,&quot;iso&quot;:&quot;0&quot;,&quot;shutter_speed&quot;:&quot;0&quot;,&quot;title&quot;:&quot;&quot;,&quot;orientation&quot;:&quot;1&quot;}\" data-image-title=\"Exposi\u00e7\u00e3o celebra os 20 anos da Casa de Criadores\" data-image-description=\"\" data-image-caption=\"&lt;p&gt;Exposi\u00e7\u00e3o celebra os 20 anos da Casa de Criadores&lt;\/p&gt;\n\" data-medium-file=\"https:\/\/i0.wp.com\/agrund.com\/wp-content\/uploads\/sites\/6\/2017\/10\/20_anos_casa_de_criadores_dudu-bertholini-veste-eduardo-inagaki.jpg?fit=193%2C300&amp;ssl=1\" data-large-file=\"https:\/\/i0.wp.com\/agrund.com\/wp-content\/uploads\/sites\/6\/2017\/10\/20_anos_casa_de_criadores_dudu-bertholini-veste-eduardo-inagaki.jpg?fit=600%2C934&amp;ssl=1\" decoding=\"async\" loading=\"lazy\" class=\"size-full wp-image-175150\" src=\"https:\/\/i0.wp.com\/www.agrund.com\/wp-content\/uploads\/sites\/6\/2017\/10\/20_anos_casa_de_criadores_dudu-bertholini-veste-eduardo-inagaki.jpg?resize=600%2C934\" alt=\"\" width=\"600\" height=\"934\" srcset=\"https:\/\/i0.wp.com\/agrund.com\/wp-content\/uploads\/sites\/6\/2017\/10\/20_anos_casa_de_criadores_dudu-bertholini-veste-eduardo-inagaki.jpg?w=600&amp;ssl=1 600w, https:\/\/i0.wp.com\/agrund.com\/wp-content\/uploads\/sites\/6\/2017\/10\/20_anos_casa_de_criadores_dudu-bertholini-veste-eduardo-inagaki.jpg?resize=193%2C300&amp;ssl=1 193w\" sizes=\"(max-width: 600px) 100vw, 600px\" data-recalc-dims=\"1\" \/><p id=\"caption-attachment-175150\" class=\"wp-caption-text\">Exposi\u00e7\u00e3o celebra os 20 anos da Casa de Criadores<\/p><\/div>\n<p>Fotos: Reprodu\u00e7\u00e3o.<\/p>\n","protected":false},"excerpt":{"rendered":"<p>Se voc\u00ea acompanha a moda brasileira n\u00e3o pode deixar de conferir a exposi\u00e7\u00e3o \u201cCasa de Criadores \u2013 20 anos\u201d. Para celebrar suas duas d\u00e9cadas, o evento reuniu alguns nomes para vestir looks de participantes e ex-participantes das suas edi\u00e7\u00f5es. A modelo Mariana Weickert, o rapper Rico Dalasam, a jornalista Lilian Pacce e o estilista Dudu [&hellip;]<\/p>\n","protected":false},"author":8,"featured_media":175151,"comment_status":"open","ping_status":"open","sticky":false,"template":"","format":"standard","meta":{"jetpack_post_was_ever_published":false,"_jetpack_newsletter_access":"","jetpack_publicize_message":"","jetpack_is_tweetstorm":false,"jetpack_publicize_feature_enabled":true,"jetpack_social_post_already_shared":true,"jetpack_social_options":{"image_generator_settings":{"template":"highway","enabled":false}}},"categories":[2],"tags":[],"jetpack_publicize_connections":[],"jetpack_featured_media_url":"https:\/\/i0.wp.com\/agrund.com\/wp-content\/uploads\/sites\/6\/2017\/10\/s-117.jpg?fit=960%2C300&ssl=1","jetpack_sharing_enabled":true,"jetpack_shortlink":"https:\/\/wp.me\/p3Hz0n-JyW","jetpack_likes_enabled":true,"_links":{"self":[{"href":"https:\/\/agrund.com\/index.php\/wp-json\/wp\/v2\/posts\/175146"}],"collection":[{"href":"https:\/\/agrund.com\/index.php\/wp-json\/wp\/v2\/posts"}],"about":[{"href":"https:\/\/agrund.com\/index.php\/wp-json\/wp\/v2\/types\/post"}],"author":[{"embeddable":true,"href":"https:\/\/agrund.com\/index.php\/wp-json\/wp\/v2\/users\/8"}],"replies":[{"embeddable":true,"href":"https:\/\/agrund.com\/index.php\/wp-json\/wp\/v2\/comments?post=175146"}],"version-history":[{"count":0,"href":"https:\/\/agrund.com\/index.php\/wp-json\/wp\/v2\/posts\/175146\/revisions"}],"wp:featuredmedia":[{"embeddable":true,"href":"https:\/\/agrund.com\/index.php\/wp-json\/wp\/v2\/media\/175151"}],"wp:attachment":[{"href":"https:\/\/agrund.com\/index.php\/wp-json\/wp\/v2\/media?parent=175146"}],"wp:term":[{"taxonomy":"category","embeddable":true,"href":"https:\/\/agrund.com\/index.php\/wp-json\/wp\/v2\/categories?post=175146"},{"taxonomy":"post_tag","embeddable":true,"href":"https:\/\/agrund.com\/index.php\/wp-json\/wp\/v2\/tags?post=175146"}],"curies":[{"name":"wp","href":"https:\/\/api.w.org\/{rel}","templated":true}]}}