{"id":175122,"date":"2017-10-27T17:00:53","date_gmt":"2017-10-27T19:00:53","guid":{"rendered":"http:\/\/www.agrund.com\/?p=175122"},"modified":"2017-10-27T16:12:29","modified_gmt":"2017-10-27T18:12:29","slug":"das-festas-ao-shopping-a-camiseta-e-a-peca-da-vez-das-famosas","status":"publish","type":"post","link":"https:\/\/agrund.com\/index.php\/das-festas-ao-shopping-a-camiseta-e-a-peca-da-vez-das-famosas\/","title":{"rendered":"Das festas ao shopping, a camiseta \u00e9 a pe\u00e7a da vez das famosas"},"content":{"rendered":"<p>Por Ros\u00e2ngela Espinossi<\/p>\n<p>De b\u00e1sica e casual, a camiseta foi al\u00e7ada a pe\u00e7a que vai bem tamb\u00e9m em festas, em looks elaborados e elegantes, como vimos no casamento de Marina Ruy Barbosa. Nunca perde, por\u00e9m, o lugar de curinga para idas ao shopping ou para viagens, em looks despojados e confort\u00e1veis. E as famosas provam isso.<\/p>\n<p>Sandy, Mar\u00edlia Mendon\u00e7a, Mariana Xavier, Monica Iozzi, Monique Alfradique e Dani Calabresa s\u00e3o algumas que usaram a pe\u00e7a em estilos totalmente diversos. Confira abaixo o estilo de cada uma e depois clica <a href=\"http:\/\/www.elasnotapetevermelho.com.br\/portal\/das-festas-ao-shopping-camiseta-e-peca-da-vez-das-famosas\/\">AQUI<\/a> para ver mais.<\/p>\n<p><strong>Sandy<\/strong><\/p>\n<p>Sandy apostou na camiseta listrada para pegar o avi\u00e3o. A pe\u00e7a aponta para o estilo navy, completado com cal\u00e7a jeans de barra virada e sapato azul de salto. O blazer azul-marinho que a cantora leva na m\u00e3o d\u00e1 o toque final ao estilo.<\/p>\n<div id=\"attachment_175128\" style=\"width: 610px\" class=\"wp-caption aligncenter\"><img aria-describedby=\"caption-attachment-175128\" data-attachment-id=\"175128\" data-permalink=\"https:\/\/agrund.com\/index.php\/das-festas-ao-shopping-a-camiseta-e-a-peca-da-vez-das-famosas\/sandy-webert-belicio\/\" data-orig-file=\"https:\/\/i0.wp.com\/agrund.com\/wp-content\/uploads\/sites\/6\/2017\/10\/sandy-webert-belicio-e1509127638716.jpg?fit=600%2C1175&amp;ssl=1\" data-orig-size=\"600,1175\" data-comments-opened=\"1\" data-image-meta=\"{&quot;aperture&quot;:&quot;0&quot;,&quot;credit&quot;:&quot;&quot;,&quot;camera&quot;:&quot;&quot;,&quot;caption&quot;:&quot;&quot;,&quot;created_timestamp&quot;:&quot;0&quot;,&quot;copyright&quot;:&quot;&quot;,&quot;focal_length&quot;:&quot;0&quot;,&quot;iso&quot;:&quot;0&quot;,&quot;shutter_speed&quot;:&quot;0&quot;,&quot;title&quot;:&quot;&quot;,&quot;orientation&quot;:&quot;0&quot;}\" data-image-title=\"Das festas ao shopping, a camiseta \u00e9 a pe\u00e7a da vez das famosas\" data-image-description=\"\" data-image-caption=\"&lt;p&gt;Das festas ao shopping, a camiseta \u00e9 a pe\u00e7a da vez das famosas&lt;\/p&gt;\n\" data-medium-file=\"https:\/\/i0.wp.com\/agrund.com\/wp-content\/uploads\/sites\/6\/2017\/10\/sandy-webert-belicio-e1509127638716.jpg?fit=153%2C300&amp;ssl=1\" data-large-file=\"https:\/\/i0.wp.com\/agrund.com\/wp-content\/uploads\/sites\/6\/2017\/10\/sandy-webert-belicio-e1509127638716.jpg?fit=523%2C1024&amp;ssl=1\" decoding=\"async\" loading=\"lazy\" class=\"size-full wp-image-175128\" src=\"https:\/\/i0.wp.com\/www.agrund.com\/wp-content\/uploads\/sites\/6\/2017\/10\/sandy-webert-belicio-e1509127638716.jpg?resize=600%2C1175\" alt=\"\" width=\"600\" height=\"1175\" data-recalc-dims=\"1\" \/><p id=\"caption-attachment-175128\" class=\"wp-caption-text\">Das festas ao shopping, a camiseta \u00e9 a pe\u00e7a da vez das famosas<\/p><\/div>\n<p>&nbsp;<\/p>\n<p><strong>Mariana Xavier<\/strong><\/p>\n<p>Boa, Mariana Xavier! A atriz foi ao Pr\u00eamio Multishow com uma camiseta rosa customizada, que ainda traz mensagem referente ao Outubro Rosa. Est\u00e1 \u00f3tima com a a saia com textura de couro, de cintura alta e com a sand\u00e1lia que deixa o peito dos p\u00e9s \u00e0 mostra. O decote em V da t-shirt ficou \u00f3timo.<\/p>\n<div id=\"attachment_175124\" style=\"width: 610px\" class=\"wp-caption aligncenter\"><img aria-describedby=\"caption-attachment-175124\" data-attachment-id=\"175124\" data-permalink=\"https:\/\/agrund.com\/index.php\/das-festas-ao-shopping-a-camiseta-e-a-peca-da-vez-das-famosas\/mariana-xavier-agnews-2\/\" data-orig-file=\"https:\/\/i0.wp.com\/agrund.com\/wp-content\/uploads\/sites\/6\/2017\/10\/mariana-xavier-agnews-2-e1509127662324.jpg?fit=600%2C900&amp;ssl=1\" data-orig-size=\"600,900\" data-comments-opened=\"1\" data-image-meta=\"{&quot;aperture&quot;:&quot;0&quot;,&quot;credit&quot;:&quot;&quot;,&quot;camera&quot;:&quot;&quot;,&quot;caption&quot;:&quot;&quot;,&quot;created_timestamp&quot;:&quot;0&quot;,&quot;copyright&quot;:&quot;&quot;,&quot;focal_length&quot;:&quot;0&quot;,&quot;iso&quot;:&quot;0&quot;,&quot;shutter_speed&quot;:&quot;0&quot;,&quot;title&quot;:&quot;&quot;,&quot;orientation&quot;:&quot;0&quot;}\" data-image-title=\"Das festas ao shopping, a camiseta \u00e9 a pe\u00e7a da vez das famosas\" data-image-description=\"\" data-image-caption=\"&lt;p&gt;Das festas ao shopping, a camiseta \u00e9 a pe\u00e7a da vez das famosas&lt;\/p&gt;\n\" data-medium-file=\"https:\/\/i0.wp.com\/agrund.com\/wp-content\/uploads\/sites\/6\/2017\/10\/mariana-xavier-agnews-2-e1509127662324.jpg?fit=200%2C300&amp;ssl=1\" data-large-file=\"https:\/\/i0.wp.com\/agrund.com\/wp-content\/uploads\/sites\/6\/2017\/10\/mariana-xavier-agnews-2-e1509127662324.jpg?fit=683%2C1024&amp;ssl=1\" decoding=\"async\" loading=\"lazy\" class=\"size-full wp-image-175124\" src=\"https:\/\/i0.wp.com\/www.agrund.com\/wp-content\/uploads\/sites\/6\/2017\/10\/mariana-xavier-agnews-2-e1509127662324.jpg?resize=600%2C900\" alt=\"\" width=\"600\" height=\"900\" data-recalc-dims=\"1\" \/><p id=\"caption-attachment-175124\" class=\"wp-caption-text\">Das festas ao shopping, a camiseta \u00e9 a pe\u00e7a da vez das famosas<\/p><\/div>\n<p>&nbsp;<\/p>\n<p><strong>Monique Alfradique<\/strong><\/p>\n<p>A moda pegou e parece que vai ficar. Monique Alfradique foi ao Pr\u00eamio Multishow com saia de organza da grife de moda festa Elisa Lima, estruturada com estampa delicada. Para completar, t-shirt b\u00e1sica branca e sand\u00e1lia nude. Veja como as duas pe\u00e7as b\u00e1sicas fazem a saia crescer no look. Ideia \u00f3tima para festas.<\/p>\n<div id=\"attachment_175127\" style=\"width: 610px\" class=\"wp-caption aligncenter\"><img aria-describedby=\"caption-attachment-175127\" data-attachment-id=\"175127\" data-permalink=\"https:\/\/agrund.com\/index.php\/das-festas-ao-shopping-a-camiseta-e-a-peca-da-vez-das-famosas\/monique-alfradique-agnews-2\/\" data-orig-file=\"https:\/\/i0.wp.com\/agrund.com\/wp-content\/uploads\/sites\/6\/2017\/10\/monique-alfradique-agnews-2-e1509127684722.jpg?fit=600%2C901&amp;ssl=1\" data-orig-size=\"600,901\" data-comments-opened=\"1\" data-image-meta=\"{&quot;aperture&quot;:&quot;0&quot;,&quot;credit&quot;:&quot;&quot;,&quot;camera&quot;:&quot;&quot;,&quot;caption&quot;:&quot;&quot;,&quot;created_timestamp&quot;:&quot;0&quot;,&quot;copyright&quot;:&quot;&quot;,&quot;focal_length&quot;:&quot;0&quot;,&quot;iso&quot;:&quot;0&quot;,&quot;shutter_speed&quot;:&quot;0&quot;,&quot;title&quot;:&quot;&quot;,&quot;orientation&quot;:&quot;0&quot;}\" data-image-title=\"Das festas ao shopping, a camiseta \u00e9 a pe\u00e7a da vez das famosas\" data-image-description=\"\" data-image-caption=\"&lt;p&gt;Das festas ao shopping, a camiseta \u00e9 a pe\u00e7a da vez das famosas&lt;\/p&gt;\n\" data-medium-file=\"https:\/\/i0.wp.com\/agrund.com\/wp-content\/uploads\/sites\/6\/2017\/10\/monique-alfradique-agnews-2-e1509127684722.jpg?fit=200%2C300&amp;ssl=1\" data-large-file=\"https:\/\/i0.wp.com\/agrund.com\/wp-content\/uploads\/sites\/6\/2017\/10\/monique-alfradique-agnews-2-e1509127684722.jpg?fit=682%2C1024&amp;ssl=1\" decoding=\"async\" loading=\"lazy\" class=\"size-full wp-image-175127\" src=\"https:\/\/i0.wp.com\/www.agrund.com\/wp-content\/uploads\/sites\/6\/2017\/10\/monique-alfradique-agnews-2-e1509127684722.jpg?resize=600%2C901\" alt=\"\" width=\"600\" height=\"901\" data-recalc-dims=\"1\" \/><p id=\"caption-attachment-175127\" class=\"wp-caption-text\">Das festas ao shopping, a camiseta \u00e9 a pe\u00e7a da vez das famosas<\/p><\/div>\n<p>&nbsp;<\/p>\n<p><strong>Mar\u00edlia Mendon\u00e7a<\/strong><\/p>\n<p>Ah, t\u00e1 de boa e vai ao shopping? N\u00e3o precisa nada mais do que um jeans destroyed, um t\u00eanis confort\u00e1vel e uma camiseta sem mangas, comprida, que ajuda a alongar e a disfar\u00e7ar os quadris. E se tiver friozinho, uma malha amarrada na cintura. Mar\u00edlia Mendon\u00e7a, arrasando no looks b\u00e1sico e sem firulas.<\/p>\n<div id=\"attachment_175125\" style=\"width: 610px\" class=\"wp-caption aligncenter\"><img aria-describedby=\"caption-attachment-175125\" data-attachment-id=\"175125\" data-permalink=\"https:\/\/agrund.com\/index.php\/das-festas-ao-shopping-a-camiseta-e-a-peca-da-vez-das-famosas\/marilia-mendonc%cc%a7a-j-humberto-1\/\" data-orig-file=\"https:\/\/i0.wp.com\/agrund.com\/wp-content\/uploads\/sites\/6\/2017\/10\/marilia-mendonc\u0327a-J-Humberto-1-e1509127706750.jpg?fit=600%2C1002&amp;ssl=1\" data-orig-size=\"600,1002\" data-comments-opened=\"1\" data-image-meta=\"{&quot;aperture&quot;:&quot;0&quot;,&quot;credit&quot;:&quot;&quot;,&quot;camera&quot;:&quot;&quot;,&quot;caption&quot;:&quot;&quot;,&quot;created_timestamp&quot;:&quot;0&quot;,&quot;copyright&quot;:&quot;&quot;,&quot;focal_length&quot;:&quot;0&quot;,&quot;iso&quot;:&quot;0&quot;,&quot;shutter_speed&quot;:&quot;0&quot;,&quot;title&quot;:&quot;&quot;,&quot;orientation&quot;:&quot;0&quot;}\" data-image-title=\"Das festas ao shopping, a camiseta \u00e9 a pe\u00e7a da vez das famosas\" data-image-description=\"\" data-image-caption=\"&lt;p&gt;Das festas ao shopping, a camiseta \u00e9 a pe\u00e7a da vez das famosas&lt;\/p&gt;\n\" data-medium-file=\"https:\/\/i0.wp.com\/agrund.com\/wp-content\/uploads\/sites\/6\/2017\/10\/marilia-mendonc\u0327a-J-Humberto-1-e1509127706750.jpg?fit=180%2C300&amp;ssl=1\" data-large-file=\"https:\/\/i0.wp.com\/agrund.com\/wp-content\/uploads\/sites\/6\/2017\/10\/marilia-mendonc\u0327a-J-Humberto-1-e1509127706750.jpg?fit=613%2C1024&amp;ssl=1\" decoding=\"async\" loading=\"lazy\" class=\"size-full wp-image-175125\" src=\"https:\/\/i0.wp.com\/www.agrund.com\/wp-content\/uploads\/sites\/6\/2017\/10\/marilia-mendonc\u0327a-J-Humberto-1-e1509127706750.jpg?resize=600%2C1002\" alt=\"\" width=\"600\" height=\"1002\" data-recalc-dims=\"1\" \/><p id=\"caption-attachment-175125\" class=\"wp-caption-text\">Das festas ao shopping, a camiseta \u00e9 a pe\u00e7a da vez das famosas<\/p><\/div>\n<p>&nbsp;<\/p>\n<p><strong>Monica Iozzi<\/strong><\/p>\n<p>Aqui, a atriz Monica Iozzi completa o conjunto de pe\u00e7as b\u00e1sicas (camiseta branca, jeans e bota) com um casaco bacanudo, de bom corte. N\u00e3o precisa de mais nada.<\/p>\n<div id=\"attachment_175126\" style=\"width: 610px\" class=\"wp-caption aligncenter\"><img aria-describedby=\"caption-attachment-175126\" data-attachment-id=\"175126\" data-permalink=\"https:\/\/agrund.com\/index.php\/das-festas-ao-shopping-a-camiseta-e-a-peca-da-vez-das-famosas\/monica-iozzi-francisco-cepeda\/\" data-orig-file=\"https:\/\/i0.wp.com\/agrund.com\/wp-content\/uploads\/sites\/6\/2017\/10\/monica-iozzi-Francisco-Cepeda-e1509127730419.jpg?fit=600%2C1039&amp;ssl=1\" data-orig-size=\"600,1039\" data-comments-opened=\"1\" data-image-meta=\"{&quot;aperture&quot;:&quot;0&quot;,&quot;credit&quot;:&quot;&quot;,&quot;camera&quot;:&quot;&quot;,&quot;caption&quot;:&quot;&quot;,&quot;created_timestamp&quot;:&quot;0&quot;,&quot;copyright&quot;:&quot;&quot;,&quot;focal_length&quot;:&quot;0&quot;,&quot;iso&quot;:&quot;0&quot;,&quot;shutter_speed&quot;:&quot;0&quot;,&quot;title&quot;:&quot;&quot;,&quot;orientation&quot;:&quot;0&quot;}\" data-image-title=\"Das festas ao shopping, a camiseta \u00e9 a pe\u00e7a da vez das famosas\" data-image-description=\"\" data-image-caption=\"&lt;p&gt;Das festas ao shopping, a camiseta \u00e9 a pe\u00e7a da vez das famosas&lt;\/p&gt;\n\" data-medium-file=\"https:\/\/i0.wp.com\/agrund.com\/wp-content\/uploads\/sites\/6\/2017\/10\/monica-iozzi-Francisco-Cepeda-e1509127730419.jpg?fit=173%2C300&amp;ssl=1\" data-large-file=\"https:\/\/i0.wp.com\/agrund.com\/wp-content\/uploads\/sites\/6\/2017\/10\/monica-iozzi-Francisco-Cepeda-e1509127730419.jpg?fit=591%2C1024&amp;ssl=1\" decoding=\"async\" loading=\"lazy\" class=\"size-full wp-image-175126\" src=\"https:\/\/i0.wp.com\/www.agrund.com\/wp-content\/uploads\/sites\/6\/2017\/10\/monica-iozzi-Francisco-Cepeda-e1509127730419.jpg?resize=600%2C1039\" alt=\"\" width=\"600\" height=\"1039\" data-recalc-dims=\"1\" \/><p id=\"caption-attachment-175126\" class=\"wp-caption-text\">Das festas ao shopping, a camiseta \u00e9 a pe\u00e7a da vez das famosas<\/p><\/div>\n<p>&nbsp;<\/p>\n<p><strong>Dani Calabresa<\/strong><\/p>\n<p>Dani Calabresa tamb\u00e9m apostou no t\u00eanis, na legging e na camiseta para viajar. A jaqueta (ou seria camisa?) jeans \u00e9 ideal para completar o look casual. Amarrada na cintura, ajuda a cobrir os quadris, colocada, alonga, pois cria uma linha vertical na frente.<\/p>\n<div id=\"attachment_175123\" style=\"width: 610px\" class=\"wp-caption aligncenter\"><img aria-describedby=\"caption-attachment-175123\" data-attachment-id=\"175123\" data-permalink=\"https:\/\/agrund.com\/index.php\/das-festas-ao-shopping-a-camiseta-e-a-peca-da-vez-das-famosas\/dani-calabresa-webert-belicio\/\" data-orig-file=\"https:\/\/i0.wp.com\/agrund.com\/wp-content\/uploads\/sites\/6\/2017\/10\/dani-calabresa-Webert-Belicio-e1509127769589.jpg?fit=600%2C910&amp;ssl=1\" data-orig-size=\"600,910\" data-comments-opened=\"1\" data-image-meta=\"{&quot;aperture&quot;:&quot;0&quot;,&quot;credit&quot;:&quot;&quot;,&quot;camera&quot;:&quot;&quot;,&quot;caption&quot;:&quot;&quot;,&quot;created_timestamp&quot;:&quot;0&quot;,&quot;copyright&quot;:&quot;&quot;,&quot;focal_length&quot;:&quot;0&quot;,&quot;iso&quot;:&quot;0&quot;,&quot;shutter_speed&quot;:&quot;0&quot;,&quot;title&quot;:&quot;&quot;,&quot;orientation&quot;:&quot;0&quot;}\" data-image-title=\"dani calabresa &#8211; Webert Belicio\" data-image-description=\"\" data-image-caption=\"\" data-medium-file=\"https:\/\/i0.wp.com\/agrund.com\/wp-content\/uploads\/sites\/6\/2017\/10\/dani-calabresa-Webert-Belicio-e1509127769589.jpg?fit=198%2C300&amp;ssl=1\" data-large-file=\"https:\/\/i0.wp.com\/agrund.com\/wp-content\/uploads\/sites\/6\/2017\/10\/dani-calabresa-Webert-Belicio-e1509127769589.jpg?fit=676%2C1024&amp;ssl=1\" decoding=\"async\" loading=\"lazy\" class=\"size-full wp-image-175123\" src=\"https:\/\/i0.wp.com\/www.agrund.com\/wp-content\/uploads\/sites\/6\/2017\/10\/dani-calabresa-Webert-Belicio-e1509127769589.jpg?resize=600%2C910\" alt=\"\" width=\"600\" height=\"910\" data-recalc-dims=\"1\" \/><p id=\"caption-attachment-175123\" class=\"wp-caption-text\">Das festas ao shopping, a camiseta \u00e9 a pe\u00e7a da vez das famosas<\/p><\/div>\n<p>Fotos: Reprodu\u00e7\u00e3o.<\/p>\n","protected":false},"excerpt":{"rendered":"<p>Por Ros\u00e2ngela Espinossi De b\u00e1sica e casual, a camiseta foi al\u00e7ada a pe\u00e7a que vai bem tamb\u00e9m em festas, em looks elaborados e elegantes, como vimos no casamento de Marina Ruy Barbosa. Nunca perde, por\u00e9m, o lugar de curinga para idas ao shopping ou para viagens, em looks despojados e confort\u00e1veis. E as famosas provam [&hellip;]<\/p>\n","protected":false},"author":8,"featured_media":175129,"comment_status":"open","ping_status":"open","sticky":false,"template":"","format":"standard","meta":{"jetpack_post_was_ever_published":false,"_jetpack_newsletter_access":"","jetpack_publicize_message":"","jetpack_is_tweetstorm":false,"jetpack_publicize_feature_enabled":true,"jetpack_social_post_already_shared":true,"jetpack_social_options":{"image_generator_settings":{"template":"highway","enabled":false}}},"categories":[2],"tags":[],"jetpack_publicize_connections":[],"jetpack_featured_media_url":"https:\/\/i0.wp.com\/agrund.com\/wp-content\/uploads\/sites\/6\/2017\/10\/s-115.jpg?fit=960%2C300&ssl=1","jetpack_sharing_enabled":true,"jetpack_shortlink":"https:\/\/wp.me\/p3Hz0n-Jyy","jetpack_likes_enabled":true,"_links":{"self":[{"href":"https:\/\/agrund.com\/index.php\/wp-json\/wp\/v2\/posts\/175122"}],"collection":[{"href":"https:\/\/agrund.com\/index.php\/wp-json\/wp\/v2\/posts"}],"about":[{"href":"https:\/\/agrund.com\/index.php\/wp-json\/wp\/v2\/types\/post"}],"author":[{"embeddable":true,"href":"https:\/\/agrund.com\/index.php\/wp-json\/wp\/v2\/users\/8"}],"replies":[{"embeddable":true,"href":"https:\/\/agrund.com\/index.php\/wp-json\/wp\/v2\/comments?post=175122"}],"version-history":[{"count":0,"href":"https:\/\/agrund.com\/index.php\/wp-json\/wp\/v2\/posts\/175122\/revisions"}],"wp:featuredmedia":[{"embeddable":true,"href":"https:\/\/agrund.com\/index.php\/wp-json\/wp\/v2\/media\/175129"}],"wp:attachment":[{"href":"https:\/\/agrund.com\/index.php\/wp-json\/wp\/v2\/media?parent=175122"}],"wp:term":[{"taxonomy":"category","embeddable":true,"href":"https:\/\/agrund.com\/index.php\/wp-json\/wp\/v2\/categories?post=175122"},{"taxonomy":"post_tag","embeddable":true,"href":"https:\/\/agrund.com\/index.php\/wp-json\/wp\/v2\/tags?post=175122"}],"curies":[{"name":"wp","href":"https:\/\/api.w.org\/{rel}","templated":true}]}}