{"id":175115,"date":"2017-10-27T16:00:47","date_gmt":"2017-10-27T18:00:47","guid":{"rendered":"http:\/\/www.agrund.com\/?p=175115"},"modified":"2017-10-27T11:51:08","modified_gmt":"2017-10-27T13:51:08","slug":"os-looks-do-instyle-awards","status":"publish","type":"post","link":"https:\/\/agrund.com\/index.php\/os-looks-do-instyle-awards\/","title":{"rendered":"Os looks do InStyle Awards"},"content":{"rendered":"<p>Por Let\u00edcia Santana<\/p>\n<p>Diante de tantas crises, a moda precisa ser uma pauta em discuss\u00e3o. Grandes eventos de moda, por exemplo, s\u00e3o essenciais para que o mercado continue girando, a sua relev\u00e2ncia permane\u00e7a em alta e a sua vitalidade continue garantida. E n\u00e3o tem como negar: se o tal evento contar com grandes celebridades, a repercuss\u00e3o \u00e9 certeira. Ou seja, mais visibilidade para moda e eco para o p\u00fablico.<\/p>\n<p>Na \u00faltima segunda (23), foi a vez da InStyle agitar a ind\u00fastria. A revista de moda mais popular dos Estados Unidos voltou todos os seus holofotes para Los Angeles, onde aconteceu o InStyle Awards, evento que j\u00e1 est\u00e1 em sua terceira edi\u00e7\u00e3o. Os looks desfilados pelas celebs presentes no tapete vermelho v\u00e3o do famoso pretinho b\u00e1sico ao puro paet\u00ea dourado. Confira:<\/p>\n<div id=\"attachment_175119\" style=\"width: 610px\" class=\"wp-caption aligncenter\"><img aria-describedby=\"caption-attachment-175119\" data-attachment-id=\"175119\" data-permalink=\"https:\/\/agrund.com\/index.php\/os-looks-do-instyle-awards\/looks-instyle-2\/\" data-orig-file=\"https:\/\/i0.wp.com\/agrund.com\/wp-content\/uploads\/sites\/6\/2017\/10\/Looks-InStyle-2.jpeg?fit=600%2C450&amp;ssl=1\" data-orig-size=\"600,450\" data-comments-opened=\"1\" data-image-meta=\"{&quot;aperture&quot;:&quot;0&quot;,&quot;credit&quot;:&quot;&quot;,&quot;camera&quot;:&quot;&quot;,&quot;caption&quot;:&quot;&quot;,&quot;created_timestamp&quot;:&quot;0&quot;,&quot;copyright&quot;:&quot;&quot;,&quot;focal_length&quot;:&quot;0&quot;,&quot;iso&quot;:&quot;0&quot;,&quot;shutter_speed&quot;:&quot;0&quot;,&quot;title&quot;:&quot;&quot;,&quot;orientation&quot;:&quot;1&quot;}\" data-image-title=\"Os looks do InStyle Awards\" data-image-description=\"\" data-image-caption=\"&lt;p&gt;Os looks do InStyle Awards&lt;\/p&gt;\n\" data-medium-file=\"https:\/\/i0.wp.com\/agrund.com\/wp-content\/uploads\/sites\/6\/2017\/10\/Looks-InStyle-2.jpeg?fit=300%2C225&amp;ssl=1\" data-large-file=\"https:\/\/i0.wp.com\/agrund.com\/wp-content\/uploads\/sites\/6\/2017\/10\/Looks-InStyle-2.jpeg?fit=600%2C450&amp;ssl=1\" decoding=\"async\" loading=\"lazy\" class=\"size-full wp-image-175119\" src=\"https:\/\/i0.wp.com\/www.agrund.com\/wp-content\/uploads\/sites\/6\/2017\/10\/Looks-InStyle-2.jpeg?resize=600%2C450\" alt=\"\" width=\"600\" height=\"450\" srcset=\"https:\/\/i0.wp.com\/agrund.com\/wp-content\/uploads\/sites\/6\/2017\/10\/Looks-InStyle-2.jpeg?w=600&amp;ssl=1 600w, https:\/\/i0.wp.com\/agrund.com\/wp-content\/uploads\/sites\/6\/2017\/10\/Looks-InStyle-2.jpeg?resize=300%2C225&amp;ssl=1 300w\" sizes=\"(max-width: 600px) 100vw, 600px\" data-recalc-dims=\"1\" \/><p id=\"caption-attachment-175119\" class=\"wp-caption-text\">Os looks do InStyle Awards<\/p><\/div>\n<p>As cores apareceram com for\u00e7a no evento! Cate Blanchett, por exemplo, escolheu um conjunto listrado da Givenchy, coordenando perfeitamente diferentes tons no mesmo visual. J\u00e1, Elle Fanning apostou em um look total Versace e rec\u00e9m-sa\u00eddo do desfile em tributo ao estilista fundador da grife apresentado no \u00faltimo m\u00eas. Enquanto isso, Zendaya, sempre ousando e brincando com o conceitual, usou um Schiaparelli todo trabalhado no degrad\u00e9.<\/p>\n<div id=\"attachment_175120\" style=\"width: 610px\" class=\"wp-caption aligncenter\"><img aria-describedby=\"caption-attachment-175120\" data-attachment-id=\"175120\" data-permalink=\"https:\/\/agrund.com\/index.php\/os-looks-do-instyle-awards\/looks-instyle-3\/\" data-orig-file=\"https:\/\/i0.wp.com\/agrund.com\/wp-content\/uploads\/sites\/6\/2017\/10\/Looks-InStyle-3.jpeg?fit=600%2C450&amp;ssl=1\" data-orig-size=\"600,450\" data-comments-opened=\"1\" data-image-meta=\"{&quot;aperture&quot;:&quot;0&quot;,&quot;credit&quot;:&quot;&quot;,&quot;camera&quot;:&quot;&quot;,&quot;caption&quot;:&quot;&quot;,&quot;created_timestamp&quot;:&quot;0&quot;,&quot;copyright&quot;:&quot;&quot;,&quot;focal_length&quot;:&quot;0&quot;,&quot;iso&quot;:&quot;0&quot;,&quot;shutter_speed&quot;:&quot;0&quot;,&quot;title&quot;:&quot;&quot;,&quot;orientation&quot;:&quot;1&quot;}\" data-image-title=\"Os looks do InStyle Awards\" data-image-description=\"\" data-image-caption=\"&lt;p&gt;Os looks do InStyle Awards&lt;\/p&gt;\n\" data-medium-file=\"https:\/\/i0.wp.com\/agrund.com\/wp-content\/uploads\/sites\/6\/2017\/10\/Looks-InStyle-3.jpeg?fit=300%2C225&amp;ssl=1\" data-large-file=\"https:\/\/i0.wp.com\/agrund.com\/wp-content\/uploads\/sites\/6\/2017\/10\/Looks-InStyle-3.jpeg?fit=600%2C450&amp;ssl=1\" decoding=\"async\" loading=\"lazy\" class=\"size-full wp-image-175120\" src=\"https:\/\/i0.wp.com\/www.agrund.com\/wp-content\/uploads\/sites\/6\/2017\/10\/Looks-InStyle-3.jpeg?resize=600%2C450\" alt=\"\" width=\"600\" height=\"450\" srcset=\"https:\/\/i0.wp.com\/agrund.com\/wp-content\/uploads\/sites\/6\/2017\/10\/Looks-InStyle-3.jpeg?w=600&amp;ssl=1 600w, https:\/\/i0.wp.com\/agrund.com\/wp-content\/uploads\/sites\/6\/2017\/10\/Looks-InStyle-3.jpeg?resize=300%2C225&amp;ssl=1 300w\" sizes=\"(max-width: 600px) 100vw, 600px\" data-recalc-dims=\"1\" \/><p id=\"caption-attachment-175120\" class=\"wp-caption-text\">Os looks do InStyle Awards<\/p><\/div>\n<p>O brilho tamb\u00e9m marcou presen\u00e7a no red carpet do evento! Rachel Zoe apostou em paet\u00eas cravejados, assim como Kate Bosworth. O brilho chamativo de Kate acompanhado da flor azul forma o visual assinado por Alexandre Vauthier. Demi Lovato foi com um modelo de cetim lil\u00e1s Alice and Olivia. A maquiagem usada pela cantora no mesmo tom do vestido \u00e9 uma tend\u00eancia duvidosa mas para ficar de olho.<\/p>\n<div id=\"attachment_175118\" style=\"width: 610px\" class=\"wp-caption aligncenter\"><img aria-describedby=\"caption-attachment-175118\" data-attachment-id=\"175118\" data-permalink=\"https:\/\/agrund.com\/index.php\/os-looks-do-instyle-awards\/looks-instyle-1\/\" data-orig-file=\"https:\/\/i0.wp.com\/agrund.com\/wp-content\/uploads\/sites\/6\/2017\/10\/Looks-InStyle-1.jpeg?fit=600%2C450&amp;ssl=1\" data-orig-size=\"600,450\" data-comments-opened=\"1\" data-image-meta=\"{&quot;aperture&quot;:&quot;0&quot;,&quot;credit&quot;:&quot;&quot;,&quot;camera&quot;:&quot;&quot;,&quot;caption&quot;:&quot;&quot;,&quot;created_timestamp&quot;:&quot;0&quot;,&quot;copyright&quot;:&quot;&quot;,&quot;focal_length&quot;:&quot;0&quot;,&quot;iso&quot;:&quot;0&quot;,&quot;shutter_speed&quot;:&quot;0&quot;,&quot;title&quot;:&quot;&quot;,&quot;orientation&quot;:&quot;1&quot;}\" data-image-title=\"Os looks do InStyle Awards\" data-image-description=\"\" data-image-caption=\"&lt;p&gt;Os looks do InStyle Awards&lt;\/p&gt;\n\" data-medium-file=\"https:\/\/i0.wp.com\/agrund.com\/wp-content\/uploads\/sites\/6\/2017\/10\/Looks-InStyle-1.jpeg?fit=300%2C225&amp;ssl=1\" data-large-file=\"https:\/\/i0.wp.com\/agrund.com\/wp-content\/uploads\/sites\/6\/2017\/10\/Looks-InStyle-1.jpeg?fit=600%2C450&amp;ssl=1\" decoding=\"async\" loading=\"lazy\" class=\"size-full wp-image-175118\" src=\"https:\/\/i0.wp.com\/www.agrund.com\/wp-content\/uploads\/sites\/6\/2017\/10\/Looks-InStyle-1.jpeg?resize=600%2C450\" alt=\"\" width=\"600\" height=\"450\" srcset=\"https:\/\/i0.wp.com\/agrund.com\/wp-content\/uploads\/sites\/6\/2017\/10\/Looks-InStyle-1.jpeg?w=600&amp;ssl=1 600w, https:\/\/i0.wp.com\/agrund.com\/wp-content\/uploads\/sites\/6\/2017\/10\/Looks-InStyle-1.jpeg?resize=300%2C225&amp;ssl=1 300w\" sizes=\"(max-width: 600px) 100vw, 600px\" data-recalc-dims=\"1\" \/><p id=\"caption-attachment-175118\" class=\"wp-caption-text\">Os looks do InStyle Awards<\/p><\/div>\n<p>Apesar das tantas nuances respons\u00e1veis por colorir o evento, tamb\u00e9m tem quem tenha apostado no neutro. Cindy Crawford, por exemplo, escolheu um longo minimalista da Versace, marca pela qual desfilou na semana de moda italiana. J\u00e1 Selena Gomez, um curtinho preto Jacquemus para l\u00e1 de interessante e cool. Enquanto isso, Heidi Klum apostou no branco, vestindo um macac\u00e3o da Vionnet super moderno com assimetria e transpar\u00eancia.<\/p>\n<p>Mais em <a href=\"http:\/\/borboletavintage.com.br\/\">Borboleta Vintage<\/a>.<br \/>\nInstagram: <a href=\"https:\/\/www.instagram.com\/borboletavintage\/\">@borboletavintage<\/a><\/p>\n","protected":false},"excerpt":{"rendered":"<p>Por Let\u00edcia Santana Diante de tantas crises, a moda precisa ser uma pauta em discuss\u00e3o. Grandes eventos de moda, por exemplo, s\u00e3o essenciais para que o mercado continue girando, a sua relev\u00e2ncia permane\u00e7a em alta e a sua vitalidade continue garantida. E n\u00e3o tem como negar: se o tal evento contar com grandes celebridades, a [&hellip;]<\/p>\n","protected":false},"author":8,"featured_media":175117,"comment_status":"open","ping_status":"open","sticky":false,"template":"","format":"standard","meta":{"jetpack_post_was_ever_published":false,"_jetpack_newsletter_access":"","jetpack_publicize_message":"","jetpack_is_tweetstorm":false,"jetpack_publicize_feature_enabled":true,"jetpack_social_post_already_shared":true,"jetpack_social_options":{"image_generator_settings":{"template":"highway","enabled":false}}},"categories":[2],"tags":[],"jetpack_publicize_connections":[],"jetpack_featured_media_url":"https:\/\/i0.wp.com\/agrund.com\/wp-content\/uploads\/sites\/6\/2017\/10\/s-114.jpg?fit=960%2C300&ssl=1","jetpack_sharing_enabled":true,"jetpack_shortlink":"https:\/\/wp.me\/p3Hz0n-Jyr","jetpack_likes_enabled":true,"_links":{"self":[{"href":"https:\/\/agrund.com\/index.php\/wp-json\/wp\/v2\/posts\/175115"}],"collection":[{"href":"https:\/\/agrund.com\/index.php\/wp-json\/wp\/v2\/posts"}],"about":[{"href":"https:\/\/agrund.com\/index.php\/wp-json\/wp\/v2\/types\/post"}],"author":[{"embeddable":true,"href":"https:\/\/agrund.com\/index.php\/wp-json\/wp\/v2\/users\/8"}],"replies":[{"embeddable":true,"href":"https:\/\/agrund.com\/index.php\/wp-json\/wp\/v2\/comments?post=175115"}],"version-history":[{"count":0,"href":"https:\/\/agrund.com\/index.php\/wp-json\/wp\/v2\/posts\/175115\/revisions"}],"wp:featuredmedia":[{"embeddable":true,"href":"https:\/\/agrund.com\/index.php\/wp-json\/wp\/v2\/media\/175117"}],"wp:attachment":[{"href":"https:\/\/agrund.com\/index.php\/wp-json\/wp\/v2\/media?parent=175115"}],"wp:term":[{"taxonomy":"category","embeddable":true,"href":"https:\/\/agrund.com\/index.php\/wp-json\/wp\/v2\/categories?post=175115"},{"taxonomy":"post_tag","embeddable":true,"href":"https:\/\/agrund.com\/index.php\/wp-json\/wp\/v2\/tags?post=175115"}],"curies":[{"name":"wp","href":"https:\/\/api.w.org\/{rel}","templated":true}]}}