{"id":175110,"date":"2017-10-27T14:00:21","date_gmt":"2017-10-27T16:00:21","guid":{"rendered":"http:\/\/www.agrund.com\/?p=175110"},"modified":"2017-10-27T11:09:07","modified_gmt":"2017-10-27T13:09:07","slug":"candice-swanepoel-posa-com-o-filho-para-a-vogue-brasil","status":"publish","type":"post","link":"https:\/\/agrund.com\/index.php\/candice-swanepoel-posa-com-o-filho-para-a-vogue-brasil\/","title":{"rendered":"Candice Swanepoel posa com o filho para a \u2018Vogue\u2019 Brasil"},"content":{"rendered":"<p>A \u2018Vogue\u2019 Brasil convocou Candice Swanepoel para ser capa de sua edi\u00e7\u00e3o novembro 2017. Mas n\u00e3o \u00e9 apenas ela que aparece nas p\u00e1ginas da revista.<\/p>\n<p>A publica\u00e7\u00e3o divulgou um clique da modelo com seu filho Anac\u00e3 no colo, clique este que foi feito na piscina do Hotel Fasano, no Rio de Janeiro. Para quem n\u00e3o sabe, o pequeno nasceu no Brasil e \u00e9 fruto do relacionamento de Candice com o modelo brasileiro Hermann Nicoli.<\/p>\n<p>Uma gra\u00e7a! Confira:<\/p>\n<div id=\"attachment_175111\" style=\"width: 610px\" class=\"wp-caption aligncenter\"><img aria-describedby=\"caption-attachment-175111\" data-attachment-id=\"175111\" data-permalink=\"https:\/\/agrund.com\/index.php\/candice-swanepoel-posa-com-o-filho-para-a-vogue-brasil\/1-1134\/\" data-orig-file=\"https:\/\/i0.wp.com\/agrund.com\/wp-content\/uploads\/sites\/6\/2017\/10\/1-29-e1509109657211.jpg?fit=600%2C812&amp;ssl=1\" data-orig-size=\"600,812\" data-comments-opened=\"1\" data-image-meta=\"{&quot;aperture&quot;:&quot;0&quot;,&quot;credit&quot;:&quot;&quot;,&quot;camera&quot;:&quot;&quot;,&quot;caption&quot;:&quot;&quot;,&quot;created_timestamp&quot;:&quot;0&quot;,&quot;copyright&quot;:&quot;&quot;,&quot;focal_length&quot;:&quot;0&quot;,&quot;iso&quot;:&quot;0&quot;,&quot;shutter_speed&quot;:&quot;0&quot;,&quot;title&quot;:&quot;&quot;,&quot;orientation&quot;:&quot;0&quot;}\" data-image-title=\"Candice Swanepoel posa com o filho para a \u2018Vogue\u2019\" data-image-description=\"\" data-image-caption=\"&lt;p&gt;Candice Swanepoel posa com o filho para a \u2018Vogue\u2019&lt;\/p&gt;\n\" data-medium-file=\"https:\/\/i0.wp.com\/agrund.com\/wp-content\/uploads\/sites\/6\/2017\/10\/1-29-e1509109657211.jpg?fit=222%2C300&amp;ssl=1\" data-large-file=\"https:\/\/i0.wp.com\/agrund.com\/wp-content\/uploads\/sites\/6\/2017\/10\/1-29-e1509109657211.jpg?fit=756%2C1024&amp;ssl=1\" decoding=\"async\" loading=\"lazy\" class=\"size-full wp-image-175111\" src=\"https:\/\/i0.wp.com\/www.agrund.com\/wp-content\/uploads\/sites\/6\/2017\/10\/1-29-e1509109657211.jpg?resize=600%2C812\" alt=\"\" width=\"600\" height=\"812\" data-recalc-dims=\"1\" \/><p id=\"caption-attachment-175111\" class=\"wp-caption-text\">Candice Swanepoel posa com o filho para a \u2018Vogue\u2019<\/p><\/div>\n<div id=\"attachment_175112\" style=\"width: 610px\" class=\"wp-caption aligncenter\"><img aria-describedby=\"caption-attachment-175112\" data-attachment-id=\"175112\" data-permalink=\"https:\/\/agrund.com\/index.php\/candice-swanepoel-posa-com-o-filho-para-a-vogue-brasil\/2-1089\/\" data-orig-file=\"https:\/\/i0.wp.com\/agrund.com\/wp-content\/uploads\/sites\/6\/2017\/10\/2-27-e1509109672225.jpg?fit=600%2C863&amp;ssl=1\" data-orig-size=\"600,863\" data-comments-opened=\"1\" data-image-meta=\"{&quot;aperture&quot;:&quot;0&quot;,&quot;credit&quot;:&quot;&quot;,&quot;camera&quot;:&quot;&quot;,&quot;caption&quot;:&quot;&quot;,&quot;created_timestamp&quot;:&quot;0&quot;,&quot;copyright&quot;:&quot;&quot;,&quot;focal_length&quot;:&quot;0&quot;,&quot;iso&quot;:&quot;0&quot;,&quot;shutter_speed&quot;:&quot;0&quot;,&quot;title&quot;:&quot;&quot;,&quot;orientation&quot;:&quot;0&quot;}\" data-image-title=\"Candice Swanepoel posa com o filho para a \u2018Vogue\u2019\" data-image-description=\"\" data-image-caption=\"&lt;p&gt;Candice Swanepoel posa com o filho para a \u2018Vogue\u2019&lt;\/p&gt;\n\" data-medium-file=\"https:\/\/i0.wp.com\/agrund.com\/wp-content\/uploads\/sites\/6\/2017\/10\/2-27-e1509109672225.jpg?fit=209%2C300&amp;ssl=1\" data-large-file=\"https:\/\/i0.wp.com\/agrund.com\/wp-content\/uploads\/sites\/6\/2017\/10\/2-27-e1509109672225.jpg?fit=600%2C863&amp;ssl=1\" decoding=\"async\" loading=\"lazy\" class=\"size-full wp-image-175112\" src=\"https:\/\/i0.wp.com\/www.agrund.com\/wp-content\/uploads\/sites\/6\/2017\/10\/2-27-e1509109672225.jpg?resize=600%2C863\" alt=\"\" width=\"600\" height=\"863\" data-recalc-dims=\"1\" \/><p id=\"caption-attachment-175112\" class=\"wp-caption-text\">Candice Swanepoel posa com o filho para a \u2018Vogue\u2019<\/p><\/div>\n<p>Fotos: Reprodu\u00e7\u00e3o.<\/p>\n","protected":false},"excerpt":{"rendered":"<p>A \u2018Vogue\u2019 Brasil convocou Candice Swanepoel para ser capa de sua edi\u00e7\u00e3o novembro 2017. Mas n\u00e3o \u00e9 apenas ela que aparece nas p\u00e1ginas da revista. A publica\u00e7\u00e3o divulgou um clique da modelo com seu filho Anac\u00e3 no colo, clique este que foi feito na piscina do Hotel Fasano, no Rio de Janeiro. Para quem n\u00e3o [&hellip;]<\/p>\n","protected":false},"author":8,"featured_media":175113,"comment_status":"open","ping_status":"open","sticky":false,"template":"","format":"standard","meta":{"jetpack_post_was_ever_published":false,"_jetpack_newsletter_access":"","jetpack_publicize_message":"","jetpack_is_tweetstorm":false,"jetpack_publicize_feature_enabled":true,"jetpack_social_post_already_shared":true,"jetpack_social_options":{"image_generator_settings":{"template":"highway","enabled":false}}},"categories":[2],"tags":[],"jetpack_publicize_connections":[],"jetpack_featured_media_url":"https:\/\/i0.wp.com\/agrund.com\/wp-content\/uploads\/sites\/6\/2017\/10\/s-113.jpg?fit=960%2C300&ssl=1","jetpack_sharing_enabled":true,"jetpack_shortlink":"https:\/\/wp.me\/p3Hz0n-Jym","jetpack_likes_enabled":true,"_links":{"self":[{"href":"https:\/\/agrund.com\/index.php\/wp-json\/wp\/v2\/posts\/175110"}],"collection":[{"href":"https:\/\/agrund.com\/index.php\/wp-json\/wp\/v2\/posts"}],"about":[{"href":"https:\/\/agrund.com\/index.php\/wp-json\/wp\/v2\/types\/post"}],"author":[{"embeddable":true,"href":"https:\/\/agrund.com\/index.php\/wp-json\/wp\/v2\/users\/8"}],"replies":[{"embeddable":true,"href":"https:\/\/agrund.com\/index.php\/wp-json\/wp\/v2\/comments?post=175110"}],"version-history":[{"count":0,"href":"https:\/\/agrund.com\/index.php\/wp-json\/wp\/v2\/posts\/175110\/revisions"}],"wp:featuredmedia":[{"embeddable":true,"href":"https:\/\/agrund.com\/index.php\/wp-json\/wp\/v2\/media\/175113"}],"wp:attachment":[{"href":"https:\/\/agrund.com\/index.php\/wp-json\/wp\/v2\/media?parent=175110"}],"wp:term":[{"taxonomy":"category","embeddable":true,"href":"https:\/\/agrund.com\/index.php\/wp-json\/wp\/v2\/categories?post=175110"},{"taxonomy":"post_tag","embeddable":true,"href":"https:\/\/agrund.com\/index.php\/wp-json\/wp\/v2\/tags?post=175110"}],"curies":[{"name":"wp","href":"https:\/\/api.w.org\/{rel}","templated":true}]}}