{"id":175101,"date":"2017-10-27T12:00:17","date_gmt":"2017-10-27T14:00:17","guid":{"rendered":"http:\/\/www.agrund.com\/?p=175101"},"modified":"2017-10-27T10:35:32","modified_gmt":"2017-10-27T12:35:32","slug":"video-tres-dicas-de-moda-para-adolescentes-2","status":"publish","type":"post","link":"https:\/\/agrund.com\/index.php\/video-tres-dicas-de-moda-para-adolescentes-2\/","title":{"rendered":"V\u00eddeo :: Tr\u00eas dicas de moda para adolescentes"},"content":{"rendered":"<div id=\"attachment_175003\" style=\"width: 570px\" class=\"wp-caption aligncenter\"><img aria-describedby=\"caption-attachment-175003\" data-attachment-id=\"175003\" data-permalink=\"https:\/\/agrund.com\/index.php\/video-tres-dicas-de-moda-para-adolescentes\/a-185\/\" data-orig-file=\"https:\/\/i0.wp.com\/agrund.com\/wp-content\/uploads\/sites\/6\/2017\/10\/a-13-e1508932438375.jpg?fit=560%2C310&amp;ssl=1\" data-orig-size=\"560,310\" data-comments-opened=\"1\" data-image-meta=\"{&quot;aperture&quot;:&quot;0&quot;,&quot;credit&quot;:&quot;&quot;,&quot;camera&quot;:&quot;&quot;,&quot;caption&quot;:&quot;&quot;,&quot;created_timestamp&quot;:&quot;0&quot;,&quot;copyright&quot;:&quot;&quot;,&quot;focal_length&quot;:&quot;0&quot;,&quot;iso&quot;:&quot;0&quot;,&quot;shutter_speed&quot;:&quot;0&quot;,&quot;title&quot;:&quot;&quot;,&quot;orientation&quot;:&quot;1&quot;}\" data-image-title=\"V\u00eddeo :: Tr\u00eas dicas de moda para adolescentes\" data-image-description=\"\" data-image-caption=\"&lt;p&gt;V\u00eddeo :: Tr\u00eas dicas de moda para adolescentes&lt;\/p&gt;\n\" data-medium-file=\"https:\/\/i0.wp.com\/agrund.com\/wp-content\/uploads\/sites\/6\/2017\/10\/a-13-e1508932438375.jpg?fit=300%2C166&amp;ssl=1\" data-large-file=\"https:\/\/i0.wp.com\/agrund.com\/wp-content\/uploads\/sites\/6\/2017\/10\/a-13-e1508932438375.jpg?fit=560%2C310&amp;ssl=1\" decoding=\"async\" loading=\"lazy\" class=\"size-full wp-image-175003\" src=\"https:\/\/i0.wp.com\/www.agrund.com\/wp-content\/uploads\/sites\/6\/2017\/10\/a-13-e1508932438375.jpg?resize=560%2C310\" alt=\"\" width=\"560\" height=\"310\" data-recalc-dims=\"1\" \/><p id=\"caption-attachment-175003\" class=\"wp-caption-text\">V\u00eddeo :: Tr\u00eas dicas de moda para adolescentes<\/p><\/div>\n<p>Aproveitei minha viagem \u00e0 Salvador na \u00faltima semana para bater um papo com Let\u00edcia Santana, mais conhecida pelo blog \u2018Borboleta Vintage\u2019. Como Lel\u00ea tem apenas 15 anos, aproveitei para pedir tr\u00eas dicas de moda para adolescentes, como ela.<\/p>\n<p>Aperte o play \ud83d\ude09<\/p>\n<span class=\"embed-youtube\" style=\"text-align:center; display: block;\"><iframe class=\"youtube-player\" width=\"560\" height=\"315\" src=\"https:\/\/www.youtube.com\/embed\/BKxVy0iUMf8?version=3&#038;rel=1&#038;showsearch=0&#038;showinfo=1&#038;iv_load_policy=1&#038;fs=1&#038;hl=pt-BR&#038;autohide=2&#038;wmode=transparent\" allowfullscreen=\"true\" style=\"border:0;\" sandbox=\"allow-scripts allow-same-origin allow-popups allow-presentation\"><\/iframe><\/span>\n<p>&nbsp;<\/p>\n<p>V\u00eddeo: Duas Lentes.<\/p>\n","protected":false},"excerpt":{"rendered":"<p>Aproveitei minha viagem \u00e0 Salvador na \u00faltima semana para bater um papo com Let\u00edcia Santana, mais conhecida pelo blog \u2018Borboleta Vintage\u2019. Como Lel\u00ea tem apenas 15 anos, aproveitei para pedir tr\u00eas dicas de moda para adolescentes, como ela. Aperte o play \ud83d\ude09 &nbsp; V\u00eddeo: Duas Lentes.<\/p>\n","protected":false},"author":8,"featured_media":175004,"comment_status":"open","ping_status":"open","sticky":false,"template":"","format":"standard","meta":{"jetpack_post_was_ever_published":false,"_jetpack_newsletter_access":"","jetpack_publicize_message":"","jetpack_is_tweetstorm":false,"jetpack_publicize_feature_enabled":true,"jetpack_social_post_already_shared":true,"jetpack_social_options":{"image_generator_settings":{"template":"highway","enabled":false}}},"categories":[2],"tags":[],"jetpack_publicize_connections":[],"jetpack_featured_media_url":"https:\/\/i0.wp.com\/agrund.com\/wp-content\/uploads\/sites\/6\/2017\/10\/s-102.jpg?fit=960%2C300&ssl=1","jetpack_sharing_enabled":true,"jetpack_shortlink":"https:\/\/wp.me\/p3Hz0n-Jyd","jetpack_likes_enabled":true,"_links":{"self":[{"href":"https:\/\/agrund.com\/index.php\/wp-json\/wp\/v2\/posts\/175101"}],"collection":[{"href":"https:\/\/agrund.com\/index.php\/wp-json\/wp\/v2\/posts"}],"about":[{"href":"https:\/\/agrund.com\/index.php\/wp-json\/wp\/v2\/types\/post"}],"author":[{"embeddable":true,"href":"https:\/\/agrund.com\/index.php\/wp-json\/wp\/v2\/users\/8"}],"replies":[{"embeddable":true,"href":"https:\/\/agrund.com\/index.php\/wp-json\/wp\/v2\/comments?post=175101"}],"version-history":[{"count":0,"href":"https:\/\/agrund.com\/index.php\/wp-json\/wp\/v2\/posts\/175101\/revisions"}],"wp:featuredmedia":[{"embeddable":true,"href":"https:\/\/agrund.com\/index.php\/wp-json\/wp\/v2\/media\/175004"}],"wp:attachment":[{"href":"https:\/\/agrund.com\/index.php\/wp-json\/wp\/v2\/media?parent=175101"}],"wp:term":[{"taxonomy":"category","embeddable":true,"href":"https:\/\/agrund.com\/index.php\/wp-json\/wp\/v2\/categories?post=175101"},{"taxonomy":"post_tag","embeddable":true,"href":"https:\/\/agrund.com\/index.php\/wp-json\/wp\/v2\/tags?post=175101"}],"curies":[{"name":"wp","href":"https:\/\/api.w.org\/{rel}","templated":true}]}}