{"id":175095,"date":"2017-10-27T11:00:47","date_gmt":"2017-10-27T13:00:47","guid":{"rendered":"http:\/\/www.agrund.com\/?p=175095"},"modified":"2017-10-27T10:25:45","modified_gmt":"2017-10-27T12:25:45","slug":"rihanna-vira-nefertiti-para-vogue-arabia","status":"publish","type":"post","link":"https:\/\/agrund.com\/index.php\/rihanna-vira-nefertiti-para-vogue-arabia\/","title":{"rendered":"Rihanna vira Nefertiti para \u2018Vogue\u2019 Ar\u00e1bia"},"content":{"rendered":"<p>Sim, a \u2018Vogue\u2019 Ar\u00e1bia convocou Rihanna para estrelar a capa de sua edi\u00e7\u00e3o novembro 2017. Mas n\u00e3o \u00e9 qualquer capa, n\u00e3o!<\/p>\n<p>A publica\u00e7\u00e3o decidiu homenagear Nefertiti e por isso Riri aparece com uma coroa igual a que era usada pela rainha eg\u00edpcia. Em uma das capa, a cantora veste um casaco da Gucci com estampa de phyton colorida.<\/p>\n<p>Confira!<\/p>\n<div id=\"attachment_175097\" style=\"width: 610px\" class=\"wp-caption aligncenter\"><img aria-describedby=\"caption-attachment-175097\" data-attachment-id=\"175097\" data-permalink=\"https:\/\/agrund.com\/index.php\/rihanna-vira-nefertiti-para-vogue-arabia\/2-1087\/\" data-orig-file=\"https:\/\/i0.wp.com\/agrund.com\/wp-content\/uploads\/sites\/6\/2017\/10\/2-25-e1509107030396.jpg?fit=600%2C749&amp;ssl=1\" data-orig-size=\"600,749\" data-comments-opened=\"1\" data-image-meta=\"{&quot;aperture&quot;:&quot;0&quot;,&quot;credit&quot;:&quot;&quot;,&quot;camera&quot;:&quot;&quot;,&quot;caption&quot;:&quot;&quot;,&quot;created_timestamp&quot;:&quot;0&quot;,&quot;copyright&quot;:&quot;&quot;,&quot;focal_length&quot;:&quot;0&quot;,&quot;iso&quot;:&quot;0&quot;,&quot;shutter_speed&quot;:&quot;0&quot;,&quot;title&quot;:&quot;&quot;,&quot;orientation&quot;:&quot;0&quot;}\" data-image-title=\"Rihanna vira Nefertiti para \u2018Vogue\u2019 Ar\u00e1bia\" data-image-description=\"\" data-image-caption=\"&lt;p&gt;Rihanna vira Nefertiti para \u2018Vogue\u2019 Ar\u00e1bia&lt;\/p&gt;\n\" data-medium-file=\"https:\/\/i0.wp.com\/agrund.com\/wp-content\/uploads\/sites\/6\/2017\/10\/2-25-e1509107030396.jpg?fit=240%2C300&amp;ssl=1\" data-large-file=\"https:\/\/i0.wp.com\/agrund.com\/wp-content\/uploads\/sites\/6\/2017\/10\/2-25-e1509107030396.jpg?fit=820%2C1024&amp;ssl=1\" decoding=\"async\" loading=\"lazy\" class=\"size-full wp-image-175097\" src=\"https:\/\/i0.wp.com\/www.agrund.com\/wp-content\/uploads\/sites\/6\/2017\/10\/2-25-e1509107030396.jpg?resize=600%2C749\" alt=\"\" width=\"600\" height=\"749\" data-recalc-dims=\"1\" \/><p id=\"caption-attachment-175097\" class=\"wp-caption-text\">Rihanna vira Nefertiti para \u2018Vogue\u2019 Ar\u00e1bia<\/p><\/div>\n<div id=\"attachment_175098\" style=\"width: 610px\" class=\"wp-caption aligncenter\"><img aria-describedby=\"caption-attachment-175098\" data-attachment-id=\"175098\" data-permalink=\"https:\/\/agrund.com\/index.php\/rihanna-vira-nefertiti-para-vogue-arabia\/3-1026\/\" data-orig-file=\"https:\/\/i0.wp.com\/agrund.com\/wp-content\/uploads\/sites\/6\/2017\/10\/3-19-e1509107044169.jpg?fit=600%2C750&amp;ssl=1\" data-orig-size=\"600,750\" data-comments-opened=\"1\" data-image-meta=\"{&quot;aperture&quot;:&quot;0&quot;,&quot;credit&quot;:&quot;&quot;,&quot;camera&quot;:&quot;&quot;,&quot;caption&quot;:&quot;&quot;,&quot;created_timestamp&quot;:&quot;0&quot;,&quot;copyright&quot;:&quot;&quot;,&quot;focal_length&quot;:&quot;0&quot;,&quot;iso&quot;:&quot;0&quot;,&quot;shutter_speed&quot;:&quot;0&quot;,&quot;title&quot;:&quot;&quot;,&quot;orientation&quot;:&quot;0&quot;}\" data-image-title=\"Rihanna vira Nefertiti para \u2018Vogue\u2019 Ar\u00e1bia\" data-image-description=\"\" data-image-caption=\"&lt;p&gt;Rihanna vira Nefertiti para \u2018Vogue\u2019 Ar\u00e1bia&lt;\/p&gt;\n\" data-medium-file=\"https:\/\/i0.wp.com\/agrund.com\/wp-content\/uploads\/sites\/6\/2017\/10\/3-19-e1509107044169.jpg?fit=240%2C300&amp;ssl=1\" data-large-file=\"https:\/\/i0.wp.com\/agrund.com\/wp-content\/uploads\/sites\/6\/2017\/10\/3-19-e1509107044169.jpg?fit=600%2C750&amp;ssl=1\" decoding=\"async\" loading=\"lazy\" class=\"size-full wp-image-175098\" src=\"https:\/\/i0.wp.com\/www.agrund.com\/wp-content\/uploads\/sites\/6\/2017\/10\/3-19-e1509107044169.jpg?resize=600%2C750\" alt=\"\" width=\"600\" height=\"750\" data-recalc-dims=\"1\" \/><p id=\"caption-attachment-175098\" class=\"wp-caption-text\">Rihanna vira Nefertiti para \u2018Vogue\u2019 Ar\u00e1bia<\/p><\/div>\n<div id=\"attachment_175096\" style=\"width: 610px\" class=\"wp-caption aligncenter\"><img aria-describedby=\"caption-attachment-175096\" data-attachment-id=\"175096\" data-permalink=\"https:\/\/agrund.com\/index.php\/rihanna-vira-nefertiti-para-vogue-arabia\/1-1132\/\" data-orig-file=\"https:\/\/i0.wp.com\/agrund.com\/wp-content\/uploads\/sites\/6\/2017\/10\/1-27-e1509107059350.jpg?fit=600%2C750&amp;ssl=1\" data-orig-size=\"600,750\" data-comments-opened=\"1\" data-image-meta=\"{&quot;aperture&quot;:&quot;0&quot;,&quot;credit&quot;:&quot;&quot;,&quot;camera&quot;:&quot;&quot;,&quot;caption&quot;:&quot;&quot;,&quot;created_timestamp&quot;:&quot;0&quot;,&quot;copyright&quot;:&quot;&quot;,&quot;focal_length&quot;:&quot;0&quot;,&quot;iso&quot;:&quot;0&quot;,&quot;shutter_speed&quot;:&quot;0&quot;,&quot;title&quot;:&quot;&quot;,&quot;orientation&quot;:&quot;0&quot;}\" data-image-title=\"Rihanna vira Nefertiti para \u2018Vogue\u2019 Ar\u00e1bia\" data-image-description=\"\" data-image-caption=\"&lt;p&gt;Rihanna vira Nefertiti para \u2018Vogue\u2019 Ar\u00e1bia&lt;\/p&gt;\n\" data-medium-file=\"https:\/\/i0.wp.com\/agrund.com\/wp-content\/uploads\/sites\/6\/2017\/10\/1-27-e1509107059350.jpg?fit=240%2C300&amp;ssl=1\" data-large-file=\"https:\/\/i0.wp.com\/agrund.com\/wp-content\/uploads\/sites\/6\/2017\/10\/1-27-e1509107059350.jpg?fit=600%2C750&amp;ssl=1\" decoding=\"async\" loading=\"lazy\" class=\"size-full wp-image-175096\" src=\"https:\/\/i0.wp.com\/www.agrund.com\/wp-content\/uploads\/sites\/6\/2017\/10\/1-27-e1509107059350.jpg?resize=600%2C750\" alt=\"\" width=\"600\" height=\"750\" data-recalc-dims=\"1\" \/><p id=\"caption-attachment-175096\" class=\"wp-caption-text\">Rihanna vira Nefertiti para \u2018Vogue\u2019 Ar\u00e1bia<\/p><\/div>\n<p>&nbsp;<\/p>\n<p>Fotos: Reprodu\u00e7\u00e3o.<\/p>\n","protected":false},"excerpt":{"rendered":"<p>Sim, a \u2018Vogue\u2019 Ar\u00e1bia convocou Rihanna para estrelar a capa de sua edi\u00e7\u00e3o novembro 2017. Mas n\u00e3o \u00e9 qualquer capa, n\u00e3o! A publica\u00e7\u00e3o decidiu homenagear Nefertiti e por isso Riri aparece com uma coroa igual a que era usada pela rainha eg\u00edpcia. Em uma das capa, a cantora veste um casaco da Gucci com estampa [&hellip;]<\/p>\n","protected":false},"author":8,"featured_media":175099,"comment_status":"open","ping_status":"open","sticky":false,"template":"","format":"standard","meta":{"jetpack_post_was_ever_published":false,"_jetpack_newsletter_access":"","jetpack_publicize_message":"","jetpack_is_tweetstorm":false,"jetpack_publicize_feature_enabled":true,"jetpack_social_post_already_shared":true,"jetpack_social_options":{"image_generator_settings":{"template":"highway","enabled":false}}},"categories":[2],"tags":[],"jetpack_publicize_connections":[],"jetpack_featured_media_url":"https:\/\/i0.wp.com\/agrund.com\/wp-content\/uploads\/sites\/6\/2017\/10\/s-111.jpg?fit=960%2C300&ssl=1","jetpack_sharing_enabled":true,"jetpack_shortlink":"https:\/\/wp.me\/p3Hz0n-Jy7","jetpack_likes_enabled":true,"_links":{"self":[{"href":"https:\/\/agrund.com\/index.php\/wp-json\/wp\/v2\/posts\/175095"}],"collection":[{"href":"https:\/\/agrund.com\/index.php\/wp-json\/wp\/v2\/posts"}],"about":[{"href":"https:\/\/agrund.com\/index.php\/wp-json\/wp\/v2\/types\/post"}],"author":[{"embeddable":true,"href":"https:\/\/agrund.com\/index.php\/wp-json\/wp\/v2\/users\/8"}],"replies":[{"embeddable":true,"href":"https:\/\/agrund.com\/index.php\/wp-json\/wp\/v2\/comments?post=175095"}],"version-history":[{"count":0,"href":"https:\/\/agrund.com\/index.php\/wp-json\/wp\/v2\/posts\/175095\/revisions"}],"wp:featuredmedia":[{"embeddable":true,"href":"https:\/\/agrund.com\/index.php\/wp-json\/wp\/v2\/media\/175099"}],"wp:attachment":[{"href":"https:\/\/agrund.com\/index.php\/wp-json\/wp\/v2\/media?parent=175095"}],"wp:term":[{"taxonomy":"category","embeddable":true,"href":"https:\/\/agrund.com\/index.php\/wp-json\/wp\/v2\/categories?post=175095"},{"taxonomy":"post_tag","embeddable":true,"href":"https:\/\/agrund.com\/index.php\/wp-json\/wp\/v2\/tags?post=175095"}],"curies":[{"name":"wp","href":"https:\/\/api.w.org\/{rel}","templated":true}]}}