{"id":175090,"date":"2017-10-27T10:00:09","date_gmt":"2017-10-27T12:00:09","guid":{"rendered":"http:\/\/www.agrund.com\/?p=175090"},"modified":"2017-10-27T10:17:27","modified_gmt":"2017-10-27T12:17:27","slug":"kendall-jenner-estrela-campanha-de-natal-da-estee-lauder","status":"publish","type":"post","link":"https:\/\/agrund.com\/index.php\/kendall-jenner-estrela-campanha-de-natal-da-estee-lauder\/","title":{"rendered":"Kendall Jenner estrela campanha de Natal da Est\u00e9e Lauder"},"content":{"rendered":"<p>Kendall Jenner \u00e9 o rosto da Est\u00e9e Lauder desde 2014, e \u00e9 claro que ela n\u00e3o ficar\u00e1 de fora da campanha de final de ano da marca. J\u00e1 no clima do Natal, a modelo aparece em dois cliques divulgados.<\/p>\n<p>No primeiro, Kendall aparece sentada no ch\u00e3o com um vestido vermelho volumoso com muitas camada de tule. No outro ela tamb\u00e9m est\u00e1 de vermelho, mas agora com um vestido curto de tule que parece at\u00e9 de uma bailarina. Ela ainda est\u00e1 com os cabelos presos em um fita vermelha e com um presente nas m\u00e3os.<\/p>\n<p>Parece que o Natal chegou!<\/p>\n<div id=\"attachment_175091\" style=\"width: 610px\" class=\"wp-caption aligncenter\"><img aria-describedby=\"caption-attachment-175091\" data-attachment-id=\"175091\" data-permalink=\"https:\/\/agrund.com\/index.php\/kendall-jenner-estrela-campanha-de-natal-da-estee-lauder\/kendall-jenner-estee-lauder-holiday-2017-campaign01\/\" data-orig-file=\"https:\/\/i0.wp.com\/agrund.com\/wp-content\/uploads\/sites\/6\/2017\/10\/Kendall-Jenner-Estee-Lauder-Holiday-2017-Campaign01-e1509106439196.jpg?fit=600%2C449&amp;ssl=1\" data-orig-size=\"600,449\" data-comments-opened=\"1\" data-image-meta=\"{&quot;aperture&quot;:&quot;0&quot;,&quot;credit&quot;:&quot;&quot;,&quot;camera&quot;:&quot;&quot;,&quot;caption&quot;:&quot;&quot;,&quot;created_timestamp&quot;:&quot;0&quot;,&quot;copyright&quot;:&quot;&quot;,&quot;focal_length&quot;:&quot;0&quot;,&quot;iso&quot;:&quot;0&quot;,&quot;shutter_speed&quot;:&quot;0&quot;,&quot;title&quot;:&quot;&quot;,&quot;orientation&quot;:&quot;1&quot;}\" data-image-title=\"Kendall-Jenner-Estee-Lauder-Holiday-2017-Campaign01\" data-image-description=\"\" data-image-caption=\"&lt;p&gt;Kendall Jenner estrela campanha de Natal da Est\u00e9e Lauder&lt;br \/&gt;\nKendall Jenner estrela campanha de Natal da Est\u00e9e Lauder&lt;\/p&gt;\n\" data-medium-file=\"https:\/\/i0.wp.com\/agrund.com\/wp-content\/uploads\/sites\/6\/2017\/10\/Kendall-Jenner-Estee-Lauder-Holiday-2017-Campaign01-e1509106439196.jpg?fit=300%2C225&amp;ssl=1\" data-large-file=\"https:\/\/i0.wp.com\/agrund.com\/wp-content\/uploads\/sites\/6\/2017\/10\/Kendall-Jenner-Estee-Lauder-Holiday-2017-Campaign01-e1509106439196.jpg?fit=600%2C449&amp;ssl=1\" decoding=\"async\" loading=\"lazy\" class=\"wp-image-175091 size-full\" src=\"https:\/\/i0.wp.com\/www.agrund.com\/wp-content\/uploads\/sites\/6\/2017\/10\/Kendall-Jenner-Estee-Lauder-Holiday-2017-Campaign01-e1509106439196.jpg?resize=600%2C449\" alt=\"\" width=\"600\" height=\"449\" data-recalc-dims=\"1\" \/><p id=\"caption-attachment-175091\" class=\"wp-caption-text\">Kendall Jenner estrela campanha de Natal da Est\u00e9e Lauder<\/p><\/div>\n<div id=\"attachment_175092\" style=\"width: 610px\" class=\"wp-caption aligncenter\"><img aria-describedby=\"caption-attachment-175092\" data-attachment-id=\"175092\" data-permalink=\"https:\/\/agrund.com\/index.php\/kendall-jenner-estrela-campanha-de-natal-da-estee-lauder\/kendall-jenner-estee-lauder-holiday-2017-campaign02\/\" data-orig-file=\"https:\/\/i0.wp.com\/agrund.com\/wp-content\/uploads\/sites\/6\/2017\/10\/Kendall-Jenner-Estee-Lauder-Holiday-2017-Campaign02-e1509106459909.jpg?fit=600%2C888&amp;ssl=1\" data-orig-size=\"600,888\" data-comments-opened=\"1\" data-image-meta=\"{&quot;aperture&quot;:&quot;0&quot;,&quot;credit&quot;:&quot;&quot;,&quot;camera&quot;:&quot;&quot;,&quot;caption&quot;:&quot;&quot;,&quot;created_timestamp&quot;:&quot;0&quot;,&quot;copyright&quot;:&quot;&quot;,&quot;focal_length&quot;:&quot;0&quot;,&quot;iso&quot;:&quot;0&quot;,&quot;shutter_speed&quot;:&quot;0&quot;,&quot;title&quot;:&quot;&quot;,&quot;orientation&quot;:&quot;1&quot;}\" data-image-title=\"Kendall Jenner estrela campanha de Natal da Est\u00e9e Lauder\" data-image-description=\"\" data-image-caption=\"&lt;p&gt;Kendall Jenner estrela campanha de Natal da Est\u00e9e Lauder&lt;\/p&gt;\n\" data-medium-file=\"https:\/\/i0.wp.com\/agrund.com\/wp-content\/uploads\/sites\/6\/2017\/10\/Kendall-Jenner-Estee-Lauder-Holiday-2017-Campaign02-e1509106459909.jpg?fit=203%2C300&amp;ssl=1\" data-large-file=\"https:\/\/i0.wp.com\/agrund.com\/wp-content\/uploads\/sites\/6\/2017\/10\/Kendall-Jenner-Estee-Lauder-Holiday-2017-Campaign02-e1509106459909.jpg?fit=692%2C1024&amp;ssl=1\" decoding=\"async\" loading=\"lazy\" class=\"size-full wp-image-175092\" src=\"https:\/\/i0.wp.com\/www.agrund.com\/wp-content\/uploads\/sites\/6\/2017\/10\/Kendall-Jenner-Estee-Lauder-Holiday-2017-Campaign02-e1509106459909.jpg?resize=600%2C888\" alt=\"\" width=\"600\" height=\"888\" data-recalc-dims=\"1\" \/><p id=\"caption-attachment-175092\" class=\"wp-caption-text\">Kendall Jenner estrela campanha de Natal da Est\u00e9e Lauder<\/p><\/div>\n<p>Fotos: Reprodu\u00e7\u00e3o.<\/p>\n","protected":false},"excerpt":{"rendered":"<p>Kendall Jenner \u00e9 o rosto da Est\u00e9e Lauder desde 2014, e \u00e9 claro que ela n\u00e3o ficar\u00e1 de fora da campanha de final de ano da marca. J\u00e1 no clima do Natal, a modelo aparece em dois cliques divulgados. No primeiro, Kendall aparece sentada no ch\u00e3o com um vestido vermelho volumoso com muitas camada de [&hellip;]<\/p>\n","protected":false},"author":8,"featured_media":175093,"comment_status":"open","ping_status":"open","sticky":false,"template":"","format":"standard","meta":{"jetpack_post_was_ever_published":false,"_jetpack_newsletter_access":"","jetpack_publicize_message":"","jetpack_is_tweetstorm":false,"jetpack_publicize_feature_enabled":true,"jetpack_social_post_already_shared":true,"jetpack_social_options":{"image_generator_settings":{"template":"highway","enabled":false}}},"categories":[2],"tags":[],"jetpack_publicize_connections":[],"jetpack_featured_media_url":"https:\/\/i0.wp.com\/agrund.com\/wp-content\/uploads\/sites\/6\/2017\/10\/s-110.jpg?fit=960%2C300&ssl=1","jetpack_sharing_enabled":true,"jetpack_shortlink":"https:\/\/wp.me\/p3Hz0n-Jy2","jetpack_likes_enabled":true,"_links":{"self":[{"href":"https:\/\/agrund.com\/index.php\/wp-json\/wp\/v2\/posts\/175090"}],"collection":[{"href":"https:\/\/agrund.com\/index.php\/wp-json\/wp\/v2\/posts"}],"about":[{"href":"https:\/\/agrund.com\/index.php\/wp-json\/wp\/v2\/types\/post"}],"author":[{"embeddable":true,"href":"https:\/\/agrund.com\/index.php\/wp-json\/wp\/v2\/users\/8"}],"replies":[{"embeddable":true,"href":"https:\/\/agrund.com\/index.php\/wp-json\/wp\/v2\/comments?post=175090"}],"version-history":[{"count":0,"href":"https:\/\/agrund.com\/index.php\/wp-json\/wp\/v2\/posts\/175090\/revisions"}],"wp:featuredmedia":[{"embeddable":true,"href":"https:\/\/agrund.com\/index.php\/wp-json\/wp\/v2\/media\/175093"}],"wp:attachment":[{"href":"https:\/\/agrund.com\/index.php\/wp-json\/wp\/v2\/media?parent=175090"}],"wp:term":[{"taxonomy":"category","embeddable":true,"href":"https:\/\/agrund.com\/index.php\/wp-json\/wp\/v2\/categories?post=175090"},{"taxonomy":"post_tag","embeddable":true,"href":"https:\/\/agrund.com\/index.php\/wp-json\/wp\/v2\/tags?post=175090"}],"curies":[{"name":"wp","href":"https:\/\/api.w.org\/{rel}","templated":true}]}}