{"id":175025,"date":"2017-10-25T18:00:32","date_gmt":"2017-10-25T20:00:32","guid":{"rendered":"http:\/\/www.agrund.com\/?p=175025"},"modified":"2017-10-25T18:01:27","modified_gmt":"2017-10-25T20:01:27","slug":"da-passarela-para-o-tapete-vermelho-2","status":"publish","type":"post","link":"https:\/\/agrund.com\/index.php\/da-passarela-para-o-tapete-vermelho-2\/","title":{"rendered":"Da passarela para o tapete vermelho"},"content":{"rendered":"<p>Como voc\u00ea j\u00e1 sabe, n\u00f3s, do Agrund.com, adoramos mostrar como os looks das passarelas das grandes marcas ficam no mundo real, ou melhor, no tapete vermelho.<\/p>\n<p>Hoje separamos cinco celebridades que carregaram o look da passarela e arrasaram. Tem Blake Lively, Jennifer Garner, Sarah Paulson, Cara Delevingne e at\u00e9 Gigi Hadid com um vestido que sua irm\u00e3 Bella desfilou. Veja:<\/p>\n<div id=\"attachment_175029\" style=\"width: 610px\" class=\"wp-caption aligncenter\"><img aria-describedby=\"caption-attachment-175029\" data-attachment-id=\"175029\" data-permalink=\"https:\/\/agrund.com\/index.php\/da-passarela-para-o-tapete-vermelho-2\/4-960\/\" data-orig-file=\"https:\/\/i0.wp.com\/agrund.com\/wp-content\/uploads\/sites\/6\/2017\/10\/4-17-e1508961479260.jpg?fit=600%2C738&amp;ssl=1\" data-orig-size=\"600,738\" data-comments-opened=\"1\" data-image-meta=\"{&quot;aperture&quot;:&quot;0&quot;,&quot;credit&quot;:&quot;&quot;,&quot;camera&quot;:&quot;&quot;,&quot;caption&quot;:&quot;&quot;,&quot;created_timestamp&quot;:&quot;0&quot;,&quot;copyright&quot;:&quot;&quot;,&quot;focal_length&quot;:&quot;0&quot;,&quot;iso&quot;:&quot;0&quot;,&quot;shutter_speed&quot;:&quot;0&quot;,&quot;title&quot;:&quot;&quot;,&quot;orientation&quot;:&quot;0&quot;}\" data-image-title=\"Da passarela para o tapete vermelho\" data-image-description=\"\" data-image-caption=\"&lt;p&gt;Da passarela para o tapete vermelho&lt;\/p&gt;\n\" data-medium-file=\"https:\/\/i0.wp.com\/agrund.com\/wp-content\/uploads\/sites\/6\/2017\/10\/4-17-e1508961479260.jpg?fit=244%2C300&amp;ssl=1\" data-large-file=\"https:\/\/i0.wp.com\/agrund.com\/wp-content\/uploads\/sites\/6\/2017\/10\/4-17-e1508961479260.jpg?fit=600%2C738&amp;ssl=1\" decoding=\"async\" loading=\"lazy\" class=\"wp-image-175029 size-full\" src=\"https:\/\/i0.wp.com\/www.agrund.com\/wp-content\/uploads\/sites\/6\/2017\/10\/4-17-e1508961479260.jpg?resize=600%2C738\" alt=\"Da passarela para o tapete vermelho\" width=\"600\" height=\"738\" data-recalc-dims=\"1\" \/><p id=\"caption-attachment-175029\" class=\"wp-caption-text\">Blake Lively veste Chanel<\/p><\/div>\n<div id=\"attachment_175026\" style=\"width: 610px\" class=\"wp-caption aligncenter\"><img aria-describedby=\"caption-attachment-175026\" data-attachment-id=\"175026\" data-permalink=\"https:\/\/agrund.com\/index.php\/da-passarela-para-o-tapete-vermelho-2\/1-1128\/\" data-orig-file=\"https:\/\/i0.wp.com\/agrund.com\/wp-content\/uploads\/sites\/6\/2017\/10\/1-23-e1508961555615.jpg?fit=600%2C738&amp;ssl=1\" data-orig-size=\"600,738\" data-comments-opened=\"1\" data-image-meta=\"{&quot;aperture&quot;:&quot;0&quot;,&quot;credit&quot;:&quot;&quot;,&quot;camera&quot;:&quot;&quot;,&quot;caption&quot;:&quot;&quot;,&quot;created_timestamp&quot;:&quot;0&quot;,&quot;copyright&quot;:&quot;&quot;,&quot;focal_length&quot;:&quot;0&quot;,&quot;iso&quot;:&quot;0&quot;,&quot;shutter_speed&quot;:&quot;0&quot;,&quot;title&quot;:&quot;&quot;,&quot;orientation&quot;:&quot;0&quot;}\" data-image-title=\"Da passarela para o tapete vermelho\" data-image-description=\"\" data-image-caption=\"&lt;p&gt;Sarah Paulson veste Carolina Herrera&lt;\/p&gt;\n\" data-medium-file=\"https:\/\/i0.wp.com\/agrund.com\/wp-content\/uploads\/sites\/6\/2017\/10\/1-23-e1508961555615.jpg?fit=244%2C300&amp;ssl=1\" data-large-file=\"https:\/\/i0.wp.com\/agrund.com\/wp-content\/uploads\/sites\/6\/2017\/10\/1-23-e1508961555615.jpg?fit=600%2C738&amp;ssl=1\" decoding=\"async\" loading=\"lazy\" class=\"size-full wp-image-175026\" src=\"https:\/\/i0.wp.com\/www.agrund.com\/wp-content\/uploads\/sites\/6\/2017\/10\/1-23-e1508961555615.jpg?resize=600%2C738\" alt=\"\" width=\"600\" height=\"738\" data-recalc-dims=\"1\" \/><p id=\"caption-attachment-175026\" class=\"wp-caption-text\">Sarah Paulson veste Carolina Herrera<\/p><\/div>\n<div id=\"attachment_175028\" style=\"width: 610px\" class=\"wp-caption aligncenter\"><img aria-describedby=\"caption-attachment-175028\" data-attachment-id=\"175028\" data-permalink=\"https:\/\/agrund.com\/index.php\/da-passarela-para-o-tapete-vermelho-2\/3-1025\/\" data-orig-file=\"https:\/\/i0.wp.com\/agrund.com\/wp-content\/uploads\/sites\/6\/2017\/10\/3-18-e1508961589959.jpg?fit=600%2C738&amp;ssl=1\" data-orig-size=\"600,738\" data-comments-opened=\"1\" data-image-meta=\"{&quot;aperture&quot;:&quot;0&quot;,&quot;credit&quot;:&quot;&quot;,&quot;camera&quot;:&quot;&quot;,&quot;caption&quot;:&quot;&quot;,&quot;created_timestamp&quot;:&quot;0&quot;,&quot;copyright&quot;:&quot;&quot;,&quot;focal_length&quot;:&quot;0&quot;,&quot;iso&quot;:&quot;0&quot;,&quot;shutter_speed&quot;:&quot;0&quot;,&quot;title&quot;:&quot;&quot;,&quot;orientation&quot;:&quot;0&quot;}\" data-image-title=\"Da passarela para o tapete vermelho\" data-image-description=\"\" data-image-caption=\"&lt;p&gt;Jennifer Garner veste Michael Kors&lt;\/p&gt;\n\" data-medium-file=\"https:\/\/i0.wp.com\/agrund.com\/wp-content\/uploads\/sites\/6\/2017\/10\/3-18-e1508961589959.jpg?fit=244%2C300&amp;ssl=1\" data-large-file=\"https:\/\/i0.wp.com\/agrund.com\/wp-content\/uploads\/sites\/6\/2017\/10\/3-18-e1508961589959.jpg?fit=600%2C738&amp;ssl=1\" decoding=\"async\" loading=\"lazy\" class=\"size-full wp-image-175028\" src=\"https:\/\/i0.wp.com\/www.agrund.com\/wp-content\/uploads\/sites\/6\/2017\/10\/3-18-e1508961589959.jpg?resize=600%2C738\" alt=\"\" width=\"600\" height=\"738\" data-recalc-dims=\"1\" \/><p id=\"caption-attachment-175028\" class=\"wp-caption-text\">Jennifer Garner veste Michael Kors<\/p><\/div>\n<div id=\"attachment_175030\" style=\"width: 610px\" class=\"wp-caption aligncenter\"><img aria-describedby=\"caption-attachment-175030\" data-attachment-id=\"175030\" data-permalink=\"https:\/\/agrund.com\/index.php\/da-passarela-para-o-tapete-vermelho-2\/5-891\/\" data-orig-file=\"https:\/\/i0.wp.com\/agrund.com\/wp-content\/uploads\/sites\/6\/2017\/10\/5-17-e1508961631816.jpg?fit=600%2C600&amp;ssl=1\" data-orig-size=\"600,600\" data-comments-opened=\"1\" data-image-meta=\"{&quot;aperture&quot;:&quot;0&quot;,&quot;credit&quot;:&quot;&quot;,&quot;camera&quot;:&quot;&quot;,&quot;caption&quot;:&quot;Runway to red carpet\\rBella Hadid Cara Delevingne\\r\\rCredit: Chesnot\\\/Getty; GEOFFROY VAN DER HASSELT\\\/AFP\\\/Getty&quot;,&quot;created_timestamp&quot;:&quot;0&quot;,&quot;copyright&quot;:&quot;&quot;,&quot;focal_length&quot;:&quot;0&quot;,&quot;iso&quot;:&quot;0&quot;,&quot;shutter_speed&quot;:&quot;0&quot;,&quot;title&quot;:&quot;&quot;,&quot;orientation&quot;:&quot;1&quot;}\" data-image-title=\"Da passarela para o tapete vermelho\" data-image-description=\"\" data-image-caption=\"&lt;p&gt;Cara Delevingne veste Alexandre Vauthier&lt;\/p&gt;\n\" data-medium-file=\"https:\/\/i0.wp.com\/agrund.com\/wp-content\/uploads\/sites\/6\/2017\/10\/5-17-e1508961631816.jpg?fit=300%2C300&amp;ssl=1\" data-large-file=\"https:\/\/i0.wp.com\/agrund.com\/wp-content\/uploads\/sites\/6\/2017\/10\/5-17-e1508961631816.jpg?fit=600%2C600&amp;ssl=1\" decoding=\"async\" loading=\"lazy\" class=\"size-full wp-image-175030\" src=\"https:\/\/i0.wp.com\/www.agrund.com\/wp-content\/uploads\/sites\/6\/2017\/10\/5-17-e1508961631816.jpg?resize=600%2C600\" alt=\"\" width=\"600\" height=\"600\" data-recalc-dims=\"1\" \/><p id=\"caption-attachment-175030\" class=\"wp-caption-text\">Cara Delevingne veste Alexandre Vauthier<\/p><\/div>\n<div id=\"attachment_175027\" style=\"width: 610px\" class=\"wp-caption aligncenter\"><img aria-describedby=\"caption-attachment-175027\" data-attachment-id=\"175027\" data-permalink=\"https:\/\/agrund.com\/index.php\/da-passarela-para-o-tapete-vermelho-2\/2-1084\/\" data-orig-file=\"https:\/\/i0.wp.com\/agrund.com\/wp-content\/uploads\/sites\/6\/2017\/10\/2-22-e1508961664425.jpg?fit=600%2C800&amp;ssl=1\" data-orig-size=\"600,800\" data-comments-opened=\"1\" data-image-meta=\"{&quot;aperture&quot;:&quot;0&quot;,&quot;credit&quot;:&quot;&quot;,&quot;camera&quot;:&quot;&quot;,&quot;caption&quot;:&quot;&quot;,&quot;created_timestamp&quot;:&quot;0&quot;,&quot;copyright&quot;:&quot;&quot;,&quot;focal_length&quot;:&quot;0&quot;,&quot;iso&quot;:&quot;0&quot;,&quot;shutter_speed&quot;:&quot;0&quot;,&quot;title&quot;:&quot;&quot;,&quot;orientation&quot;:&quot;0&quot;}\" data-image-title=\"Da passarela para o tapete vermelho\" data-image-description=\"\" data-image-caption=\"&lt;p&gt;Gigi Hadid Veste Brandon Maxwell&lt;\/p&gt;\n\" data-medium-file=\"https:\/\/i0.wp.com\/agrund.com\/wp-content\/uploads\/sites\/6\/2017\/10\/2-22-e1508961664425.jpg?fit=225%2C300&amp;ssl=1\" data-large-file=\"https:\/\/i0.wp.com\/agrund.com\/wp-content\/uploads\/sites\/6\/2017\/10\/2-22-e1508961664425.jpg?fit=600%2C800&amp;ssl=1\" decoding=\"async\" loading=\"lazy\" class=\"size-full wp-image-175027\" src=\"https:\/\/i0.wp.com\/www.agrund.com\/wp-content\/uploads\/sites\/6\/2017\/10\/2-22-e1508961664425.jpg?resize=600%2C800\" alt=\"\" width=\"600\" height=\"800\" data-recalc-dims=\"1\" \/><p id=\"caption-attachment-175027\" class=\"wp-caption-text\">Gigi Hadid Veste Brandon Maxwell<\/p><\/div>\n<p>Fotos: Reprodu\u00e7\u00e3o.<\/p>\n","protected":false},"excerpt":{"rendered":"<p>Como voc\u00ea j\u00e1 sabe, n\u00f3s, do Agrund.com, adoramos mostrar como os looks das passarelas das grandes marcas ficam no mundo real, ou melhor, no tapete vermelho. Hoje separamos cinco celebridades que carregaram o look da passarela e arrasaram. Tem Blake Lively, Jennifer Garner, Sarah Paulson, Cara Delevingne e at\u00e9 Gigi Hadid com um vestido que [&hellip;]<\/p>\n","protected":false},"author":8,"featured_media":175031,"comment_status":"open","ping_status":"open","sticky":false,"template":"","format":"standard","meta":{"jetpack_post_was_ever_published":false,"_jetpack_newsletter_access":"","jetpack_publicize_message":"","jetpack_is_tweetstorm":false,"jetpack_publicize_feature_enabled":true,"jetpack_social_post_already_shared":true,"jetpack_social_options":{"image_generator_settings":{"template":"highway","enabled":false}}},"categories":[2],"tags":[],"jetpack_publicize_connections":[],"jetpack_featured_media_url":"https:\/\/i0.wp.com\/agrund.com\/wp-content\/uploads\/sites\/6\/2017\/10\/s-104.jpg?fit=960%2C300&ssl=1","jetpack_sharing_enabled":true,"jetpack_shortlink":"https:\/\/wp.me\/p3Hz0n-JwZ","jetpack_likes_enabled":true,"_links":{"self":[{"href":"https:\/\/agrund.com\/index.php\/wp-json\/wp\/v2\/posts\/175025"}],"collection":[{"href":"https:\/\/agrund.com\/index.php\/wp-json\/wp\/v2\/posts"}],"about":[{"href":"https:\/\/agrund.com\/index.php\/wp-json\/wp\/v2\/types\/post"}],"author":[{"embeddable":true,"href":"https:\/\/agrund.com\/index.php\/wp-json\/wp\/v2\/users\/8"}],"replies":[{"embeddable":true,"href":"https:\/\/agrund.com\/index.php\/wp-json\/wp\/v2\/comments?post=175025"}],"version-history":[{"count":0,"href":"https:\/\/agrund.com\/index.php\/wp-json\/wp\/v2\/posts\/175025\/revisions"}],"wp:featuredmedia":[{"embeddable":true,"href":"https:\/\/agrund.com\/index.php\/wp-json\/wp\/v2\/media\/175031"}],"wp:attachment":[{"href":"https:\/\/agrund.com\/index.php\/wp-json\/wp\/v2\/media?parent=175025"}],"wp:term":[{"taxonomy":"category","embeddable":true,"href":"https:\/\/agrund.com\/index.php\/wp-json\/wp\/v2\/categories?post=175025"},{"taxonomy":"post_tag","embeddable":true,"href":"https:\/\/agrund.com\/index.php\/wp-json\/wp\/v2\/tags?post=175025"}],"curies":[{"name":"wp","href":"https:\/\/api.w.org\/{rel}","templated":true}]}}