{"id":174987,"date":"2017-10-24T19:00:50","date_gmt":"2017-10-24T21:00:50","guid":{"rendered":"http:\/\/www.agrund.com\/?p=174987"},"modified":"2017-10-24T19:06:15","modified_gmt":"2017-10-24T21:06:15","slug":"agenda-futuro-e-moda-moda-e-futuro","status":"publish","type":"post","link":"https:\/\/agrund.com\/index.php\/agenda-futuro-e-moda-moda-e-futuro\/","title":{"rendered":"Agenda :: \u201cFuturo \u00e9 moda. Moda \u00e9 futuro\u201d"},"content":{"rendered":"<p>Neste ano, o tema do SENAI Brasil Fashion \u00e9 \u201cFuturo \u00e9 moda. Moda \u00e9 futuro\u201d, e ele tamb\u00e9m entra em discuss\u00e3o no Fashion Talks. No pr\u00f3ximo dia 25 de outubro, o evento ir\u00e1 reunir estilistas e nomes importantes do mercado da moda Brasileira para discutir os rumos do setor nas \u00e1reas de tend\u00eancia, tecnologia, estamparia, tecelagem, fast fashion, profissionaliza\u00e7\u00e3o e empreendedorismo.<\/p>\n<p>Sob o comando dos quatro coaches do projeto \u2013 Alexandre Herchcovitch, Lenny Niemeyer, Lino Villaventura e Ronaldo Fraga \u2013 e a media\u00e7\u00e3o da jornalista Camila Yahn, editora do site FFW, e do consultor de moda Jackson Ara\u00fajo, as rodas de conversa reunir\u00e3o representantes de grandes marcas como Rosset, Lycra, Adidas, entre outras.<\/p>\n<p>Ser\u00e3o seis pain\u00e9is com 40 minutos de dura\u00e7\u00e3o cada, com transmiss\u00e3o ao vivo para todas as unidades SENAI do Brasil via streaming pelo canal do SENAI Cetiqt no Youtube (youtube.com\/cetiqtsenaibr) e tamb\u00e9m pelo Facebook da Samba MKT ao Vivo (facebook.com\/sambamktaovivo), que \u00e9 idealizadora do evento.<\/p>\n<p>Ent\u00e3o anote na sua agenda e n\u00e3o perca!<\/p>\n<div id=\"attachment_174995\" style=\"width: 610px\" class=\"wp-caption aligncenter\"><img aria-describedby=\"caption-attachment-174995\" data-attachment-id=\"174995\" data-permalink=\"https:\/\/agrund.com\/index.php\/agenda-futuro-e-moda-moda-e-futuro\/os-coaches-alexandre-lenny-lino-e-ronaldo-ex1c1037_camila_mira\/\" data-orig-file=\"https:\/\/i0.wp.com\/agrund.com\/wp-content\/uploads\/sites\/6\/2017\/10\/os-coaches-Alexandre-Lenny-Lino-e-Ronaldo-EX1C1037_camila_mira-e1508878790992.jpeg?fit=600%2C400&amp;ssl=1\" data-orig-size=\"600,400\" data-comments-opened=\"1\" data-image-meta=\"{&quot;aperture&quot;:&quot;0&quot;,&quot;credit&quot;:&quot;&quot;,&quot;camera&quot;:&quot;&quot;,&quot;caption&quot;:&quot;&quot;,&quot;created_timestamp&quot;:&quot;0&quot;,&quot;copyright&quot;:&quot;&quot;,&quot;focal_length&quot;:&quot;0&quot;,&quot;iso&quot;:&quot;0&quot;,&quot;shutter_speed&quot;:&quot;0&quot;,&quot;title&quot;:&quot;&quot;,&quot;orientation&quot;:&quot;0&quot;}\" data-image-title=\"Agenda :: \u201cFuturo \u00e9 moda. Moda \u00e9 futuro\u201d\" data-image-description=\"\" data-image-caption=\"&lt;p&gt;Agenda :: \u201cFuturo \u00e9 moda. Moda \u00e9 futuro\u201d&lt;\/p&gt;\n\" data-medium-file=\"https:\/\/i0.wp.com\/agrund.com\/wp-content\/uploads\/sites\/6\/2017\/10\/os-coaches-Alexandre-Lenny-Lino-e-Ronaldo-EX1C1037_camila_mira-e1508878790992.jpeg?fit=300%2C200&amp;ssl=1\" data-large-file=\"https:\/\/i0.wp.com\/agrund.com\/wp-content\/uploads\/sites\/6\/2017\/10\/os-coaches-Alexandre-Lenny-Lino-e-Ronaldo-EX1C1037_camila_mira-e1508878790992.jpeg?fit=1024%2C683&amp;ssl=1\" decoding=\"async\" loading=\"lazy\" class=\"size-full wp-image-174995\" src=\"https:\/\/i0.wp.com\/www.agrund.com\/wp-content\/uploads\/sites\/6\/2017\/10\/os-coaches-Alexandre-Lenny-Lino-e-Ronaldo-EX1C1037_camila_mira-e1508878790992.jpeg?resize=600%2C400\" alt=\"\" width=\"600\" height=\"400\" data-recalc-dims=\"1\" \/><p id=\"caption-attachment-174995\" class=\"wp-caption-text\">Agenda :: \u201cFuturo \u00e9 moda. Moda \u00e9 futuro\u201d<\/p><\/div>\n<p>Foto: Divulga\u00e7\u00e3o.<\/p>\n","protected":false},"excerpt":{"rendered":"<p>Neste ano, o tema do SENAI Brasil Fashion \u00e9 \u201cFuturo \u00e9 moda. Moda \u00e9 futuro\u201d, e ele tamb\u00e9m entra em discuss\u00e3o no Fashion Talks. No pr\u00f3ximo dia 25 de outubro, o evento ir\u00e1 reunir estilistas e nomes importantes do mercado da moda Brasileira para discutir os rumos do setor nas \u00e1reas de tend\u00eancia, tecnologia, estamparia, [&hellip;]<\/p>\n","protected":false},"author":8,"featured_media":174996,"comment_status":"open","ping_status":"open","sticky":false,"template":"","format":"standard","meta":{"jetpack_post_was_ever_published":false,"_jetpack_newsletter_access":"","jetpack_publicize_message":"","jetpack_is_tweetstorm":false,"jetpack_publicize_feature_enabled":true,"jetpack_social_post_already_shared":true,"jetpack_social_options":{"image_generator_settings":{"template":"highway","enabled":false}}},"categories":[2],"tags":[],"jetpack_publicize_connections":[],"jetpack_featured_media_url":"https:\/\/i0.wp.com\/agrund.com\/wp-content\/uploads\/sites\/6\/2017\/10\/s-100.jpg?fit=960%2C300&ssl=1","jetpack_sharing_enabled":true,"jetpack_shortlink":"https:\/\/wp.me\/p3Hz0n-Jwn","jetpack_likes_enabled":true,"_links":{"self":[{"href":"https:\/\/agrund.com\/index.php\/wp-json\/wp\/v2\/posts\/174987"}],"collection":[{"href":"https:\/\/agrund.com\/index.php\/wp-json\/wp\/v2\/posts"}],"about":[{"href":"https:\/\/agrund.com\/index.php\/wp-json\/wp\/v2\/types\/post"}],"author":[{"embeddable":true,"href":"https:\/\/agrund.com\/index.php\/wp-json\/wp\/v2\/users\/8"}],"replies":[{"embeddable":true,"href":"https:\/\/agrund.com\/index.php\/wp-json\/wp\/v2\/comments?post=174987"}],"version-history":[{"count":0,"href":"https:\/\/agrund.com\/index.php\/wp-json\/wp\/v2\/posts\/174987\/revisions"}],"wp:featuredmedia":[{"embeddable":true,"href":"https:\/\/agrund.com\/index.php\/wp-json\/wp\/v2\/media\/174996"}],"wp:attachment":[{"href":"https:\/\/agrund.com\/index.php\/wp-json\/wp\/v2\/media?parent=174987"}],"wp:term":[{"taxonomy":"category","embeddable":true,"href":"https:\/\/agrund.com\/index.php\/wp-json\/wp\/v2\/categories?post=174987"},{"taxonomy":"post_tag","embeddable":true,"href":"https:\/\/agrund.com\/index.php\/wp-json\/wp\/v2\/tags?post=174987"}],"curies":[{"name":"wp","href":"https:\/\/api.w.org\/{rel}","templated":true}]}}