{"id":174939,"date":"2017-10-23T18:00:31","date_gmt":"2017-10-23T20:00:31","guid":{"rendered":"http:\/\/www.agrund.com\/?p=174939"},"modified":"2017-10-23T16:29:10","modified_gmt":"2017-10-23T18:29:10","slug":"04-tendencias-para-o-verao","status":"publish","type":"post","link":"https:\/\/agrund.com\/index.php\/04-tendencias-para-o-verao\/","title":{"rendered":"04 tend\u00eancias para o ver\u00e3o"},"content":{"rendered":"<p>Para te ajudar a ficar pronta para a esta\u00e7\u00e3o mais quente do ano, resolvemos te mostrar quatro tend\u00eancias que v\u00e3o transformar seus looks. \u00c9 claro que j\u00e1 aproveitamos e separamos pe\u00e7as incr\u00edveis para voc\u00eas. O mais bacana \u00e9 que todas elas voc\u00ea encontra em um s\u00f3 lugar: no e-commerce <a href=\"https:\/\/amaro.com\/moda-feminina\/outlet\">Amaro<\/a>.<\/p>\n<p><strong>1) Estampa Vichy<\/strong><\/p>\n<p>Se voc\u00eas acompanham as temporadas de moda j\u00e1 devem saber que a estampa vichy est\u00e1 de volta para o ver\u00e3o. Essa padronagem \u00e9 t\u00e3o cl\u00e1ssica quando o xadrez e as listras, e por isso, volta e meio est\u00e1 em alta novamente. Se voc\u00ea ficar na d\u00favida sobre usar um look com estampa vichy, pode apostar em um acess\u00f3rio como <a href=\"https:\/\/amaro.com\/moda-feminina\/bolsas\">bolsas<\/a>, bon\u00e9s ou sapatos. Sua produ\u00e7\u00e3o vai ficar um charme!<\/p>\n<div id=\"attachment_174945\" style=\"width: 610px\" class=\"wp-caption aligncenter\"><img aria-describedby=\"caption-attachment-174945\" data-attachment-id=\"174945\" data-permalink=\"https:\/\/agrund.com\/index.php\/04-tendencias-para-o-verao\/vichy-2\/\" data-orig-file=\"https:\/\/i0.wp.com\/agrund.com\/wp-content\/uploads\/sites\/6\/2017\/10\/vichy.jpg?fit=600%2C600&amp;ssl=1\" data-orig-size=\"600,600\" data-comments-opened=\"1\" data-image-meta=\"{&quot;aperture&quot;:&quot;0&quot;,&quot;credit&quot;:&quot;&quot;,&quot;camera&quot;:&quot;&quot;,&quot;caption&quot;:&quot;&quot;,&quot;created_timestamp&quot;:&quot;0&quot;,&quot;copyright&quot;:&quot;&quot;,&quot;focal_length&quot;:&quot;0&quot;,&quot;iso&quot;:&quot;0&quot;,&quot;shutter_speed&quot;:&quot;0&quot;,&quot;title&quot;:&quot;&quot;,&quot;orientation&quot;:&quot;1&quot;}\" data-image-title=\"04 tend\u00eancias para o ver\u00e3o\" data-image-description=\"\" data-image-caption=\"&lt;p&gt;04 tend\u00eancias para o ver\u00e3o&lt;\/p&gt;\n\" data-medium-file=\"https:\/\/i0.wp.com\/agrund.com\/wp-content\/uploads\/sites\/6\/2017\/10\/vichy.jpg?fit=300%2C300&amp;ssl=1\" data-large-file=\"https:\/\/i0.wp.com\/agrund.com\/wp-content\/uploads\/sites\/6\/2017\/10\/vichy.jpg?fit=600%2C600&amp;ssl=1\" decoding=\"async\" loading=\"lazy\" class=\"wp-image-174945 size-full\" src=\"https:\/\/i0.wp.com\/www.agrund.com\/wp-content\/uploads\/sites\/6\/2017\/10\/vichy.jpg?resize=600%2C600\" alt=\"\" width=\"600\" height=\"600\" srcset=\"https:\/\/i0.wp.com\/agrund.com\/wp-content\/uploads\/sites\/6\/2017\/10\/vichy.jpg?w=600&amp;ssl=1 600w, https:\/\/i0.wp.com\/agrund.com\/wp-content\/uploads\/sites\/6\/2017\/10\/vichy.jpg?resize=150%2C150&amp;ssl=1 150w, https:\/\/i0.wp.com\/agrund.com\/wp-content\/uploads\/sites\/6\/2017\/10\/vichy.jpg?resize=300%2C300&amp;ssl=1 300w\" sizes=\"(max-width: 600px) 100vw, 600px\" data-recalc-dims=\"1\" \/><p id=\"caption-attachment-174945\" class=\"wp-caption-text\">R$ 179,90<\/p><\/div>\n<p>&nbsp;<\/p>\n<p><strong>2) Camisa<\/strong><\/p>\n<p>As pe\u00e7as de alfaiataria est\u00e3o em alta desde a temporada passada e continuam no ver\u00e3o. As camisas de algod\u00e3o e linho s\u00e3o cl\u00e1ssicas e frescas para a esta\u00e7\u00e3o mais quente do ano. Mas desde vez o ideal \u00e9 apostar nos modelos repaginados com aplica\u00e7\u00f5es e bordados.<\/p>\n<div id=\"attachment_174942\" style=\"width: 610px\" class=\"wp-caption aligncenter\"><img aria-describedby=\"caption-attachment-174942\" data-attachment-id=\"174942\" data-permalink=\"https:\/\/agrund.com\/index.php\/04-tendencias-para-o-verao\/camisa\/\" data-orig-file=\"https:\/\/i0.wp.com\/agrund.com\/wp-content\/uploads\/sites\/6\/2017\/10\/camisa.jpg?fit=600%2C600&amp;ssl=1\" data-orig-size=\"600,600\" data-comments-opened=\"1\" data-image-meta=\"{&quot;aperture&quot;:&quot;0&quot;,&quot;credit&quot;:&quot;&quot;,&quot;camera&quot;:&quot;&quot;,&quot;caption&quot;:&quot;&quot;,&quot;created_timestamp&quot;:&quot;0&quot;,&quot;copyright&quot;:&quot;&quot;,&quot;focal_length&quot;:&quot;0&quot;,&quot;iso&quot;:&quot;0&quot;,&quot;shutter_speed&quot;:&quot;0&quot;,&quot;title&quot;:&quot;&quot;,&quot;orientation&quot;:&quot;1&quot;}\" data-image-title=\"04 tend\u00eancias para o ver\u00e3o\" data-image-description=\"\" data-image-caption=\"&lt;p&gt;04 tend\u00eancias para o ver\u00e3o&lt;\/p&gt;\n\" data-medium-file=\"https:\/\/i0.wp.com\/agrund.com\/wp-content\/uploads\/sites\/6\/2017\/10\/camisa.jpg?fit=300%2C300&amp;ssl=1\" data-large-file=\"https:\/\/i0.wp.com\/agrund.com\/wp-content\/uploads\/sites\/6\/2017\/10\/camisa.jpg?fit=600%2C600&amp;ssl=1\" decoding=\"async\" loading=\"lazy\" class=\"wp-image-174942 size-full\" src=\"https:\/\/i0.wp.com\/www.agrund.com\/wp-content\/uploads\/sites\/6\/2017\/10\/camisa.jpg?resize=600%2C600\" alt=\"\" width=\"600\" height=\"600\" srcset=\"https:\/\/i0.wp.com\/agrund.com\/wp-content\/uploads\/sites\/6\/2017\/10\/camisa.jpg?w=600&amp;ssl=1 600w, https:\/\/i0.wp.com\/agrund.com\/wp-content\/uploads\/sites\/6\/2017\/10\/camisa.jpg?resize=150%2C150&amp;ssl=1 150w, https:\/\/i0.wp.com\/agrund.com\/wp-content\/uploads\/sites\/6\/2017\/10\/camisa.jpg?resize=300%2C300&amp;ssl=1 300w\" sizes=\"(max-width: 600px) 100vw, 600px\" data-recalc-dims=\"1\" \/><p id=\"caption-attachment-174942\" class=\"wp-caption-text\">R$ 189,90<\/p><\/div>\n<p>&nbsp;<\/p>\n<p><strong>3) Ombros \u00e0 mostra<\/strong><\/p>\n<p>Nada melhor do que se sentir confort\u00e1vel e fresca no ver\u00e3o, n\u00e3o \u00e9 mesmo? As blusas e vestidos com decote ombro a ombro est\u00e3o em alta e v\u00e3o te ajudar nessa tarefa. S\u00e3o modelos super femininos e charmosos!<\/p>\n<div id=\"attachment_174944\" style=\"width: 610px\" class=\"wp-caption aligncenter\"><img aria-describedby=\"caption-attachment-174944\" data-attachment-id=\"174944\" data-permalink=\"https:\/\/agrund.com\/index.php\/04-tendencias-para-o-verao\/ombro\/\" data-orig-file=\"https:\/\/i0.wp.com\/agrund.com\/wp-content\/uploads\/sites\/6\/2017\/10\/ombro.jpg?fit=600%2C600&amp;ssl=1\" data-orig-size=\"600,600\" data-comments-opened=\"1\" data-image-meta=\"{&quot;aperture&quot;:&quot;0&quot;,&quot;credit&quot;:&quot;&quot;,&quot;camera&quot;:&quot;&quot;,&quot;caption&quot;:&quot;&quot;,&quot;created_timestamp&quot;:&quot;0&quot;,&quot;copyright&quot;:&quot;&quot;,&quot;focal_length&quot;:&quot;0&quot;,&quot;iso&quot;:&quot;0&quot;,&quot;shutter_speed&quot;:&quot;0&quot;,&quot;title&quot;:&quot;&quot;,&quot;orientation&quot;:&quot;1&quot;}\" data-image-title=\"04 tend\u00eancias para o ver\u00e3o\" data-image-description=\"\" data-image-caption=\"&lt;p&gt;04 tend\u00eancias para o ver\u00e3o&lt;\/p&gt;\n\" data-medium-file=\"https:\/\/i0.wp.com\/agrund.com\/wp-content\/uploads\/sites\/6\/2017\/10\/ombro.jpg?fit=300%2C300&amp;ssl=1\" data-large-file=\"https:\/\/i0.wp.com\/agrund.com\/wp-content\/uploads\/sites\/6\/2017\/10\/ombro.jpg?fit=600%2C600&amp;ssl=1\" decoding=\"async\" loading=\"lazy\" class=\"wp-image-174944 size-full\" src=\"https:\/\/i0.wp.com\/www.agrund.com\/wp-content\/uploads\/sites\/6\/2017\/10\/ombro.jpg?resize=600%2C600\" alt=\"\" width=\"600\" height=\"600\" srcset=\"https:\/\/i0.wp.com\/agrund.com\/wp-content\/uploads\/sites\/6\/2017\/10\/ombro.jpg?w=600&amp;ssl=1 600w, https:\/\/i0.wp.com\/agrund.com\/wp-content\/uploads\/sites\/6\/2017\/10\/ombro.jpg?resize=150%2C150&amp;ssl=1 150w, https:\/\/i0.wp.com\/agrund.com\/wp-content\/uploads\/sites\/6\/2017\/10\/ombro.jpg?resize=300%2C300&amp;ssl=1 300w\" sizes=\"(max-width: 600px) 100vw, 600px\" data-recalc-dims=\"1\" \/><p id=\"caption-attachment-174944\" class=\"wp-caption-text\">R$ 169,90<\/p><\/div>\n<p>&nbsp;<\/p>\n<p><strong>4) Mai\u00f4s<\/strong><\/p>\n<p>N\u00e3o d\u00e1 para falar de ver\u00e3o sem falar de praia, concorda? Nesta temporada os mai\u00f4s chegaram com tudo e prometem fazer voc\u00ea mergulhar com muito estilo. Os modelos s\u00e3o t\u00e3o bacanas que n\u00e3o precisam ficar restritos \u00e0 areia. Voc\u00ea pode us\u00e1-los tamb\u00e9m em um look do dia a dia e at\u00e9 no seu look de <a href=\"https:\/\/amaro.com\/moda-feminina\/roupas-para-o-ano-novo\">r\u00e9veillon<\/a>.<\/p>\n<div id=\"attachment_174943\" style=\"width: 610px\" class=\"wp-caption aligncenter\"><img aria-describedby=\"caption-attachment-174943\" data-attachment-id=\"174943\" data-permalink=\"https:\/\/agrund.com\/index.php\/04-tendencias-para-o-verao\/maio\/\" data-orig-file=\"https:\/\/i0.wp.com\/agrund.com\/wp-content\/uploads\/sites\/6\/2017\/10\/maio.jpg?fit=600%2C600&amp;ssl=1\" data-orig-size=\"600,600\" data-comments-opened=\"1\" data-image-meta=\"{&quot;aperture&quot;:&quot;0&quot;,&quot;credit&quot;:&quot;&quot;,&quot;camera&quot;:&quot;&quot;,&quot;caption&quot;:&quot;&quot;,&quot;created_timestamp&quot;:&quot;0&quot;,&quot;copyright&quot;:&quot;&quot;,&quot;focal_length&quot;:&quot;0&quot;,&quot;iso&quot;:&quot;0&quot;,&quot;shutter_speed&quot;:&quot;0&quot;,&quot;title&quot;:&quot;&quot;,&quot;orientation&quot;:&quot;1&quot;}\" data-image-title=\"04 tend\u00eancias para o ver\u00e3o\" data-image-description=\"\" data-image-caption=\"&lt;p&gt;04 tend\u00eancias para o ver\u00e3o&lt;\/p&gt;\n\" data-medium-file=\"https:\/\/i0.wp.com\/agrund.com\/wp-content\/uploads\/sites\/6\/2017\/10\/maio.jpg?fit=300%2C300&amp;ssl=1\" data-large-file=\"https:\/\/i0.wp.com\/agrund.com\/wp-content\/uploads\/sites\/6\/2017\/10\/maio.jpg?fit=600%2C600&amp;ssl=1\" decoding=\"async\" loading=\"lazy\" class=\"wp-image-174943 size-full\" src=\"https:\/\/i0.wp.com\/www.agrund.com\/wp-content\/uploads\/sites\/6\/2017\/10\/maio.jpg?resize=600%2C600\" alt=\"\" width=\"600\" height=\"600\" srcset=\"https:\/\/i0.wp.com\/agrund.com\/wp-content\/uploads\/sites\/6\/2017\/10\/maio.jpg?w=600&amp;ssl=1 600w, https:\/\/i0.wp.com\/agrund.com\/wp-content\/uploads\/sites\/6\/2017\/10\/maio.jpg?resize=150%2C150&amp;ssl=1 150w, https:\/\/i0.wp.com\/agrund.com\/wp-content\/uploads\/sites\/6\/2017\/10\/maio.jpg?resize=300%2C300&amp;ssl=1 300w\" sizes=\"(max-width: 600px) 100vw, 600px\" data-recalc-dims=\"1\" \/><p id=\"caption-attachment-174943\" class=\"wp-caption-text\">R$ 199,90<\/p><\/div>\n<p>Quer mais? A Amaro j\u00e1 est\u00e1 se preparando para o <a href=\"https:\/\/engage.amaro.com\/black-friday\">Black Friday<\/a>.<\/p>\n<p>&nbsp;<\/p>\n<p>Fotos: Reprodu\u00e7\u00e3o\/ Amaro.<\/p>\n","protected":false},"excerpt":{"rendered":"<p>Para te ajudar a ficar pronta para a esta\u00e7\u00e3o mais quente do ano, resolvemos te mostrar quatro tend\u00eancias que v\u00e3o transformar seus looks. \u00c9 claro que j\u00e1 aproveitamos e separamos pe\u00e7as incr\u00edveis para voc\u00eas. O mais bacana \u00e9 que todas elas voc\u00ea encontra em um s\u00f3 lugar: no e-commerce Amaro. 1) Estampa Vichy Se voc\u00eas [&hellip;]<\/p>\n","protected":false},"author":8,"featured_media":174946,"comment_status":"open","ping_status":"open","sticky":false,"template":"","format":"standard","meta":{"jetpack_post_was_ever_published":false,"_jetpack_newsletter_access":"","jetpack_publicize_message":"","jetpack_is_tweetstorm":false,"jetpack_publicize_feature_enabled":true,"jetpack_social_post_already_shared":true,"jetpack_social_options":{"image_generator_settings":{"template":"highway","enabled":false}}},"categories":[2],"tags":[],"jetpack_publicize_connections":[],"jetpack_featured_media_url":"https:\/\/i0.wp.com\/agrund.com\/wp-content\/uploads\/sites\/6\/2017\/10\/s-94.jpg?fit=960%2C300&ssl=1","jetpack_sharing_enabled":true,"jetpack_shortlink":"https:\/\/wp.me\/p3Hz0n-JvB","jetpack_likes_enabled":true,"_links":{"self":[{"href":"https:\/\/agrund.com\/index.php\/wp-json\/wp\/v2\/posts\/174939"}],"collection":[{"href":"https:\/\/agrund.com\/index.php\/wp-json\/wp\/v2\/posts"}],"about":[{"href":"https:\/\/agrund.com\/index.php\/wp-json\/wp\/v2\/types\/post"}],"author":[{"embeddable":true,"href":"https:\/\/agrund.com\/index.php\/wp-json\/wp\/v2\/users\/8"}],"replies":[{"embeddable":true,"href":"https:\/\/agrund.com\/index.php\/wp-json\/wp\/v2\/comments?post=174939"}],"version-history":[{"count":0,"href":"https:\/\/agrund.com\/index.php\/wp-json\/wp\/v2\/posts\/174939\/revisions"}],"wp:featuredmedia":[{"embeddable":true,"href":"https:\/\/agrund.com\/index.php\/wp-json\/wp\/v2\/media\/174946"}],"wp:attachment":[{"href":"https:\/\/agrund.com\/index.php\/wp-json\/wp\/v2\/media?parent=174939"}],"wp:term":[{"taxonomy":"category","embeddable":true,"href":"https:\/\/agrund.com\/index.php\/wp-json\/wp\/v2\/categories?post=174939"},{"taxonomy":"post_tag","embeddable":true,"href":"https:\/\/agrund.com\/index.php\/wp-json\/wp\/v2\/tags?post=174939"}],"curies":[{"name":"wp","href":"https:\/\/api.w.org\/{rel}","templated":true}]}}