{"id":174906,"date":"2017-10-23T13:00:59","date_gmt":"2017-10-23T15:00:59","guid":{"rendered":"http:\/\/www.agrund.com\/?p=174906"},"modified":"2017-10-23T11:41:53","modified_gmt":"2017-10-23T13:41:53","slug":"gigi-hadid-assina-linha-de-maquiagem","status":"publish","type":"post","link":"https:\/\/agrund.com\/index.php\/gigi-hadid-assina-linha-de-maquiagem\/","title":{"rendered":"Gigi Hadid assina linha de maquiagem"},"content":{"rendered":"<p>Desde 2015 Gigi Hadid \u00e9 o rosto da Maybelline e agora a modelo se uniu \u00e0 marca para lan\u00e7ar uma linha de maquiagem. A Gigi x Maybelline acaba de ser lan\u00e7ada e conta com paletas de sombras, m\u00e1scara para c\u00edlios, batons e at\u00e9 pinc\u00e9is. Tudo dividido em tr\u00eas cole\u00e7\u00f5es inspiradas nas viagens de Gigi: East Coast Glam, West Coast Glow e Jetsetter.<\/p>\n<p>A campanha de divulga\u00e7\u00e3o \u00e9 estrelada pela pr\u00f3pria modelo e mostra que as cole\u00e7\u00f5es podem agradar mulheres de diversos estilos. Confira:<\/p>\n<div id=\"attachment_174911\" style=\"width: 610px\" class=\"wp-caption aligncenter\"><img aria-describedby=\"caption-attachment-174911\" data-attachment-id=\"174911\" data-permalink=\"https:\/\/agrund.com\/index.php\/gigi-hadid-assina-linha-de-maquiagem\/gigi-hadid-maybelline-makeup-campaign14590-2\/\" data-orig-file=\"https:\/\/i0.wp.com\/agrund.com\/wp-content\/uploads\/sites\/6\/2017\/10\/Gigi-Hadid-Maybelline-Makeup-Campaign14590-1.jpg?fit=600%2C640&amp;ssl=1\" data-orig-size=\"600,640\" data-comments-opened=\"1\" data-image-meta=\"{&quot;aperture&quot;:&quot;0&quot;,&quot;credit&quot;:&quot;&quot;,&quot;camera&quot;:&quot;&quot;,&quot;caption&quot;:&quot;&quot;,&quot;created_timestamp&quot;:&quot;0&quot;,&quot;copyright&quot;:&quot;&quot;,&quot;focal_length&quot;:&quot;0&quot;,&quot;iso&quot;:&quot;0&quot;,&quot;shutter_speed&quot;:&quot;0&quot;,&quot;title&quot;:&quot;&quot;,&quot;orientation&quot;:&quot;1&quot;}\" data-image-title=\"Gigi Hadid assina linha de maquiagem\" data-image-description=\"\" data-image-caption=\"&lt;p&gt;Gigi Hadid assina linha de maquiagem&lt;\/p&gt;\n\" data-medium-file=\"https:\/\/i0.wp.com\/agrund.com\/wp-content\/uploads\/sites\/6\/2017\/10\/Gigi-Hadid-Maybelline-Makeup-Campaign14590-1.jpg?fit=281%2C300&amp;ssl=1\" data-large-file=\"https:\/\/i0.wp.com\/agrund.com\/wp-content\/uploads\/sites\/6\/2017\/10\/Gigi-Hadid-Maybelline-Makeup-Campaign14590-1.jpg?fit=600%2C640&amp;ssl=1\" decoding=\"async\" loading=\"lazy\" class=\"size-full wp-image-174911\" src=\"https:\/\/i0.wp.com\/www.agrund.com\/wp-content\/uploads\/sites\/6\/2017\/10\/Gigi-Hadid-Maybelline-Makeup-Campaign14590-1.jpg?resize=600%2C640\" alt=\"\" width=\"600\" height=\"640\" srcset=\"https:\/\/i0.wp.com\/agrund.com\/wp-content\/uploads\/sites\/6\/2017\/10\/Gigi-Hadid-Maybelline-Makeup-Campaign14590-1.jpg?w=600&amp;ssl=1 600w, https:\/\/i0.wp.com\/agrund.com\/wp-content\/uploads\/sites\/6\/2017\/10\/Gigi-Hadid-Maybelline-Makeup-Campaign14590-1.jpg?resize=281%2C300&amp;ssl=1 281w\" sizes=\"(max-width: 600px) 100vw, 600px\" data-recalc-dims=\"1\" \/><p id=\"caption-attachment-174911\" class=\"wp-caption-text\">Gigi Hadid assina linha de maquiagem<\/p><\/div>\n<div id=\"attachment_174912\" style=\"width: 610px\" class=\"wp-caption aligncenter\"><img aria-describedby=\"caption-attachment-174912\" data-attachment-id=\"174912\" data-permalink=\"https:\/\/agrund.com\/index.php\/gigi-hadid-assina-linha-de-maquiagem\/gigi-hadid-maybelline-makeup-campaign28732-2\/\" data-orig-file=\"https:\/\/i0.wp.com\/agrund.com\/wp-content\/uploads\/sites\/6\/2017\/10\/Gigi-Hadid-Maybelline-Makeup-Campaign28732-1.jpg?fit=600%2C629&amp;ssl=1\" data-orig-size=\"600,629\" data-comments-opened=\"1\" data-image-meta=\"{&quot;aperture&quot;:&quot;0&quot;,&quot;credit&quot;:&quot;&quot;,&quot;camera&quot;:&quot;&quot;,&quot;caption&quot;:&quot;&quot;,&quot;created_timestamp&quot;:&quot;0&quot;,&quot;copyright&quot;:&quot;&quot;,&quot;focal_length&quot;:&quot;0&quot;,&quot;iso&quot;:&quot;0&quot;,&quot;shutter_speed&quot;:&quot;0&quot;,&quot;title&quot;:&quot;&quot;,&quot;orientation&quot;:&quot;1&quot;}\" data-image-title=\"Gigi Hadid assina linha de maquiagem\" data-image-description=\"\" data-image-caption=\"&lt;p&gt;Gigi Hadid assina linha de maquiagem&lt;\/p&gt;\n\" data-medium-file=\"https:\/\/i0.wp.com\/agrund.com\/wp-content\/uploads\/sites\/6\/2017\/10\/Gigi-Hadid-Maybelline-Makeup-Campaign28732-1.jpg?fit=286%2C300&amp;ssl=1\" data-large-file=\"https:\/\/i0.wp.com\/agrund.com\/wp-content\/uploads\/sites\/6\/2017\/10\/Gigi-Hadid-Maybelline-Makeup-Campaign28732-1.jpg?fit=600%2C629&amp;ssl=1\" decoding=\"async\" loading=\"lazy\" class=\"size-full wp-image-174912\" src=\"https:\/\/i0.wp.com\/www.agrund.com\/wp-content\/uploads\/sites\/6\/2017\/10\/Gigi-Hadid-Maybelline-Makeup-Campaign28732-1.jpg?resize=600%2C629\" alt=\"\" width=\"600\" height=\"629\" srcset=\"https:\/\/i0.wp.com\/agrund.com\/wp-content\/uploads\/sites\/6\/2017\/10\/Gigi-Hadid-Maybelline-Makeup-Campaign28732-1.jpg?w=600&amp;ssl=1 600w, https:\/\/i0.wp.com\/agrund.com\/wp-content\/uploads\/sites\/6\/2017\/10\/Gigi-Hadid-Maybelline-Makeup-Campaign28732-1.jpg?resize=286%2C300&amp;ssl=1 286w\" sizes=\"(max-width: 600px) 100vw, 600px\" data-recalc-dims=\"1\" \/><p id=\"caption-attachment-174912\" class=\"wp-caption-text\">Gigi Hadid assina linha de maquiagem<\/p><\/div>\n<div id=\"attachment_174913\" style=\"width: 610px\" class=\"wp-caption aligncenter\"><img aria-describedby=\"caption-attachment-174913\" data-attachment-id=\"174913\" data-permalink=\"https:\/\/agrund.com\/index.php\/gigi-hadid-assina-linha-de-maquiagem\/gigi-hadid-maybelline-makeup-campaign45613-2\/\" data-orig-file=\"https:\/\/i0.wp.com\/agrund.com\/wp-content\/uploads\/sites\/6\/2017\/10\/Gigi-Hadid-Maybelline-Makeup-Campaign45613-1.jpg?fit=600%2C631&amp;ssl=1\" data-orig-size=\"600,631\" data-comments-opened=\"1\" data-image-meta=\"{&quot;aperture&quot;:&quot;0&quot;,&quot;credit&quot;:&quot;&quot;,&quot;camera&quot;:&quot;&quot;,&quot;caption&quot;:&quot;&quot;,&quot;created_timestamp&quot;:&quot;0&quot;,&quot;copyright&quot;:&quot;&quot;,&quot;focal_length&quot;:&quot;0&quot;,&quot;iso&quot;:&quot;0&quot;,&quot;shutter_speed&quot;:&quot;0&quot;,&quot;title&quot;:&quot;&quot;,&quot;orientation&quot;:&quot;1&quot;}\" data-image-title=\"Gigi Hadid assina linha de maquiagem\" data-image-description=\"\" data-image-caption=\"&lt;p&gt;Gigi Hadid assina linha de maquiagem&lt;\/p&gt;\n\" data-medium-file=\"https:\/\/i0.wp.com\/agrund.com\/wp-content\/uploads\/sites\/6\/2017\/10\/Gigi-Hadid-Maybelline-Makeup-Campaign45613-1.jpg?fit=285%2C300&amp;ssl=1\" data-large-file=\"https:\/\/i0.wp.com\/agrund.com\/wp-content\/uploads\/sites\/6\/2017\/10\/Gigi-Hadid-Maybelline-Makeup-Campaign45613-1.jpg?fit=600%2C631&amp;ssl=1\" decoding=\"async\" loading=\"lazy\" class=\"size-full wp-image-174913\" src=\"https:\/\/i0.wp.com\/www.agrund.com\/wp-content\/uploads\/sites\/6\/2017\/10\/Gigi-Hadid-Maybelline-Makeup-Campaign45613-1.jpg?resize=600%2C631\" alt=\"\" width=\"600\" height=\"631\" srcset=\"https:\/\/i0.wp.com\/agrund.com\/wp-content\/uploads\/sites\/6\/2017\/10\/Gigi-Hadid-Maybelline-Makeup-Campaign45613-1.jpg?w=600&amp;ssl=1 600w, https:\/\/i0.wp.com\/agrund.com\/wp-content\/uploads\/sites\/6\/2017\/10\/Gigi-Hadid-Maybelline-Makeup-Campaign45613-1.jpg?resize=285%2C300&amp;ssl=1 285w\" sizes=\"(max-width: 600px) 100vw, 600px\" data-recalc-dims=\"1\" \/><p id=\"caption-attachment-174913\" class=\"wp-caption-text\">Gigi Hadid assina linha de maquiagem<\/p><\/div>\n<div id=\"attachment_174914\" style=\"width: 610px\" class=\"wp-caption aligncenter\"><img aria-describedby=\"caption-attachment-174914\" data-attachment-id=\"174914\" data-permalink=\"https:\/\/agrund.com\/index.php\/gigi-hadid-assina-linha-de-maquiagem\/gigi-hadid-maybelline-makeup-campaign80451-2\/\" data-orig-file=\"https:\/\/i0.wp.com\/agrund.com\/wp-content\/uploads\/sites\/6\/2017\/10\/Gigi-Hadid-Maybelline-Makeup-Campaign80451-1.jpg?fit=600%2C637&amp;ssl=1\" data-orig-size=\"600,637\" data-comments-opened=\"1\" data-image-meta=\"{&quot;aperture&quot;:&quot;0&quot;,&quot;credit&quot;:&quot;&quot;,&quot;camera&quot;:&quot;&quot;,&quot;caption&quot;:&quot;&quot;,&quot;created_timestamp&quot;:&quot;0&quot;,&quot;copyright&quot;:&quot;&quot;,&quot;focal_length&quot;:&quot;0&quot;,&quot;iso&quot;:&quot;0&quot;,&quot;shutter_speed&quot;:&quot;0&quot;,&quot;title&quot;:&quot;&quot;,&quot;orientation&quot;:&quot;1&quot;}\" data-image-title=\"Gigi Hadid assina linha de maquiagem\" data-image-description=\"\" data-image-caption=\"&lt;p&gt;Gigi Hadid assina linha de maquiagem&lt;\/p&gt;\n\" data-medium-file=\"https:\/\/i0.wp.com\/agrund.com\/wp-content\/uploads\/sites\/6\/2017\/10\/Gigi-Hadid-Maybelline-Makeup-Campaign80451-1.jpg?fit=283%2C300&amp;ssl=1\" data-large-file=\"https:\/\/i0.wp.com\/agrund.com\/wp-content\/uploads\/sites\/6\/2017\/10\/Gigi-Hadid-Maybelline-Makeup-Campaign80451-1.jpg?fit=600%2C637&amp;ssl=1\" decoding=\"async\" loading=\"lazy\" class=\"size-full wp-image-174914\" src=\"https:\/\/i0.wp.com\/www.agrund.com\/wp-content\/uploads\/sites\/6\/2017\/10\/Gigi-Hadid-Maybelline-Makeup-Campaign80451-1.jpg?resize=600%2C637\" alt=\"\" width=\"600\" height=\"637\" srcset=\"https:\/\/i0.wp.com\/agrund.com\/wp-content\/uploads\/sites\/6\/2017\/10\/Gigi-Hadid-Maybelline-Makeup-Campaign80451-1.jpg?w=600&amp;ssl=1 600w, https:\/\/i0.wp.com\/agrund.com\/wp-content\/uploads\/sites\/6\/2017\/10\/Gigi-Hadid-Maybelline-Makeup-Campaign80451-1.jpg?resize=283%2C300&amp;ssl=1 283w\" sizes=\"(max-width: 600px) 100vw, 600px\" data-recalc-dims=\"1\" \/><p id=\"caption-attachment-174914\" class=\"wp-caption-text\">Gigi Hadid assina linha de maquiagem<\/p><\/div>\n<p>Fotos: Reprodu\u00e7\u00e3o.<\/p>\n","protected":false},"excerpt":{"rendered":"<p>Desde 2015 Gigi Hadid \u00e9 o rosto da Maybelline e agora a modelo se uniu \u00e0 marca para lan\u00e7ar uma linha de maquiagem. A Gigi x Maybelline acaba de ser lan\u00e7ada e conta com paletas de sombras, m\u00e1scara para c\u00edlios, batons e at\u00e9 pinc\u00e9is. Tudo dividido em tr\u00eas cole\u00e7\u00f5es inspiradas nas viagens de Gigi: East [&hellip;]<\/p>\n","protected":false},"author":8,"featured_media":174915,"comment_status":"open","ping_status":"open","sticky":false,"template":"","format":"standard","meta":{"jetpack_post_was_ever_published":false,"_jetpack_newsletter_access":"","jetpack_publicize_message":"","jetpack_is_tweetstorm":false,"jetpack_publicize_feature_enabled":true,"jetpack_social_post_already_shared":true,"jetpack_social_options":{"image_generator_settings":{"template":"highway","enabled":false}}},"categories":[2],"tags":[],"jetpack_publicize_connections":[],"jetpack_featured_media_url":"https:\/\/i0.wp.com\/agrund.com\/wp-content\/uploads\/sites\/6\/2017\/10\/s-90.jpg?fit=960%2C300&ssl=1","jetpack_sharing_enabled":true,"jetpack_shortlink":"https:\/\/wp.me\/p3Hz0n-Jv4","jetpack_likes_enabled":true,"_links":{"self":[{"href":"https:\/\/agrund.com\/index.php\/wp-json\/wp\/v2\/posts\/174906"}],"collection":[{"href":"https:\/\/agrund.com\/index.php\/wp-json\/wp\/v2\/posts"}],"about":[{"href":"https:\/\/agrund.com\/index.php\/wp-json\/wp\/v2\/types\/post"}],"author":[{"embeddable":true,"href":"https:\/\/agrund.com\/index.php\/wp-json\/wp\/v2\/users\/8"}],"replies":[{"embeddable":true,"href":"https:\/\/agrund.com\/index.php\/wp-json\/wp\/v2\/comments?post=174906"}],"version-history":[{"count":0,"href":"https:\/\/agrund.com\/index.php\/wp-json\/wp\/v2\/posts\/174906\/revisions"}],"wp:featuredmedia":[{"embeddable":true,"href":"https:\/\/agrund.com\/index.php\/wp-json\/wp\/v2\/media\/174915"}],"wp:attachment":[{"href":"https:\/\/agrund.com\/index.php\/wp-json\/wp\/v2\/media?parent=174906"}],"wp:term":[{"taxonomy":"category","embeddable":true,"href":"https:\/\/agrund.com\/index.php\/wp-json\/wp\/v2\/categories?post=174906"},{"taxonomy":"post_tag","embeddable":true,"href":"https:\/\/agrund.com\/index.php\/wp-json\/wp\/v2\/tags?post=174906"}],"curies":[{"name":"wp","href":"https:\/\/api.w.org\/{rel}","templated":true}]}}