{"id":174876,"date":"2017-10-20T18:00:49","date_gmt":"2017-10-20T20:00:49","guid":{"rendered":"http:\/\/www.agrund.com\/?p=174876"},"modified":"2017-10-20T15:55:49","modified_gmt":"2017-10-20T17:55:49","slug":"anitta-e-emicida-lancam-colecoes-de-oculos","status":"publish","type":"post","link":"https:\/\/agrund.com\/index.php\/anitta-e-emicida-lancam-colecoes-de-oculos\/","title":{"rendered":"Anitta e Emicida lan\u00e7am cole\u00e7\u00f5es de \u00f3culos"},"content":{"rendered":"<p>Se lembra quando contamos <a href=\"http:\/\/www.agrund.com\/anitta-lancara-uma-colecao-de-oculos\/\">AQUI<\/a> que Anitta assinaria uma cole\u00e7\u00e3o de \u00f3culos escuros para a Chilli Beans? Pois ela acaba de chegar \u00e0s lojas! E a parceria da marca com a m\u00fasica n\u00e3o para por a\u00ed, porque junto com a cole\u00e7\u00e3o de Anitta, chega tamb\u00e9m a linha assinada por Emicida.<\/p>\n<p>As duas cole\u00e7\u00f5es foram inspiradas no estilo dos dois cantores e cada um dos modelos foi desenvolvido pelo estilista Jo\u00e3o Pimenta. Parceria boa s\u00f3 pode dar certo!<\/p>\n<p>Os \u00f3culos da cole\u00e7\u00e3o de Anitta trazem a irrever\u00eancia e a cultura pop em aplica\u00e7\u00f5es de pedras, detalhes metalizados e arma\u00e7\u00f5es bem diferentes. J\u00e1 os de Emicida retratam a linguagem urbana com modelos de sol e tamb\u00e9m de grau.<\/p>\n<p>Gostou? As duas cole\u00e7\u00f5es assinadas j\u00e1 est\u00e3o \u00e0 venda nas lojas Chilli Beans. Confira:<\/p>\n<div id=\"attachment_174877\" style=\"width: 610px\" class=\"wp-caption aligncenter\"><img aria-describedby=\"caption-attachment-174877\" data-attachment-id=\"174877\" data-permalink=\"https:\/\/agrund.com\/index.php\/anitta-e-emicida-lancam-colecoes-de-oculos\/324428_741944_chilli_beans_campanha_linhas_assinadas___anitta_4\/\" data-orig-file=\"https:\/\/i0.wp.com\/agrund.com\/wp-content\/uploads\/sites\/6\/2017\/10\/324428_741944_chilli_beans_campanha_linhas_assinadas___anitta_4.jpg?fit=600%2C600&amp;ssl=1\" data-orig-size=\"600,600\" data-comments-opened=\"1\" data-image-meta=\"{&quot;aperture&quot;:&quot;0&quot;,&quot;credit&quot;:&quot;&quot;,&quot;camera&quot;:&quot;&quot;,&quot;caption&quot;:&quot;&quot;,&quot;created_timestamp&quot;:&quot;0&quot;,&quot;copyright&quot;:&quot;&quot;,&quot;focal_length&quot;:&quot;0&quot;,&quot;iso&quot;:&quot;0&quot;,&quot;shutter_speed&quot;:&quot;0&quot;,&quot;title&quot;:&quot;&quot;,&quot;orientation&quot;:&quot;1&quot;}\" data-image-title=\"Anitta e Emicida lan\u00e7am cole\u00e7\u00f5es de \u00f3culos\" data-image-description=\"\" data-image-caption=\"&lt;p&gt;Anitta e Emicida lan\u00e7am cole\u00e7\u00f5es de \u00f3culos&lt;\/p&gt;\n\" data-medium-file=\"https:\/\/i0.wp.com\/agrund.com\/wp-content\/uploads\/sites\/6\/2017\/10\/324428_741944_chilli_beans_campanha_linhas_assinadas___anitta_4.jpg?fit=300%2C300&amp;ssl=1\" data-large-file=\"https:\/\/i0.wp.com\/agrund.com\/wp-content\/uploads\/sites\/6\/2017\/10\/324428_741944_chilli_beans_campanha_linhas_assinadas___anitta_4.jpg?fit=600%2C600&amp;ssl=1\" decoding=\"async\" loading=\"lazy\" class=\"size-full wp-image-174877\" src=\"https:\/\/i0.wp.com\/www.agrund.com\/wp-content\/uploads\/sites\/6\/2017\/10\/324428_741944_chilli_beans_campanha_linhas_assinadas___anitta_4.jpg?resize=600%2C600\" alt=\"\" width=\"600\" height=\"600\" srcset=\"https:\/\/i0.wp.com\/agrund.com\/wp-content\/uploads\/sites\/6\/2017\/10\/324428_741944_chilli_beans_campanha_linhas_assinadas___anitta_4.jpg?w=600&amp;ssl=1 600w, https:\/\/i0.wp.com\/agrund.com\/wp-content\/uploads\/sites\/6\/2017\/10\/324428_741944_chilli_beans_campanha_linhas_assinadas___anitta_4.jpg?resize=150%2C150&amp;ssl=1 150w, https:\/\/i0.wp.com\/agrund.com\/wp-content\/uploads\/sites\/6\/2017\/10\/324428_741944_chilli_beans_campanha_linhas_assinadas___anitta_4.jpg?resize=300%2C300&amp;ssl=1 300w\" sizes=\"(max-width: 600px) 100vw, 600px\" data-recalc-dims=\"1\" \/><p id=\"caption-attachment-174877\" class=\"wp-caption-text\">Anitta e Emicida lan\u00e7am cole\u00e7\u00f5es de \u00f3culos<\/p><\/div>\n<div id=\"attachment_174878\" style=\"width: 610px\" class=\"wp-caption aligncenter\"><img aria-describedby=\"caption-attachment-174878\" data-attachment-id=\"174878\" data-permalink=\"https:\/\/agrund.com\/index.php\/anitta-e-emicida-lancam-colecoes-de-oculos\/324428_741945_chilli_beans_campanha_linhas_assinadas___anitta_9\/\" data-orig-file=\"https:\/\/i0.wp.com\/agrund.com\/wp-content\/uploads\/sites\/6\/2017\/10\/324428_741945_chilli_beans_campanha_linhas_assinadas___anitta_9.jpg?fit=600%2C600&amp;ssl=1\" data-orig-size=\"600,600\" data-comments-opened=\"1\" data-image-meta=\"{&quot;aperture&quot;:&quot;0&quot;,&quot;credit&quot;:&quot;&quot;,&quot;camera&quot;:&quot;&quot;,&quot;caption&quot;:&quot;&quot;,&quot;created_timestamp&quot;:&quot;0&quot;,&quot;copyright&quot;:&quot;&quot;,&quot;focal_length&quot;:&quot;0&quot;,&quot;iso&quot;:&quot;0&quot;,&quot;shutter_speed&quot;:&quot;0&quot;,&quot;title&quot;:&quot;&quot;,&quot;orientation&quot;:&quot;1&quot;}\" data-image-title=\"Anitta e Emicida lan\u00e7am cole\u00e7\u00f5es de \u00f3culos\" data-image-description=\"\" data-image-caption=\"&lt;p&gt;Anitta e Emicida lan\u00e7am cole\u00e7\u00f5es de \u00f3culos&lt;\/p&gt;\n\" data-medium-file=\"https:\/\/i0.wp.com\/agrund.com\/wp-content\/uploads\/sites\/6\/2017\/10\/324428_741945_chilli_beans_campanha_linhas_assinadas___anitta_9.jpg?fit=300%2C300&amp;ssl=1\" data-large-file=\"https:\/\/i0.wp.com\/agrund.com\/wp-content\/uploads\/sites\/6\/2017\/10\/324428_741945_chilli_beans_campanha_linhas_assinadas___anitta_9.jpg?fit=600%2C600&amp;ssl=1\" decoding=\"async\" loading=\"lazy\" class=\"size-full wp-image-174878\" src=\"https:\/\/i0.wp.com\/www.agrund.com\/wp-content\/uploads\/sites\/6\/2017\/10\/324428_741945_chilli_beans_campanha_linhas_assinadas___anitta_9.jpg?resize=600%2C600\" alt=\"\" width=\"600\" height=\"600\" srcset=\"https:\/\/i0.wp.com\/agrund.com\/wp-content\/uploads\/sites\/6\/2017\/10\/324428_741945_chilli_beans_campanha_linhas_assinadas___anitta_9.jpg?w=600&amp;ssl=1 600w, https:\/\/i0.wp.com\/agrund.com\/wp-content\/uploads\/sites\/6\/2017\/10\/324428_741945_chilli_beans_campanha_linhas_assinadas___anitta_9.jpg?resize=150%2C150&amp;ssl=1 150w, https:\/\/i0.wp.com\/agrund.com\/wp-content\/uploads\/sites\/6\/2017\/10\/324428_741945_chilli_beans_campanha_linhas_assinadas___anitta_9.jpg?resize=300%2C300&amp;ssl=1 300w\" sizes=\"(max-width: 600px) 100vw, 600px\" data-recalc-dims=\"1\" \/><p id=\"caption-attachment-174878\" class=\"wp-caption-text\">Anitta e Emicida lan\u00e7am cole\u00e7\u00f5es de \u00f3culos<\/p><\/div>\n<div id=\"attachment_174881\" style=\"width: 610px\" class=\"wp-caption aligncenter\"><img aria-describedby=\"caption-attachment-174881\" data-attachment-id=\"174881\" data-permalink=\"https:\/\/agrund.com\/index.php\/anitta-e-emicida-lancam-colecoes-de-oculos\/324428_741948_chilli_beans_campanha_linhas_assinadas___anitta_corpo_10\/\" data-orig-file=\"https:\/\/i0.wp.com\/agrund.com\/wp-content\/uploads\/sites\/6\/2017\/10\/324428_741948_chilli_beans_campanha_linhas_assinadas___anitta_corpo_10.jpg?fit=600%2C1067&amp;ssl=1\" data-orig-size=\"600,1067\" data-comments-opened=\"1\" data-image-meta=\"{&quot;aperture&quot;:&quot;0&quot;,&quot;credit&quot;:&quot;&quot;,&quot;camera&quot;:&quot;&quot;,&quot;caption&quot;:&quot;&quot;,&quot;created_timestamp&quot;:&quot;0&quot;,&quot;copyright&quot;:&quot;&quot;,&quot;focal_length&quot;:&quot;0&quot;,&quot;iso&quot;:&quot;0&quot;,&quot;shutter_speed&quot;:&quot;0&quot;,&quot;title&quot;:&quot;&quot;,&quot;orientation&quot;:&quot;1&quot;}\" data-image-title=\"Anitta e Emicida lan\u00e7am cole\u00e7\u00f5es de \u00f3culos\" data-image-description=\"\" data-image-caption=\"&lt;p&gt;Anitta e Emicida lan\u00e7am cole\u00e7\u00f5es de \u00f3culos&lt;\/p&gt;\n\" data-medium-file=\"https:\/\/i0.wp.com\/agrund.com\/wp-content\/uploads\/sites\/6\/2017\/10\/324428_741948_chilli_beans_campanha_linhas_assinadas___anitta_corpo_10.jpg?fit=169%2C300&amp;ssl=1\" data-large-file=\"https:\/\/i0.wp.com\/agrund.com\/wp-content\/uploads\/sites\/6\/2017\/10\/324428_741948_chilli_beans_campanha_linhas_assinadas___anitta_corpo_10.jpg?fit=576%2C1024&amp;ssl=1\" decoding=\"async\" loading=\"lazy\" class=\"size-full wp-image-174881\" src=\"https:\/\/i0.wp.com\/www.agrund.com\/wp-content\/uploads\/sites\/6\/2017\/10\/324428_741948_chilli_beans_campanha_linhas_assinadas___anitta_corpo_10.jpg?resize=600%2C1067\" alt=\"\" width=\"600\" height=\"1067\" srcset=\"https:\/\/i0.wp.com\/agrund.com\/wp-content\/uploads\/sites\/6\/2017\/10\/324428_741948_chilli_beans_campanha_linhas_assinadas___anitta_corpo_10.jpg?w=600&amp;ssl=1 600w, https:\/\/i0.wp.com\/agrund.com\/wp-content\/uploads\/sites\/6\/2017\/10\/324428_741948_chilli_beans_campanha_linhas_assinadas___anitta_corpo_10.jpg?resize=169%2C300&amp;ssl=1 169w, https:\/\/i0.wp.com\/agrund.com\/wp-content\/uploads\/sites\/6\/2017\/10\/324428_741948_chilli_beans_campanha_linhas_assinadas___anitta_corpo_10.jpg?resize=576%2C1024&amp;ssl=1 576w\" sizes=\"(max-width: 600px) 100vw, 600px\" data-recalc-dims=\"1\" \/><p id=\"caption-attachment-174881\" class=\"wp-caption-text\">Anitta e Emicida lan\u00e7am cole\u00e7\u00f5es de \u00f3culos<\/p><\/div>\n<div id=\"attachment_174879\" style=\"width: 610px\" class=\"wp-caption aligncenter\"><img aria-describedby=\"caption-attachment-174879\" data-attachment-id=\"174879\" data-permalink=\"https:\/\/agrund.com\/index.php\/anitta-e-emicida-lancam-colecoes-de-oculos\/324428_741946_chilli_beans_campanha_linhas_assinadas___emicida_11\/\" data-orig-file=\"https:\/\/i0.wp.com\/agrund.com\/wp-content\/uploads\/sites\/6\/2017\/10\/324428_741946_chilli_beans_campanha_linhas_assinadas___emicida_11.jpg?fit=600%2C600&amp;ssl=1\" data-orig-size=\"600,600\" data-comments-opened=\"1\" data-image-meta=\"{&quot;aperture&quot;:&quot;0&quot;,&quot;credit&quot;:&quot;&quot;,&quot;camera&quot;:&quot;&quot;,&quot;caption&quot;:&quot;&quot;,&quot;created_timestamp&quot;:&quot;0&quot;,&quot;copyright&quot;:&quot;&quot;,&quot;focal_length&quot;:&quot;0&quot;,&quot;iso&quot;:&quot;0&quot;,&quot;shutter_speed&quot;:&quot;0&quot;,&quot;title&quot;:&quot;&quot;,&quot;orientation&quot;:&quot;1&quot;}\" data-image-title=\"Anitta e Emicida lan\u00e7am cole\u00e7\u00f5es de \u00f3culos\" data-image-description=\"\" data-image-caption=\"&lt;p&gt;Anitta e Emicida lan\u00e7am cole\u00e7\u00f5es de \u00f3culos&lt;\/p&gt;\n\" data-medium-file=\"https:\/\/i0.wp.com\/agrund.com\/wp-content\/uploads\/sites\/6\/2017\/10\/324428_741946_chilli_beans_campanha_linhas_assinadas___emicida_11.jpg?fit=300%2C300&amp;ssl=1\" data-large-file=\"https:\/\/i0.wp.com\/agrund.com\/wp-content\/uploads\/sites\/6\/2017\/10\/324428_741946_chilli_beans_campanha_linhas_assinadas___emicida_11.jpg?fit=600%2C600&amp;ssl=1\" decoding=\"async\" loading=\"lazy\" class=\"size-full wp-image-174879\" src=\"https:\/\/i0.wp.com\/www.agrund.com\/wp-content\/uploads\/sites\/6\/2017\/10\/324428_741946_chilli_beans_campanha_linhas_assinadas___emicida_11.jpg?resize=600%2C600\" alt=\"\" width=\"600\" height=\"600\" srcset=\"https:\/\/i0.wp.com\/agrund.com\/wp-content\/uploads\/sites\/6\/2017\/10\/324428_741946_chilli_beans_campanha_linhas_assinadas___emicida_11.jpg?w=600&amp;ssl=1 600w, https:\/\/i0.wp.com\/agrund.com\/wp-content\/uploads\/sites\/6\/2017\/10\/324428_741946_chilli_beans_campanha_linhas_assinadas___emicida_11.jpg?resize=150%2C150&amp;ssl=1 150w, https:\/\/i0.wp.com\/agrund.com\/wp-content\/uploads\/sites\/6\/2017\/10\/324428_741946_chilli_beans_campanha_linhas_assinadas___emicida_11.jpg?resize=300%2C300&amp;ssl=1 300w\" sizes=\"(max-width: 600px) 100vw, 600px\" data-recalc-dims=\"1\" \/><p id=\"caption-attachment-174879\" class=\"wp-caption-text\">Anitta e Emicida lan\u00e7am cole\u00e7\u00f5es de \u00f3culos<\/p><\/div>\n<div id=\"attachment_174880\" style=\"width: 610px\" class=\"wp-caption aligncenter\"><img aria-describedby=\"caption-attachment-174880\" data-attachment-id=\"174880\" data-permalink=\"https:\/\/agrund.com\/index.php\/anitta-e-emicida-lancam-colecoes-de-oculos\/324428_741947_chilli_beans_campanha_linhas_assinadas___emicida_corpo_5\/\" data-orig-file=\"https:\/\/i0.wp.com\/agrund.com\/wp-content\/uploads\/sites\/6\/2017\/10\/324428_741947_chilli_beans_campanha_linhas_assinadas___emicida_corpo_5.jpg?fit=600%2C1067&amp;ssl=1\" data-orig-size=\"600,1067\" data-comments-opened=\"1\" data-image-meta=\"{&quot;aperture&quot;:&quot;0&quot;,&quot;credit&quot;:&quot;&quot;,&quot;camera&quot;:&quot;&quot;,&quot;caption&quot;:&quot;&quot;,&quot;created_timestamp&quot;:&quot;0&quot;,&quot;copyright&quot;:&quot;&quot;,&quot;focal_length&quot;:&quot;0&quot;,&quot;iso&quot;:&quot;0&quot;,&quot;shutter_speed&quot;:&quot;0&quot;,&quot;title&quot;:&quot;&quot;,&quot;orientation&quot;:&quot;1&quot;}\" data-image-title=\"Anitta e Emicida lan\u00e7am cole\u00e7\u00f5es de \u00f3culos\" data-image-description=\"\" data-image-caption=\"&lt;p&gt;Anitta e Emicida lan\u00e7am cole\u00e7\u00f5es de \u00f3culos&lt;\/p&gt;\n\" data-medium-file=\"https:\/\/i0.wp.com\/agrund.com\/wp-content\/uploads\/sites\/6\/2017\/10\/324428_741947_chilli_beans_campanha_linhas_assinadas___emicida_corpo_5.jpg?fit=169%2C300&amp;ssl=1\" data-large-file=\"https:\/\/i0.wp.com\/agrund.com\/wp-content\/uploads\/sites\/6\/2017\/10\/324428_741947_chilli_beans_campanha_linhas_assinadas___emicida_corpo_5.jpg?fit=576%2C1024&amp;ssl=1\" decoding=\"async\" loading=\"lazy\" class=\"size-full wp-image-174880\" src=\"https:\/\/i0.wp.com\/www.agrund.com\/wp-content\/uploads\/sites\/6\/2017\/10\/324428_741947_chilli_beans_campanha_linhas_assinadas___emicida_corpo_5.jpg?resize=600%2C1067\" alt=\"\" width=\"600\" height=\"1067\" srcset=\"https:\/\/i0.wp.com\/agrund.com\/wp-content\/uploads\/sites\/6\/2017\/10\/324428_741947_chilli_beans_campanha_linhas_assinadas___emicida_corpo_5.jpg?w=600&amp;ssl=1 600w, https:\/\/i0.wp.com\/agrund.com\/wp-content\/uploads\/sites\/6\/2017\/10\/324428_741947_chilli_beans_campanha_linhas_assinadas___emicida_corpo_5.jpg?resize=169%2C300&amp;ssl=1 169w, https:\/\/i0.wp.com\/agrund.com\/wp-content\/uploads\/sites\/6\/2017\/10\/324428_741947_chilli_beans_campanha_linhas_assinadas___emicida_corpo_5.jpg?resize=576%2C1024&amp;ssl=1 576w\" sizes=\"(max-width: 600px) 100vw, 600px\" data-recalc-dims=\"1\" \/><p id=\"caption-attachment-174880\" class=\"wp-caption-text\">Anitta e Emicida lan\u00e7am cole\u00e7\u00f5es de \u00f3culos<\/p><\/div>\n<div id=\"attachment_174882\" style=\"width: 610px\" class=\"wp-caption aligncenter\"><img aria-describedby=\"caption-attachment-174882\" data-attachment-id=\"174882\" data-permalink=\"https:\/\/agrund.com\/index.php\/anitta-e-emicida-lancam-colecoes-de-oculos\/324428_741949_chilli_beans_campanha_linhas_assinadas___emicida\/\" data-orig-file=\"https:\/\/i0.wp.com\/agrund.com\/wp-content\/uploads\/sites\/6\/2017\/10\/324428_741949_chilli_beans_campanha_linhas_assinadas___emicida.jpg?fit=600%2C600&amp;ssl=1\" data-orig-size=\"600,600\" data-comments-opened=\"1\" data-image-meta=\"{&quot;aperture&quot;:&quot;0&quot;,&quot;credit&quot;:&quot;&quot;,&quot;camera&quot;:&quot;&quot;,&quot;caption&quot;:&quot;&quot;,&quot;created_timestamp&quot;:&quot;0&quot;,&quot;copyright&quot;:&quot;&quot;,&quot;focal_length&quot;:&quot;0&quot;,&quot;iso&quot;:&quot;0&quot;,&quot;shutter_speed&quot;:&quot;0&quot;,&quot;title&quot;:&quot;&quot;,&quot;orientation&quot;:&quot;1&quot;}\" data-image-title=\"Anitta e Emicida lan\u00e7am cole\u00e7\u00f5es de \u00f3culos\" data-image-description=\"\" data-image-caption=\"&lt;p&gt;Anitta e Emicida lan\u00e7am cole\u00e7\u00f5es de \u00f3culos&lt;\/p&gt;\n\" data-medium-file=\"https:\/\/i0.wp.com\/agrund.com\/wp-content\/uploads\/sites\/6\/2017\/10\/324428_741949_chilli_beans_campanha_linhas_assinadas___emicida.jpg?fit=300%2C300&amp;ssl=1\" data-large-file=\"https:\/\/i0.wp.com\/agrund.com\/wp-content\/uploads\/sites\/6\/2017\/10\/324428_741949_chilli_beans_campanha_linhas_assinadas___emicida.jpg?fit=600%2C600&amp;ssl=1\" decoding=\"async\" loading=\"lazy\" class=\"size-full wp-image-174882\" src=\"https:\/\/i0.wp.com\/www.agrund.com\/wp-content\/uploads\/sites\/6\/2017\/10\/324428_741949_chilli_beans_campanha_linhas_assinadas___emicida.jpg?resize=600%2C600\" alt=\"\" width=\"600\" height=\"600\" srcset=\"https:\/\/i0.wp.com\/agrund.com\/wp-content\/uploads\/sites\/6\/2017\/10\/324428_741949_chilli_beans_campanha_linhas_assinadas___emicida.jpg?w=600&amp;ssl=1 600w, https:\/\/i0.wp.com\/agrund.com\/wp-content\/uploads\/sites\/6\/2017\/10\/324428_741949_chilli_beans_campanha_linhas_assinadas___emicida.jpg?resize=150%2C150&amp;ssl=1 150w, https:\/\/i0.wp.com\/agrund.com\/wp-content\/uploads\/sites\/6\/2017\/10\/324428_741949_chilli_beans_campanha_linhas_assinadas___emicida.jpg?resize=300%2C300&amp;ssl=1 300w\" sizes=\"(max-width: 600px) 100vw, 600px\" data-recalc-dims=\"1\" \/><p id=\"caption-attachment-174882\" class=\"wp-caption-text\">Anitta e Emicida lan\u00e7am cole\u00e7\u00f5es de \u00f3culos<\/p><\/div>\n<p>Fotos: Divulga\u00e7\u00e3o.<\/p>\n","protected":false},"excerpt":{"rendered":"<p>Se lembra quando contamos AQUI que Anitta assinaria uma cole\u00e7\u00e3o de \u00f3culos escuros para a Chilli Beans? Pois ela acaba de chegar \u00e0s lojas! E a parceria da marca com a m\u00fasica n\u00e3o para por a\u00ed, porque junto com a cole\u00e7\u00e3o de Anitta, chega tamb\u00e9m a linha assinada por Emicida. As duas cole\u00e7\u00f5es foram inspiradas [&hellip;]<\/p>\n","protected":false},"author":8,"featured_media":174883,"comment_status":"open","ping_status":"open","sticky":false,"template":"","format":"standard","meta":{"jetpack_post_was_ever_published":false,"_jetpack_newsletter_access":"","jetpack_publicize_message":"","jetpack_is_tweetstorm":false,"jetpack_publicize_feature_enabled":true,"jetpack_social_post_already_shared":true,"jetpack_social_options":{"image_generator_settings":{"template":"highway","enabled":false}}},"categories":[2],"tags":[],"jetpack_publicize_connections":[],"jetpack_featured_media_url":"https:\/\/i0.wp.com\/agrund.com\/wp-content\/uploads\/sites\/6\/2017\/10\/s-88.jpg?fit=960%2C300&ssl=1","jetpack_sharing_enabled":true,"jetpack_shortlink":"https:\/\/wp.me\/p3Hz0n-JuA","jetpack_likes_enabled":true,"_links":{"self":[{"href":"https:\/\/agrund.com\/index.php\/wp-json\/wp\/v2\/posts\/174876"}],"collection":[{"href":"https:\/\/agrund.com\/index.php\/wp-json\/wp\/v2\/posts"}],"about":[{"href":"https:\/\/agrund.com\/index.php\/wp-json\/wp\/v2\/types\/post"}],"author":[{"embeddable":true,"href":"https:\/\/agrund.com\/index.php\/wp-json\/wp\/v2\/users\/8"}],"replies":[{"embeddable":true,"href":"https:\/\/agrund.com\/index.php\/wp-json\/wp\/v2\/comments?post=174876"}],"version-history":[{"count":0,"href":"https:\/\/agrund.com\/index.php\/wp-json\/wp\/v2\/posts\/174876\/revisions"}],"wp:featuredmedia":[{"embeddable":true,"href":"https:\/\/agrund.com\/index.php\/wp-json\/wp\/v2\/media\/174883"}],"wp:attachment":[{"href":"https:\/\/agrund.com\/index.php\/wp-json\/wp\/v2\/media?parent=174876"}],"wp:term":[{"taxonomy":"category","embeddable":true,"href":"https:\/\/agrund.com\/index.php\/wp-json\/wp\/v2\/categories?post=174876"},{"taxonomy":"post_tag","embeddable":true,"href":"https:\/\/agrund.com\/index.php\/wp-json\/wp\/v2\/tags?post=174876"}],"curies":[{"name":"wp","href":"https:\/\/api.w.org\/{rel}","templated":true}]}}