{"id":174854,"date":"2017-10-20T17:00:56","date_gmt":"2017-10-20T19:00:56","guid":{"rendered":"http:\/\/www.agrund.com\/?p=174854"},"modified":"2017-10-20T10:22:24","modified_gmt":"2017-10-20T12:22:24","slug":"um-dia-sete-looks","status":"publish","type":"post","link":"https:\/\/agrund.com\/index.php\/um-dia-sete-looks\/","title":{"rendered":"Um dia, sete looks"},"content":{"rendered":"<p>Por Let\u00edcia Santana<\/p>\n<p>Para Blake Lively, um look por dia n\u00e3o basta! N\u00e3o \u00e9 de hoje que a atriz prepara uma s\u00e9rie de looks para usar nos dias mais atarefados. A cada filme que a loira protagoniza, a m\u00eddia j\u00e1 fica \u00e0 espera das suas mil e uma produ\u00e7\u00f5es no dia da divulga\u00e7\u00e3o. Dessa vez, a atriz est\u00e1 divulgando o seu novo filme, \u201cAll I See Is You\u201d, e escolheu n\u00e3o dois, nem tr\u00eas mas, sim, sete looks para cumprir os seus compromissos da \u00faltima segunda (16) em Nova York.<\/p>\n<div id=\"attachment_174855\" style=\"width: 610px\" class=\"wp-caption aligncenter\"><img aria-describedby=\"caption-attachment-174855\" data-attachment-id=\"174855\" data-permalink=\"https:\/\/agrund.com\/index.php\/um-dia-sete-looks\/blake-lively-looks-1\/\" data-orig-file=\"https:\/\/i0.wp.com\/agrund.com\/wp-content\/uploads\/sites\/6\/2017\/10\/Blake-Lively-looks-1-e1508501954835.jpeg?fit=600%2C450&amp;ssl=1\" data-orig-size=\"600,450\" data-comments-opened=\"1\" data-image-meta=\"{&quot;aperture&quot;:&quot;0&quot;,&quot;credit&quot;:&quot;&quot;,&quot;camera&quot;:&quot;&quot;,&quot;caption&quot;:&quot;&quot;,&quot;created_timestamp&quot;:&quot;0&quot;,&quot;copyright&quot;:&quot;&quot;,&quot;focal_length&quot;:&quot;0&quot;,&quot;iso&quot;:&quot;0&quot;,&quot;shutter_speed&quot;:&quot;0&quot;,&quot;title&quot;:&quot;&quot;,&quot;orientation&quot;:&quot;0&quot;}\" data-image-title=\"Um dia, sete looks\" data-image-description=\"\" data-image-caption=\"&lt;p&gt;Um dia, sete looks&lt;\/p&gt;\n\" data-medium-file=\"https:\/\/i0.wp.com\/agrund.com\/wp-content\/uploads\/sites\/6\/2017\/10\/Blake-Lively-looks-1-e1508501954835.jpeg?fit=300%2C225&amp;ssl=1\" data-large-file=\"https:\/\/i0.wp.com\/agrund.com\/wp-content\/uploads\/sites\/6\/2017\/10\/Blake-Lively-looks-1-e1508501954835.jpeg?fit=1024%2C768&amp;ssl=1\" decoding=\"async\" loading=\"lazy\" class=\"size-full wp-image-174855\" src=\"https:\/\/i0.wp.com\/www.agrund.com\/wp-content\/uploads\/sites\/6\/2017\/10\/Blake-Lively-looks-1-e1508501954835.jpeg?resize=600%2C450\" alt=\"\" width=\"600\" height=\"450\" data-recalc-dims=\"1\" \/><p id=\"caption-attachment-174855\" class=\"wp-caption-text\">Um dia, sete looks<\/p><\/div>\n<p>O belo Oscar de la Renta preto, branco e recheado de lantejoulas amarelas e verdes foi acompanhado de joias e salto Christian Louboutin. J\u00e1 o macac\u00e3o amarelo faz parte da cole\u00e7\u00e3o primavera 2018 de Brandon Maxweel e foi usado durante a grava\u00e7\u00e3o do programa \u201cGood Morning America\u201d. Ambos sofisticados, elegantes e nem um pouco \u00f3bvios. Ponto para Blake!<\/p>\n<div id=\"attachment_174856\" style=\"width: 610px\" class=\"wp-caption aligncenter\"><img aria-describedby=\"caption-attachment-174856\" data-attachment-id=\"174856\" data-permalink=\"https:\/\/agrund.com\/index.php\/um-dia-sete-looks\/blake-lively-looks-2\/\" data-orig-file=\"https:\/\/i0.wp.com\/agrund.com\/wp-content\/uploads\/sites\/6\/2017\/10\/Blake-Lively-looks-2-e1508501980582.jpeg?fit=600%2C450&amp;ssl=1\" data-orig-size=\"600,450\" data-comments-opened=\"1\" data-image-meta=\"{&quot;aperture&quot;:&quot;0&quot;,&quot;credit&quot;:&quot;&quot;,&quot;camera&quot;:&quot;&quot;,&quot;caption&quot;:&quot;&quot;,&quot;created_timestamp&quot;:&quot;0&quot;,&quot;copyright&quot;:&quot;&quot;,&quot;focal_length&quot;:&quot;0&quot;,&quot;iso&quot;:&quot;0&quot;,&quot;shutter_speed&quot;:&quot;0&quot;,&quot;title&quot;:&quot;&quot;,&quot;orientation&quot;:&quot;0&quot;}\" data-image-title=\"Um dia, sete looks\" data-image-description=\"\" data-image-caption=\"&lt;p&gt;Um dia, sete looks&lt;\/p&gt;\n\" data-medium-file=\"https:\/\/i0.wp.com\/agrund.com\/wp-content\/uploads\/sites\/6\/2017\/10\/Blake-Lively-looks-2-e1508501980582.jpeg?fit=300%2C225&amp;ssl=1\" data-large-file=\"https:\/\/i0.wp.com\/agrund.com\/wp-content\/uploads\/sites\/6\/2017\/10\/Blake-Lively-looks-2-e1508501980582.jpeg?fit=1024%2C768&amp;ssl=1\" decoding=\"async\" loading=\"lazy\" class=\"size-full wp-image-174856\" src=\"https:\/\/i0.wp.com\/www.agrund.com\/wp-content\/uploads\/sites\/6\/2017\/10\/Blake-Lively-looks-2-e1508501980582.jpeg?resize=600%2C450\" alt=\"\" width=\"600\" height=\"450\" data-recalc-dims=\"1\" \/><p id=\"caption-attachment-174856\" class=\"wp-caption-text\">Um dia, sete looks<\/p><\/div>\n<p>Preto e branco n\u00e3o pode faltar nunca, n\u00e9? O terno vindo diretamente da passarela do inverno 2017 de Ralph Lauren foi muit\u00edssimo bem usado pela atriz. A bolsa grande que o acompanhou \u00e9 duvidosa e a bota traz uma informa\u00e7\u00e3o de moda bacana. J\u00e1 o outro \u00e9 um senhor macac\u00e3o pied-de-poule Chanel da cole\u00e7\u00e3o outono 2017. Aten\u00e7\u00e3o tamb\u00e9m para as mudan\u00e7as nos penteados!<\/p>\n<div id=\"attachment_174857\" style=\"width: 610px\" class=\"wp-caption aligncenter\"><img aria-describedby=\"caption-attachment-174857\" data-attachment-id=\"174857\" data-permalink=\"https:\/\/agrund.com\/index.php\/um-dia-sete-looks\/blake-lively-looks-3\/\" data-orig-file=\"https:\/\/i0.wp.com\/agrund.com\/wp-content\/uploads\/sites\/6\/2017\/10\/Blake-Lively-looks-3-e1508501998163.jpeg?fit=600%2C450&amp;ssl=1\" data-orig-size=\"600,450\" data-comments-opened=\"1\" data-image-meta=\"{&quot;aperture&quot;:&quot;0&quot;,&quot;credit&quot;:&quot;&quot;,&quot;camera&quot;:&quot;&quot;,&quot;caption&quot;:&quot;&quot;,&quot;created_timestamp&quot;:&quot;0&quot;,&quot;copyright&quot;:&quot;&quot;,&quot;focal_length&quot;:&quot;0&quot;,&quot;iso&quot;:&quot;0&quot;,&quot;shutter_speed&quot;:&quot;0&quot;,&quot;title&quot;:&quot;&quot;,&quot;orientation&quot;:&quot;0&quot;}\" data-image-title=\"Um dia, sete looks\" data-image-description=\"\" data-image-caption=\"&lt;p&gt;Um dia, sete looks&lt;\/p&gt;\n\" data-medium-file=\"https:\/\/i0.wp.com\/agrund.com\/wp-content\/uploads\/sites\/6\/2017\/10\/Blake-Lively-looks-3-e1508501998163.jpeg?fit=300%2C225&amp;ssl=1\" data-large-file=\"https:\/\/i0.wp.com\/agrund.com\/wp-content\/uploads\/sites\/6\/2017\/10\/Blake-Lively-looks-3-e1508501998163.jpeg?fit=1024%2C768&amp;ssl=1\" decoding=\"async\" loading=\"lazy\" class=\"size-full wp-image-174857\" src=\"https:\/\/i0.wp.com\/www.agrund.com\/wp-content\/uploads\/sites\/6\/2017\/10\/Blake-Lively-looks-3-e1508501998163.jpeg?resize=600%2C450\" alt=\"\" width=\"600\" height=\"450\" data-recalc-dims=\"1\" \/><p id=\"caption-attachment-174857\" class=\"wp-caption-text\">Um dia, sete looks<\/p><\/div>\n<p>Modelagens desconstru\u00eddas tamb\u00e9m marcaram presen\u00e7a! A produ\u00e7\u00e3o informal e total sporty wear \u00e9 da cole\u00e7\u00e3o primavera 2018 da Monse. J\u00e1 para a pr\u00e9-estreia do filme, Blake escolheu um vestido Chanel com tiras e brilho da cole\u00e7\u00e3o de primavera 2007. Ou seja, entre tantos looks rec\u00e9m-sa\u00eddos da passarela, a atriz prova que tamb\u00e9m pode reinventar e atualizar uma pe\u00e7a de uma d\u00e9cada. A cole\u00e7\u00e3o primavera 2018 de Jonathan Simkhai foi representada em uma produ\u00e7\u00e3o cheia de informa\u00e7\u00e3o. O vestido cheio de camadas da marca j\u00e1 citada veio acompanhado de uma bota florida Louboutin e bolsa Bottega Veneta.<\/p>\n<p>Independentemente das propostas de cada look, uma coisa \u00e9 fato: Blake veste cada produ\u00e7\u00e3o com um sorris\u00e3o no rosto e aparentando estar se sentindo linda. Ta\u00ed o segredo para segurar os mais variados visuais!<\/p>\n<p>Mais em borboletavintage.com.br<br \/>\nInstagram: @borboletavintage<\/p>\n","protected":false},"excerpt":{"rendered":"<p>Por Let\u00edcia Santana Para Blake Lively, um look por dia n\u00e3o basta! N\u00e3o \u00e9 de hoje que a atriz prepara uma s\u00e9rie de looks para usar nos dias mais atarefados. A cada filme que a loira protagoniza, a m\u00eddia j\u00e1 fica \u00e0 espera das suas mil e uma produ\u00e7\u00f5es no dia da divulga\u00e7\u00e3o. Dessa vez, [&hellip;]<\/p>\n","protected":false},"author":8,"featured_media":174858,"comment_status":"open","ping_status":"open","sticky":false,"template":"","format":"standard","meta":{"jetpack_post_was_ever_published":false,"_jetpack_newsletter_access":"","jetpack_publicize_message":"","jetpack_is_tweetstorm":false,"jetpack_publicize_feature_enabled":true,"jetpack_social_post_already_shared":true,"jetpack_social_options":{"image_generator_settings":{"template":"highway","enabled":false}}},"categories":[2],"tags":[],"jetpack_publicize_connections":[],"jetpack_featured_media_url":"https:\/\/i0.wp.com\/agrund.com\/wp-content\/uploads\/sites\/6\/2017\/10\/s-86.jpg?fit=960%2C300&ssl=1","jetpack_sharing_enabled":true,"jetpack_shortlink":"https:\/\/wp.me\/p3Hz0n-Jue","jetpack_likes_enabled":true,"_links":{"self":[{"href":"https:\/\/agrund.com\/index.php\/wp-json\/wp\/v2\/posts\/174854"}],"collection":[{"href":"https:\/\/agrund.com\/index.php\/wp-json\/wp\/v2\/posts"}],"about":[{"href":"https:\/\/agrund.com\/index.php\/wp-json\/wp\/v2\/types\/post"}],"author":[{"embeddable":true,"href":"https:\/\/agrund.com\/index.php\/wp-json\/wp\/v2\/users\/8"}],"replies":[{"embeddable":true,"href":"https:\/\/agrund.com\/index.php\/wp-json\/wp\/v2\/comments?post=174854"}],"version-history":[{"count":0,"href":"https:\/\/agrund.com\/index.php\/wp-json\/wp\/v2\/posts\/174854\/revisions"}],"wp:featuredmedia":[{"embeddable":true,"href":"https:\/\/agrund.com\/index.php\/wp-json\/wp\/v2\/media\/174858"}],"wp:attachment":[{"href":"https:\/\/agrund.com\/index.php\/wp-json\/wp\/v2\/media?parent=174854"}],"wp:term":[{"taxonomy":"category","embeddable":true,"href":"https:\/\/agrund.com\/index.php\/wp-json\/wp\/v2\/categories?post=174854"},{"taxonomy":"post_tag","embeddable":true,"href":"https:\/\/agrund.com\/index.php\/wp-json\/wp\/v2\/tags?post=174854"}],"curies":[{"name":"wp","href":"https:\/\/api.w.org\/{rel}","templated":true}]}}