{"id":174831,"date":"2017-10-20T12:00:46","date_gmt":"2017-10-20T14:00:46","guid":{"rendered":"http:\/\/www.agrund.com\/?p=174831"},"modified":"2017-10-20T09:49:41","modified_gmt":"2017-10-20T11:49:41","slug":"selena-gomez-estrela-campanha-de-final-de-ano-da-coach","status":"publish","type":"post","link":"https:\/\/agrund.com\/index.php\/selena-gomez-estrela-campanha-de-final-de-ano-da-coach\/","title":{"rendered":"Selena Gomez estrela campanha de final de ano da Coach"},"content":{"rendered":"<p>Depois de assinar uma cole\u00e7\u00e3o para a Coach (reveja <a href=\"http:\/\/www.agrund.com\/a-colecao-de-selena-gomez-para-a-coach\/\">AQUI<\/a>), Selena volta \u00e0 marca para estrelar a campanha de final de ano. Com cliques \u00e0 noite e dentro de um carro, Selena aparece pronta para uma festa. Com vestido de renda, jaqueta de couro, casaco de pelo, bolsa Dinky e joias da marca, a cantora est\u00e1 deslumbrante.<\/p>\n<p>A fotografia \u00e9 de Steven Meisel e voc\u00ea confere na galeria abaixo:<\/p>\n<div id=\"attachment_174832\" style=\"width: 610px\" class=\"wp-caption aligncenter\"><img aria-describedby=\"caption-attachment-174832\" data-attachment-id=\"174832\" data-permalink=\"https:\/\/agrund.com\/index.php\/selena-gomez-estrela-campanha-de-final-de-ano-da-coach\/1-1126\/\" data-orig-file=\"https:\/\/i0.wp.com\/agrund.com\/wp-content\/uploads\/sites\/6\/2017\/10\/1-21-e1508499971155.jpg?fit=600%2C815&amp;ssl=1\" data-orig-size=\"600,815\" data-comments-opened=\"1\" data-image-meta=\"{&quot;aperture&quot;:&quot;0&quot;,&quot;credit&quot;:&quot;&quot;,&quot;camera&quot;:&quot;&quot;,&quot;caption&quot;:&quot;&quot;,&quot;created_timestamp&quot;:&quot;0&quot;,&quot;copyright&quot;:&quot;&quot;,&quot;focal_length&quot;:&quot;0&quot;,&quot;iso&quot;:&quot;0&quot;,&quot;shutter_speed&quot;:&quot;0&quot;,&quot;title&quot;:&quot;&quot;,&quot;orientation&quot;:&quot;1&quot;}\" data-image-title=\"Selena Gomez estrela campanha de final de ano da Coach\" data-image-description=\"\" data-image-caption=\"&lt;p&gt;Selena Gomez estrela campanha de final de ano da Coach&lt;\/p&gt;\n\" data-medium-file=\"https:\/\/i0.wp.com\/agrund.com\/wp-content\/uploads\/sites\/6\/2017\/10\/1-21-e1508499971155.jpg?fit=221%2C300&amp;ssl=1\" data-large-file=\"https:\/\/i0.wp.com\/agrund.com\/wp-content\/uploads\/sites\/6\/2017\/10\/1-21-e1508499971155.jpg?fit=754%2C1024&amp;ssl=1\" decoding=\"async\" loading=\"lazy\" class=\"size-full wp-image-174832\" src=\"https:\/\/i0.wp.com\/www.agrund.com\/wp-content\/uploads\/sites\/6\/2017\/10\/1-21-e1508499971155.jpg?resize=600%2C815\" alt=\"\" width=\"600\" height=\"815\" data-recalc-dims=\"1\" \/><p id=\"caption-attachment-174832\" class=\"wp-caption-text\">Selena Gomez estrela campanha de final de ano da Coach<\/p><\/div>\n<div id=\"attachment_174833\" style=\"width: 610px\" class=\"wp-caption aligncenter\"><img aria-describedby=\"caption-attachment-174833\" data-attachment-id=\"174833\" data-permalink=\"https:\/\/agrund.com\/index.php\/selena-gomez-estrela-campanha-de-final-de-ano-da-coach\/2-1082\/\" data-orig-file=\"https:\/\/i0.wp.com\/agrund.com\/wp-content\/uploads\/sites\/6\/2017\/10\/2-20-e1508499997683.jpg?fit=600%2C400&amp;ssl=1\" data-orig-size=\"600,400\" data-comments-opened=\"1\" data-image-meta=\"{&quot;aperture&quot;:&quot;0&quot;,&quot;credit&quot;:&quot;&quot;,&quot;camera&quot;:&quot;&quot;,&quot;caption&quot;:&quot;&quot;,&quot;created_timestamp&quot;:&quot;0&quot;,&quot;copyright&quot;:&quot;&quot;,&quot;focal_length&quot;:&quot;0&quot;,&quot;iso&quot;:&quot;0&quot;,&quot;shutter_speed&quot;:&quot;0&quot;,&quot;title&quot;:&quot;&quot;,&quot;orientation&quot;:&quot;1&quot;}\" data-image-title=\"Selena Gomez estrela campanha de final de ano da Coach\" data-image-description=\"\" data-image-caption=\"&lt;p&gt;Selena Gomez estrela campanha de final de ano da Coach&lt;\/p&gt;\n\" data-medium-file=\"https:\/\/i0.wp.com\/agrund.com\/wp-content\/uploads\/sites\/6\/2017\/10\/2-20-e1508499997683.jpg?fit=300%2C200&amp;ssl=1\" data-large-file=\"https:\/\/i0.wp.com\/agrund.com\/wp-content\/uploads\/sites\/6\/2017\/10\/2-20-e1508499997683.jpg?fit=600%2C400&amp;ssl=1\" decoding=\"async\" loading=\"lazy\" class=\"size-full wp-image-174833\" src=\"https:\/\/i0.wp.com\/www.agrund.com\/wp-content\/uploads\/sites\/6\/2017\/10\/2-20-e1508499997683.jpg?resize=600%2C400\" alt=\"\" width=\"600\" height=\"400\" data-recalc-dims=\"1\" \/><p id=\"caption-attachment-174833\" class=\"wp-caption-text\">Selena Gomez estrela campanha de final de ano da Coach<\/p><\/div>\n<div id=\"attachment_174834\" style=\"width: 610px\" class=\"wp-caption aligncenter\"><img aria-describedby=\"caption-attachment-174834\" data-attachment-id=\"174834\" data-permalink=\"https:\/\/agrund.com\/index.php\/selena-gomez-estrela-campanha-de-final-de-ano-da-coach\/3-1024\/\" data-orig-file=\"https:\/\/i0.wp.com\/agrund.com\/wp-content\/uploads\/sites\/6\/2017\/10\/3-17-e1508500024371.jpg?fit=600%2C900&amp;ssl=1\" data-orig-size=\"600,900\" data-comments-opened=\"1\" data-image-meta=\"{&quot;aperture&quot;:&quot;0&quot;,&quot;credit&quot;:&quot;&quot;,&quot;camera&quot;:&quot;&quot;,&quot;caption&quot;:&quot;&quot;,&quot;created_timestamp&quot;:&quot;0&quot;,&quot;copyright&quot;:&quot;&quot;,&quot;focal_length&quot;:&quot;0&quot;,&quot;iso&quot;:&quot;0&quot;,&quot;shutter_speed&quot;:&quot;0&quot;,&quot;title&quot;:&quot;&quot;,&quot;orientation&quot;:&quot;1&quot;}\" data-image-title=\"Selena Gomez estrela campanha de final de ano da Coach\" data-image-description=\"\" data-image-caption=\"&lt;p&gt;Selena Gomez estrela campanha de final de ano da Coach&lt;\/p&gt;\n\" data-medium-file=\"https:\/\/i0.wp.com\/agrund.com\/wp-content\/uploads\/sites\/6\/2017\/10\/3-17-e1508500024371.jpg?fit=200%2C300&amp;ssl=1\" data-large-file=\"https:\/\/i0.wp.com\/agrund.com\/wp-content\/uploads\/sites\/6\/2017\/10\/3-17-e1508500024371.jpg?fit=683%2C1024&amp;ssl=1\" decoding=\"async\" loading=\"lazy\" class=\"size-full wp-image-174834\" src=\"https:\/\/i0.wp.com\/www.agrund.com\/wp-content\/uploads\/sites\/6\/2017\/10\/3-17-e1508500024371.jpg?resize=600%2C900\" alt=\"\" width=\"600\" height=\"900\" data-recalc-dims=\"1\" \/><p id=\"caption-attachment-174834\" class=\"wp-caption-text\">Selena Gomez estrela campanha de final de ano da Coach<\/p><\/div>\n<div id=\"attachment_174835\" style=\"width: 610px\" class=\"wp-caption aligncenter\"><img aria-describedby=\"caption-attachment-174835\" data-attachment-id=\"174835\" data-permalink=\"https:\/\/agrund.com\/index.php\/selena-gomez-estrela-campanha-de-final-de-ano-da-coach\/4-959\/\" data-orig-file=\"https:\/\/i0.wp.com\/agrund.com\/wp-content\/uploads\/sites\/6\/2017\/10\/4-16-e1508500042238.jpg?fit=600%2C424&amp;ssl=1\" data-orig-size=\"600,424\" data-comments-opened=\"1\" data-image-meta=\"{&quot;aperture&quot;:&quot;0&quot;,&quot;credit&quot;:&quot;&quot;,&quot;camera&quot;:&quot;&quot;,&quot;caption&quot;:&quot;&quot;,&quot;created_timestamp&quot;:&quot;0&quot;,&quot;copyright&quot;:&quot;&quot;,&quot;focal_length&quot;:&quot;0&quot;,&quot;iso&quot;:&quot;0&quot;,&quot;shutter_speed&quot;:&quot;0&quot;,&quot;title&quot;:&quot;&quot;,&quot;orientation&quot;:&quot;0&quot;}\" data-image-title=\"Selena Gomez estrela campanha de final de ano da Coach\" data-image-description=\"\" data-image-caption=\"&lt;p&gt;Selena Gomez estrela campanha de final de ano da Coach&lt;\/p&gt;\n\" data-medium-file=\"https:\/\/i0.wp.com\/agrund.com\/wp-content\/uploads\/sites\/6\/2017\/10\/4-16-e1508500042238.jpg?fit=300%2C212&amp;ssl=1\" data-large-file=\"https:\/\/i0.wp.com\/agrund.com\/wp-content\/uploads\/sites\/6\/2017\/10\/4-16-e1508500042238.jpg?fit=600%2C424&amp;ssl=1\" decoding=\"async\" loading=\"lazy\" class=\"size-full wp-image-174835\" src=\"https:\/\/i0.wp.com\/www.agrund.com\/wp-content\/uploads\/sites\/6\/2017\/10\/4-16-e1508500042238.jpg?resize=600%2C424\" alt=\"\" width=\"600\" height=\"424\" data-recalc-dims=\"1\" \/><p id=\"caption-attachment-174835\" class=\"wp-caption-text\">Selena Gomez estrela campanha de final de ano da Coach<\/p><\/div>\n<div id=\"attachment_174836\" style=\"width: 610px\" class=\"wp-caption aligncenter\"><img aria-describedby=\"caption-attachment-174836\" data-attachment-id=\"174836\" data-permalink=\"https:\/\/agrund.com\/index.php\/selena-gomez-estrela-campanha-de-final-de-ano-da-coach\/5-890\/\" data-orig-file=\"https:\/\/i0.wp.com\/agrund.com\/wp-content\/uploads\/sites\/6\/2017\/10\/5-16-e1508500066304.jpg?fit=600%2C424&amp;ssl=1\" data-orig-size=\"600,424\" data-comments-opened=\"1\" data-image-meta=\"{&quot;aperture&quot;:&quot;0&quot;,&quot;credit&quot;:&quot;&quot;,&quot;camera&quot;:&quot;&quot;,&quot;caption&quot;:&quot;&quot;,&quot;created_timestamp&quot;:&quot;0&quot;,&quot;copyright&quot;:&quot;&quot;,&quot;focal_length&quot;:&quot;0&quot;,&quot;iso&quot;:&quot;0&quot;,&quot;shutter_speed&quot;:&quot;0&quot;,&quot;title&quot;:&quot;&quot;,&quot;orientation&quot;:&quot;0&quot;}\" data-image-title=\"Selena Gomez estrela campanha de final de ano da Coach\" data-image-description=\"\" data-image-caption=\"&lt;p&gt;Selena Gomez estrela campanha de final de ano da Coach&lt;\/p&gt;\n\" data-medium-file=\"https:\/\/i0.wp.com\/agrund.com\/wp-content\/uploads\/sites\/6\/2017\/10\/5-16-e1508500066304.jpg?fit=300%2C212&amp;ssl=1\" data-large-file=\"https:\/\/i0.wp.com\/agrund.com\/wp-content\/uploads\/sites\/6\/2017\/10\/5-16-e1508500066304.jpg?fit=600%2C424&amp;ssl=1\" decoding=\"async\" loading=\"lazy\" class=\"size-full wp-image-174836\" src=\"https:\/\/i0.wp.com\/www.agrund.com\/wp-content\/uploads\/sites\/6\/2017\/10\/5-16-e1508500066304.jpg?resize=600%2C424\" alt=\"\" width=\"600\" height=\"424\" data-recalc-dims=\"1\" \/><p id=\"caption-attachment-174836\" class=\"wp-caption-text\">Selena Gomez estrela campanha de final de ano da Coach<\/p><\/div>\n<p>Fotos: Reprodu\u00e7\u00e3o\/ WWD.<\/p>\n","protected":false},"excerpt":{"rendered":"<p>Depois de assinar uma cole\u00e7\u00e3o para a Coach (reveja AQUI), Selena volta \u00e0 marca para estrelar a campanha de final de ano. Com cliques \u00e0 noite e dentro de um carro, Selena aparece pronta para uma festa. Com vestido de renda, jaqueta de couro, casaco de pelo, bolsa Dinky e joias da marca, a cantora [&hellip;]<\/p>\n","protected":false},"author":8,"featured_media":174837,"comment_status":"open","ping_status":"open","sticky":false,"template":"","format":"standard","meta":{"jetpack_post_was_ever_published":false,"_jetpack_newsletter_access":"","jetpack_publicize_message":"","jetpack_is_tweetstorm":false,"jetpack_publicize_feature_enabled":true,"jetpack_social_post_already_shared":true,"jetpack_social_options":{"image_generator_settings":{"template":"highway","enabled":false}}},"categories":[2],"tags":[],"jetpack_publicize_connections":[],"jetpack_featured_media_url":"https:\/\/i0.wp.com\/agrund.com\/wp-content\/uploads\/sites\/6\/2017\/10\/s-84.jpg?fit=960%2C300&ssl=1","jetpack_sharing_enabled":true,"jetpack_shortlink":"https:\/\/wp.me\/p3Hz0n-JtR","jetpack_likes_enabled":true,"_links":{"self":[{"href":"https:\/\/agrund.com\/index.php\/wp-json\/wp\/v2\/posts\/174831"}],"collection":[{"href":"https:\/\/agrund.com\/index.php\/wp-json\/wp\/v2\/posts"}],"about":[{"href":"https:\/\/agrund.com\/index.php\/wp-json\/wp\/v2\/types\/post"}],"author":[{"embeddable":true,"href":"https:\/\/agrund.com\/index.php\/wp-json\/wp\/v2\/users\/8"}],"replies":[{"embeddable":true,"href":"https:\/\/agrund.com\/index.php\/wp-json\/wp\/v2\/comments?post=174831"}],"version-history":[{"count":0,"href":"https:\/\/agrund.com\/index.php\/wp-json\/wp\/v2\/posts\/174831\/revisions"}],"wp:featuredmedia":[{"embeddable":true,"href":"https:\/\/agrund.com\/index.php\/wp-json\/wp\/v2\/media\/174837"}],"wp:attachment":[{"href":"https:\/\/agrund.com\/index.php\/wp-json\/wp\/v2\/media?parent=174831"}],"wp:term":[{"taxonomy":"category","embeddable":true,"href":"https:\/\/agrund.com\/index.php\/wp-json\/wp\/v2\/categories?post=174831"},{"taxonomy":"post_tag","embeddable":true,"href":"https:\/\/agrund.com\/index.php\/wp-json\/wp\/v2\/tags?post=174831"}],"curies":[{"name":"wp","href":"https:\/\/api.w.org\/{rel}","templated":true}]}}