{"id":174822,"date":"2017-10-20T11:00:40","date_gmt":"2017-10-20T13:00:40","guid":{"rendered":"http:\/\/www.agrund.com\/?p=174822"},"modified":"2017-10-20T09:39:30","modified_gmt":"2017-10-20T11:39:30","slug":"kim-kardashian-estrela-editorial-de-beleza","status":"publish","type":"post","link":"https:\/\/agrund.com\/index.php\/kim-kardashian-estrela-editorial-de-beleza\/","title":{"rendered":"Kim Kardashian estrela editorial de beleza"},"content":{"rendered":"<p>A \u2018Vogue Beleza\u2019 mexicana convocou Kim Kardashian para estrelar a capa e o recheio de sua edi\u00e7\u00e3o novembro 2017. Com a chamada \u2018O rosto por tr\u00e1s dos 103 milhares de seguidores\u2019, fazendo refer\u00eancia ao Instagram de Kim, a revista traz fotos que exaltam sua beleza.<\/p>\n<p>Esque\u00e7a os looks incr\u00edveis, desta vez eles s\u00e3o coadjuvantes. As imagens em close mostram bem as makes queridinhas da Kardashian e copiadas por muitas mulheres. Destaque tamb\u00e9m para as joias bel\u00edssimas de designers como Cartier, Johanna Ortiz e Michael Costello.<\/p>\n<p>A fotografia \u00e9 de Guy Aroch e voc\u00ea confere na galeria abaixo:<\/p>\n<div id=\"attachment_174828\" style=\"width: 610px\" class=\"wp-caption aligncenter\"><img aria-describedby=\"caption-attachment-174828\" data-attachment-id=\"174828\" data-permalink=\"https:\/\/agrund.com\/index.php\/kim-kardashian-estrela-editorial-de-beleza\/kim-kardashian-beauty01\/\" data-orig-file=\"https:\/\/i0.wp.com\/agrund.com\/wp-content\/uploads\/sites\/6\/2017\/10\/Kim-Kardashian-Beauty01-e1508499492206.jpg?fit=600%2C779&amp;ssl=1\" data-orig-size=\"600,779\" data-comments-opened=\"1\" data-image-meta=\"{&quot;aperture&quot;:&quot;0&quot;,&quot;credit&quot;:&quot;&quot;,&quot;camera&quot;:&quot;&quot;,&quot;caption&quot;:&quot;&quot;,&quot;created_timestamp&quot;:&quot;0&quot;,&quot;copyright&quot;:&quot;&quot;,&quot;focal_length&quot;:&quot;0&quot;,&quot;iso&quot;:&quot;0&quot;,&quot;shutter_speed&quot;:&quot;0&quot;,&quot;title&quot;:&quot;&quot;,&quot;orientation&quot;:&quot;1&quot;}\" data-image-title=\"Kim Kardashian estrela editorial de beleza\" data-image-description=\"\" data-image-caption=\"&lt;p&gt;Kim Kardashian estrela editorial de beleza&lt;\/p&gt;\n\" data-medium-file=\"https:\/\/i0.wp.com\/agrund.com\/wp-content\/uploads\/sites\/6\/2017\/10\/Kim-Kardashian-Beauty01-e1508499492206.jpg?fit=231%2C300&amp;ssl=1\" data-large-file=\"https:\/\/i0.wp.com\/agrund.com\/wp-content\/uploads\/sites\/6\/2017\/10\/Kim-Kardashian-Beauty01-e1508499492206.jpg?fit=789%2C1024&amp;ssl=1\" decoding=\"async\" loading=\"lazy\" class=\"size-full wp-image-174828\" src=\"https:\/\/i0.wp.com\/www.agrund.com\/wp-content\/uploads\/sites\/6\/2017\/10\/Kim-Kardashian-Beauty01-e1508499492206.jpg?resize=600%2C779\" alt=\"\" width=\"600\" height=\"779\" data-recalc-dims=\"1\" \/><p id=\"caption-attachment-174828\" class=\"wp-caption-text\">Kim Kardashian estrela editorial de beleza<\/p><\/div>\n<div id=\"attachment_174827\" style=\"width: 610px\" class=\"wp-caption aligncenter\"><img aria-describedby=\"caption-attachment-174827\" data-attachment-id=\"174827\" data-permalink=\"https:\/\/agrund.com\/index.php\/kim-kardashian-estrela-editorial-de-beleza\/kim-kardashian-beauty-photoshoot05\/\" data-orig-file=\"https:\/\/i0.wp.com\/agrund.com\/wp-content\/uploads\/sites\/6\/2017\/10\/Kim-Kardashian-Beauty-Photoshoot05-e1508499502146.jpg?fit=600%2C779&amp;ssl=1\" data-orig-size=\"600,779\" data-comments-opened=\"1\" data-image-meta=\"{&quot;aperture&quot;:&quot;0&quot;,&quot;credit&quot;:&quot;&quot;,&quot;camera&quot;:&quot;&quot;,&quot;caption&quot;:&quot;&quot;,&quot;created_timestamp&quot;:&quot;0&quot;,&quot;copyright&quot;:&quot;&quot;,&quot;focal_length&quot;:&quot;0&quot;,&quot;iso&quot;:&quot;0&quot;,&quot;shutter_speed&quot;:&quot;0&quot;,&quot;title&quot;:&quot;&quot;,&quot;orientation&quot;:&quot;1&quot;}\" data-image-title=\"Kim Kardashian estrela editorial de beleza\" data-image-description=\"\" data-image-caption=\"&lt;p&gt;Kim Kardashian estrela editorial de beleza&lt;\/p&gt;\n\" data-medium-file=\"https:\/\/i0.wp.com\/agrund.com\/wp-content\/uploads\/sites\/6\/2017\/10\/Kim-Kardashian-Beauty-Photoshoot05-e1508499502146.jpg?fit=231%2C300&amp;ssl=1\" data-large-file=\"https:\/\/i0.wp.com\/agrund.com\/wp-content\/uploads\/sites\/6\/2017\/10\/Kim-Kardashian-Beauty-Photoshoot05-e1508499502146.jpg?fit=788%2C1024&amp;ssl=1\" decoding=\"async\" loading=\"lazy\" class=\"size-full wp-image-174827\" src=\"https:\/\/i0.wp.com\/www.agrund.com\/wp-content\/uploads\/sites\/6\/2017\/10\/Kim-Kardashian-Beauty-Photoshoot05-e1508499502146.jpg?resize=600%2C779\" alt=\"\" width=\"600\" height=\"779\" data-recalc-dims=\"1\" \/><p id=\"caption-attachment-174827\" class=\"wp-caption-text\">Kim Kardashian estrela editorial de beleza<\/p><\/div>\n<div id=\"attachment_174826\" style=\"width: 610px\" class=\"wp-caption aligncenter\"><img aria-describedby=\"caption-attachment-174826\" data-attachment-id=\"174826\" data-permalink=\"https:\/\/agrund.com\/index.php\/kim-kardashian-estrela-editorial-de-beleza\/kim-kardashian-beauty-photoshoot04\/\" data-orig-file=\"https:\/\/i0.wp.com\/agrund.com\/wp-content\/uploads\/sites\/6\/2017\/10\/Kim-Kardashian-Beauty-Photoshoot04-e1508499514576.jpg?fit=600%2C412&amp;ssl=1\" data-orig-size=\"600,412\" data-comments-opened=\"1\" data-image-meta=\"{&quot;aperture&quot;:&quot;0&quot;,&quot;credit&quot;:&quot;&quot;,&quot;camera&quot;:&quot;&quot;,&quot;caption&quot;:&quot;&quot;,&quot;created_timestamp&quot;:&quot;0&quot;,&quot;copyright&quot;:&quot;&quot;,&quot;focal_length&quot;:&quot;0&quot;,&quot;iso&quot;:&quot;0&quot;,&quot;shutter_speed&quot;:&quot;0&quot;,&quot;title&quot;:&quot;&quot;,&quot;orientation&quot;:&quot;1&quot;}\" data-image-title=\"Kim Kardashian estrela editorial de beleza\" data-image-description=\"\" data-image-caption=\"&lt;p&gt;Kim Kardashian estrela editorial de beleza&lt;\/p&gt;\n\" data-medium-file=\"https:\/\/i0.wp.com\/agrund.com\/wp-content\/uploads\/sites\/6\/2017\/10\/Kim-Kardashian-Beauty-Photoshoot04-e1508499514576.jpg?fit=300%2C206&amp;ssl=1\" data-large-file=\"https:\/\/i0.wp.com\/agrund.com\/wp-content\/uploads\/sites\/6\/2017\/10\/Kim-Kardashian-Beauty-Photoshoot04-e1508499514576.jpg?fit=600%2C412&amp;ssl=1\" decoding=\"async\" loading=\"lazy\" class=\"size-full wp-image-174826\" src=\"https:\/\/i0.wp.com\/www.agrund.com\/wp-content\/uploads\/sites\/6\/2017\/10\/Kim-Kardashian-Beauty-Photoshoot04-e1508499514576.jpg?resize=600%2C412\" alt=\"\" width=\"600\" height=\"412\" data-recalc-dims=\"1\" \/><p id=\"caption-attachment-174826\" class=\"wp-caption-text\">Kim Kardashian estrela editorial de beleza<\/p><\/div>\n<div id=\"attachment_174825\" style=\"width: 610px\" class=\"wp-caption aligncenter\"><img aria-describedby=\"caption-attachment-174825\" data-attachment-id=\"174825\" data-permalink=\"https:\/\/agrund.com\/index.php\/kim-kardashian-estrela-editorial-de-beleza\/kim-kardashian-beauty-photoshoot03\/\" data-orig-file=\"https:\/\/i0.wp.com\/agrund.com\/wp-content\/uploads\/sites\/6\/2017\/10\/Kim-Kardashian-Beauty-Photoshoot03-e1508499525968.jpg?fit=600%2C443&amp;ssl=1\" data-orig-size=\"600,443\" data-comments-opened=\"1\" data-image-meta=\"{&quot;aperture&quot;:&quot;0&quot;,&quot;credit&quot;:&quot;&quot;,&quot;camera&quot;:&quot;&quot;,&quot;caption&quot;:&quot;&quot;,&quot;created_timestamp&quot;:&quot;0&quot;,&quot;copyright&quot;:&quot;&quot;,&quot;focal_length&quot;:&quot;0&quot;,&quot;iso&quot;:&quot;0&quot;,&quot;shutter_speed&quot;:&quot;0&quot;,&quot;title&quot;:&quot;&quot;,&quot;orientation&quot;:&quot;1&quot;}\" data-image-title=\"Kim Kardashian estrela editorial de beleza\" data-image-description=\"\" data-image-caption=\"&lt;p&gt;Kim Kardashian estrela editorial de beleza&lt;\/p&gt;\n\" data-medium-file=\"https:\/\/i0.wp.com\/agrund.com\/wp-content\/uploads\/sites\/6\/2017\/10\/Kim-Kardashian-Beauty-Photoshoot03-e1508499525968.jpg?fit=300%2C222&amp;ssl=1\" data-large-file=\"https:\/\/i0.wp.com\/agrund.com\/wp-content\/uploads\/sites\/6\/2017\/10\/Kim-Kardashian-Beauty-Photoshoot03-e1508499525968.jpg?fit=600%2C443&amp;ssl=1\" decoding=\"async\" loading=\"lazy\" class=\"size-full wp-image-174825\" src=\"https:\/\/i0.wp.com\/www.agrund.com\/wp-content\/uploads\/sites\/6\/2017\/10\/Kim-Kardashian-Beauty-Photoshoot03-e1508499525968.jpg?resize=600%2C443\" alt=\"\" width=\"600\" height=\"443\" data-recalc-dims=\"1\" \/><p id=\"caption-attachment-174825\" class=\"wp-caption-text\">Kim Kardashian estrela editorial de beleza<\/p><\/div>\n<div id=\"attachment_174824\" style=\"width: 610px\" class=\"wp-caption aligncenter\"><img aria-describedby=\"caption-attachment-174824\" data-attachment-id=\"174824\" data-permalink=\"https:\/\/agrund.com\/index.php\/kim-kardashian-estrela-editorial-de-beleza\/kim-kardashian-beauty-photoshoot02\/\" data-orig-file=\"https:\/\/i0.wp.com\/agrund.com\/wp-content\/uploads\/sites\/6\/2017\/10\/Kim-Kardashian-Beauty-Photoshoot02-e1508499535826.jpg?fit=600%2C779&amp;ssl=1\" data-orig-size=\"600,779\" data-comments-opened=\"1\" data-image-meta=\"{&quot;aperture&quot;:&quot;0&quot;,&quot;credit&quot;:&quot;&quot;,&quot;camera&quot;:&quot;&quot;,&quot;caption&quot;:&quot;&quot;,&quot;created_timestamp&quot;:&quot;0&quot;,&quot;copyright&quot;:&quot;&quot;,&quot;focal_length&quot;:&quot;0&quot;,&quot;iso&quot;:&quot;0&quot;,&quot;shutter_speed&quot;:&quot;0&quot;,&quot;title&quot;:&quot;&quot;,&quot;orientation&quot;:&quot;1&quot;}\" data-image-title=\"Kim Kardashian estrela editorial de beleza\" data-image-description=\"\" data-image-caption=\"&lt;p&gt;Kim Kardashian estrela editorial de beleza&lt;\/p&gt;\n\" data-medium-file=\"https:\/\/i0.wp.com\/agrund.com\/wp-content\/uploads\/sites\/6\/2017\/10\/Kim-Kardashian-Beauty-Photoshoot02-e1508499535826.jpg?fit=231%2C300&amp;ssl=1\" data-large-file=\"https:\/\/i0.wp.com\/agrund.com\/wp-content\/uploads\/sites\/6\/2017\/10\/Kim-Kardashian-Beauty-Photoshoot02-e1508499535826.jpg?fit=788%2C1024&amp;ssl=1\" decoding=\"async\" loading=\"lazy\" class=\"size-full wp-image-174824\" src=\"https:\/\/i0.wp.com\/www.agrund.com\/wp-content\/uploads\/sites\/6\/2017\/10\/Kim-Kardashian-Beauty-Photoshoot02-e1508499535826.jpg?resize=600%2C779\" alt=\"\" width=\"600\" height=\"779\" data-recalc-dims=\"1\" \/><p id=\"caption-attachment-174824\" class=\"wp-caption-text\">Kim Kardashian estrela editorial de beleza<\/p><\/div>\n<div id=\"attachment_174823\" style=\"width: 610px\" class=\"wp-caption aligncenter\"><img aria-describedby=\"caption-attachment-174823\" data-attachment-id=\"174823\" data-permalink=\"https:\/\/agrund.com\/index.php\/kim-kardashian-estrela-editorial-de-beleza\/kim-kardashian-beauty-photoshoot01\/\" data-orig-file=\"https:\/\/i0.wp.com\/agrund.com\/wp-content\/uploads\/sites\/6\/2017\/10\/Kim-Kardashian-Beauty-Photoshoot01-e1508499550927.jpg?fit=600%2C779&amp;ssl=1\" data-orig-size=\"600,779\" data-comments-opened=\"1\" data-image-meta=\"{&quot;aperture&quot;:&quot;0&quot;,&quot;credit&quot;:&quot;&quot;,&quot;camera&quot;:&quot;&quot;,&quot;caption&quot;:&quot;&quot;,&quot;created_timestamp&quot;:&quot;0&quot;,&quot;copyright&quot;:&quot;&quot;,&quot;focal_length&quot;:&quot;0&quot;,&quot;iso&quot;:&quot;0&quot;,&quot;shutter_speed&quot;:&quot;0&quot;,&quot;title&quot;:&quot;&quot;,&quot;orientation&quot;:&quot;1&quot;}\" data-image-title=\"Kim Kardashian estrela editorial de beleza\" data-image-description=\"\" data-image-caption=\"&lt;p&gt;Kim Kardashian estrela editorial de beleza&lt;\/p&gt;\n\" data-medium-file=\"https:\/\/i0.wp.com\/agrund.com\/wp-content\/uploads\/sites\/6\/2017\/10\/Kim-Kardashian-Beauty-Photoshoot01-e1508499550927.jpg?fit=231%2C300&amp;ssl=1\" data-large-file=\"https:\/\/i0.wp.com\/agrund.com\/wp-content\/uploads\/sites\/6\/2017\/10\/Kim-Kardashian-Beauty-Photoshoot01-e1508499550927.jpg?fit=788%2C1024&amp;ssl=1\" decoding=\"async\" loading=\"lazy\" class=\"size-full wp-image-174823\" src=\"https:\/\/i0.wp.com\/www.agrund.com\/wp-content\/uploads\/sites\/6\/2017\/10\/Kim-Kardashian-Beauty-Photoshoot01-e1508499550927.jpg?resize=600%2C779\" alt=\"\" width=\"600\" height=\"779\" data-recalc-dims=\"1\" \/><p id=\"caption-attachment-174823\" class=\"wp-caption-text\">Kim Kardashian estrela editorial de beleza<\/p><\/div>\n<p>Fotos: Reprodu\u00e7\u00e3o.<\/p>\n","protected":false},"excerpt":{"rendered":"<p>A \u2018Vogue Beleza\u2019 mexicana convocou Kim Kardashian para estrelar a capa e o recheio de sua edi\u00e7\u00e3o novembro 2017. Com a chamada \u2018O rosto por tr\u00e1s dos 103 milhares de seguidores\u2019, fazendo refer\u00eancia ao Instagram de Kim, a revista traz fotos que exaltam sua beleza. Esque\u00e7a os looks incr\u00edveis, desta vez eles s\u00e3o coadjuvantes. As [&hellip;]<\/p>\n","protected":false},"author":8,"featured_media":174829,"comment_status":"open","ping_status":"open","sticky":false,"template":"","format":"standard","meta":{"jetpack_post_was_ever_published":false,"_jetpack_newsletter_access":"","jetpack_publicize_message":"","jetpack_is_tweetstorm":false,"jetpack_publicize_feature_enabled":true,"jetpack_social_post_already_shared":true,"jetpack_social_options":{"image_generator_settings":{"template":"highway","enabled":false}}},"categories":[2],"tags":[],"jetpack_publicize_connections":[],"jetpack_featured_media_url":"https:\/\/i0.wp.com\/agrund.com\/wp-content\/uploads\/sites\/6\/2017\/10\/s-83.jpg?fit=960%2C300&ssl=1","jetpack_sharing_enabled":true,"jetpack_shortlink":"https:\/\/wp.me\/p3Hz0n-JtI","jetpack_likes_enabled":true,"_links":{"self":[{"href":"https:\/\/agrund.com\/index.php\/wp-json\/wp\/v2\/posts\/174822"}],"collection":[{"href":"https:\/\/agrund.com\/index.php\/wp-json\/wp\/v2\/posts"}],"about":[{"href":"https:\/\/agrund.com\/index.php\/wp-json\/wp\/v2\/types\/post"}],"author":[{"embeddable":true,"href":"https:\/\/agrund.com\/index.php\/wp-json\/wp\/v2\/users\/8"}],"replies":[{"embeddable":true,"href":"https:\/\/agrund.com\/index.php\/wp-json\/wp\/v2\/comments?post=174822"}],"version-history":[{"count":0,"href":"https:\/\/agrund.com\/index.php\/wp-json\/wp\/v2\/posts\/174822\/revisions"}],"wp:featuredmedia":[{"embeddable":true,"href":"https:\/\/agrund.com\/index.php\/wp-json\/wp\/v2\/media\/174829"}],"wp:attachment":[{"href":"https:\/\/agrund.com\/index.php\/wp-json\/wp\/v2\/media?parent=174822"}],"wp:term":[{"taxonomy":"category","embeddable":true,"href":"https:\/\/agrund.com\/index.php\/wp-json\/wp\/v2\/categories?post=174822"},{"taxonomy":"post_tag","embeddable":true,"href":"https:\/\/agrund.com\/index.php\/wp-json\/wp\/v2\/tags?post=174822"}],"curies":[{"name":"wp","href":"https:\/\/api.w.org\/{rel}","templated":true}]}}