{"id":174817,"date":"2017-10-20T10:00:59","date_gmt":"2017-10-20T12:00:59","guid":{"rendered":"http:\/\/www.agrund.com\/?p=174817"},"modified":"2017-10-20T09:35:24","modified_gmt":"2017-10-20T11:35:24","slug":"kat-von-d-e-green-day-anunciam-parceria","status":"publish","type":"post","link":"https:\/\/agrund.com\/index.php\/kat-von-d-e-green-day-anunciam-parceria\/","title":{"rendered":"Kat Von D. e Green Day anunciam parceria"},"content":{"rendered":"<p>Parceria inusitada para os f\u00e3s de maquiagem e de Green Day. Sim, Billie Joe Armstrong, vocalista e guitarrista da banda, se uniu a Kat Von D para uma parceria.<\/p>\n<p>Ao que tudo indica, eles ir\u00e3o lan\u00e7ar um delineador l\u00edquido preto, que dar\u00e1 a chance de todo mundo conseguir fazer o mesmo visual que Billie usa. Como j\u00e1 sabemos, os produtos da marca Kat Von D. s\u00e3o sempre incr\u00edveis, ent\u00e3o vamos aguardar por mais este.<\/p>\n<div id=\"attachment_174819\" style=\"width: 600px\" class=\"wp-caption aligncenter\"><img aria-describedby=\"caption-attachment-174819\" data-attachment-id=\"174819\" data-permalink=\"https:\/\/agrund.com\/index.php\/kat-von-d-e-green-day-anunciam-parceria\/2-1081\/\" data-orig-file=\"https:\/\/i0.wp.com\/agrund.com\/wp-content\/uploads\/sites\/6\/2017\/10\/2-19.jpg?fit=590%2C586&amp;ssl=1\" data-orig-size=\"590,586\" data-comments-opened=\"1\" data-image-meta=\"{&quot;aperture&quot;:&quot;0&quot;,&quot;credit&quot;:&quot;&quot;,&quot;camera&quot;:&quot;&quot;,&quot;caption&quot;:&quot;&quot;,&quot;created_timestamp&quot;:&quot;0&quot;,&quot;copyright&quot;:&quot;&quot;,&quot;focal_length&quot;:&quot;0&quot;,&quot;iso&quot;:&quot;0&quot;,&quot;shutter_speed&quot;:&quot;0&quot;,&quot;title&quot;:&quot;&quot;,&quot;orientation&quot;:&quot;1&quot;}\" data-image-title=\"Kat Von D. e Green Day anunciam parceria\" data-image-description=\"\" data-image-caption=\"&lt;p&gt;Kat Von D. e Green Day anunciam parceria&lt;\/p&gt;\n\" data-medium-file=\"https:\/\/i0.wp.com\/agrund.com\/wp-content\/uploads\/sites\/6\/2017\/10\/2-19.jpg?fit=300%2C298&amp;ssl=1\" data-large-file=\"https:\/\/i0.wp.com\/agrund.com\/wp-content\/uploads\/sites\/6\/2017\/10\/2-19.jpg?fit=590%2C586&amp;ssl=1\" decoding=\"async\" loading=\"lazy\" class=\"size-full wp-image-174819\" src=\"https:\/\/i0.wp.com\/www.agrund.com\/wp-content\/uploads\/sites\/6\/2017\/10\/2-19.jpg?resize=590%2C586\" alt=\"\" width=\"590\" height=\"586\" srcset=\"https:\/\/i0.wp.com\/agrund.com\/wp-content\/uploads\/sites\/6\/2017\/10\/2-19.jpg?w=590&amp;ssl=1 590w, https:\/\/i0.wp.com\/agrund.com\/wp-content\/uploads\/sites\/6\/2017\/10\/2-19.jpg?resize=150%2C150&amp;ssl=1 150w, https:\/\/i0.wp.com\/agrund.com\/wp-content\/uploads\/sites\/6\/2017\/10\/2-19.jpg?resize=300%2C298&amp;ssl=1 300w\" sizes=\"(max-width: 590px) 100vw, 590px\" data-recalc-dims=\"1\" \/><p id=\"caption-attachment-174819\" class=\"wp-caption-text\">Kat Von D. e Green Day anunciam parceria<\/p><\/div>\n<div id=\"attachment_174818\" style=\"width: 600px\" class=\"wp-caption aligncenter\"><img aria-describedby=\"caption-attachment-174818\" data-attachment-id=\"174818\" data-permalink=\"https:\/\/agrund.com\/index.php\/kat-von-d-e-green-day-anunciam-parceria\/1-1125\/\" data-orig-file=\"https:\/\/i0.wp.com\/agrund.com\/wp-content\/uploads\/sites\/6\/2017\/10\/1-20.jpg?fit=590%2C591&amp;ssl=1\" data-orig-size=\"590,591\" data-comments-opened=\"1\" data-image-meta=\"{&quot;aperture&quot;:&quot;0&quot;,&quot;credit&quot;:&quot;&quot;,&quot;camera&quot;:&quot;&quot;,&quot;caption&quot;:&quot;&quot;,&quot;created_timestamp&quot;:&quot;0&quot;,&quot;copyright&quot;:&quot;&quot;,&quot;focal_length&quot;:&quot;0&quot;,&quot;iso&quot;:&quot;0&quot;,&quot;shutter_speed&quot;:&quot;0&quot;,&quot;title&quot;:&quot;&quot;,&quot;orientation&quot;:&quot;1&quot;}\" data-image-title=\"Kat Von D. e Green Day anunciam parceria\" data-image-description=\"\" data-image-caption=\"&lt;p&gt;Kat Von D. e Green Day anunciam parceria&lt;\/p&gt;\n\" data-medium-file=\"https:\/\/i0.wp.com\/agrund.com\/wp-content\/uploads\/sites\/6\/2017\/10\/1-20.jpg?fit=300%2C300&amp;ssl=1\" data-large-file=\"https:\/\/i0.wp.com\/agrund.com\/wp-content\/uploads\/sites\/6\/2017\/10\/1-20.jpg?fit=590%2C591&amp;ssl=1\" decoding=\"async\" loading=\"lazy\" class=\"size-full wp-image-174818\" src=\"https:\/\/i0.wp.com\/www.agrund.com\/wp-content\/uploads\/sites\/6\/2017\/10\/1-20.jpg?resize=590%2C591\" alt=\"\" width=\"590\" height=\"591\" srcset=\"https:\/\/i0.wp.com\/agrund.com\/wp-content\/uploads\/sites\/6\/2017\/10\/1-20.jpg?w=590&amp;ssl=1 590w, https:\/\/i0.wp.com\/agrund.com\/wp-content\/uploads\/sites\/6\/2017\/10\/1-20.jpg?resize=150%2C150&amp;ssl=1 150w, https:\/\/i0.wp.com\/agrund.com\/wp-content\/uploads\/sites\/6\/2017\/10\/1-20.jpg?resize=300%2C300&amp;ssl=1 300w\" sizes=\"(max-width: 590px) 100vw, 590px\" data-recalc-dims=\"1\" \/><p id=\"caption-attachment-174818\" class=\"wp-caption-text\">Kat Von D. e Green Day anunciam parceria<\/p><\/div>\n<p>Fotos: Reprodu\u00e7\u00e3o.<\/p>\n","protected":false},"excerpt":{"rendered":"<p>Parceria inusitada para os f\u00e3s de maquiagem e de Green Day. Sim, Billie Joe Armstrong, vocalista e guitarrista da banda, se uniu a Kat Von D para uma parceria. Ao que tudo indica, eles ir\u00e3o lan\u00e7ar um delineador l\u00edquido preto, que dar\u00e1 a chance de todo mundo conseguir fazer o mesmo visual que Billie usa. [&hellip;]<\/p>\n","protected":false},"author":8,"featured_media":174820,"comment_status":"open","ping_status":"open","sticky":false,"template":"","format":"standard","meta":{"jetpack_post_was_ever_published":false,"_jetpack_newsletter_access":"","jetpack_publicize_message":"","jetpack_is_tweetstorm":false,"jetpack_publicize_feature_enabled":true,"jetpack_social_post_already_shared":true,"jetpack_social_options":{"image_generator_settings":{"template":"highway","enabled":false}}},"categories":[2],"tags":[],"jetpack_publicize_connections":[],"jetpack_featured_media_url":"https:\/\/i0.wp.com\/agrund.com\/wp-content\/uploads\/sites\/6\/2017\/10\/s-82.jpg?fit=960%2C300&ssl=1","jetpack_sharing_enabled":true,"jetpack_shortlink":"https:\/\/wp.me\/p3Hz0n-JtD","jetpack_likes_enabled":true,"_links":{"self":[{"href":"https:\/\/agrund.com\/index.php\/wp-json\/wp\/v2\/posts\/174817"}],"collection":[{"href":"https:\/\/agrund.com\/index.php\/wp-json\/wp\/v2\/posts"}],"about":[{"href":"https:\/\/agrund.com\/index.php\/wp-json\/wp\/v2\/types\/post"}],"author":[{"embeddable":true,"href":"https:\/\/agrund.com\/index.php\/wp-json\/wp\/v2\/users\/8"}],"replies":[{"embeddable":true,"href":"https:\/\/agrund.com\/index.php\/wp-json\/wp\/v2\/comments?post=174817"}],"version-history":[{"count":0,"href":"https:\/\/agrund.com\/index.php\/wp-json\/wp\/v2\/posts\/174817\/revisions"}],"wp:featuredmedia":[{"embeddable":true,"href":"https:\/\/agrund.com\/index.php\/wp-json\/wp\/v2\/media\/174820"}],"wp:attachment":[{"href":"https:\/\/agrund.com\/index.php\/wp-json\/wp\/v2\/media?parent=174817"}],"wp:term":[{"taxonomy":"category","embeddable":true,"href":"https:\/\/agrund.com\/index.php\/wp-json\/wp\/v2\/categories?post=174817"},{"taxonomy":"post_tag","embeddable":true,"href":"https:\/\/agrund.com\/index.php\/wp-json\/wp\/v2\/tags?post=174817"}],"curies":[{"name":"wp","href":"https:\/\/api.w.org\/{rel}","templated":true}]}}