{"id":174784,"date":"2017-10-19T11:00:49","date_gmt":"2017-10-19T13:00:49","guid":{"rendered":"http:\/\/www.agrund.com\/?p=174784"},"modified":"2017-10-19T09:36:38","modified_gmt":"2017-10-19T11:36:38","slug":"o-lado-fashion-do-the-chainsmokers","status":"publish","type":"post","link":"https:\/\/agrund.com\/index.php\/o-lado-fashion-do-the-chainsmokers\/","title":{"rendered":"O lado fashion do The Chainsmokers"},"content":{"rendered":"<p>Depois de estrelar a campanha da Tommy Hilfiger (reveja AQUI), os The Chainsmokers foram a capa da \u2018Esquire\u2019 Am\u00e9rica Latina. Desta vez o duo formado por Alex Pall e Drew Taggart mergulhou ainda mais no mundo fashion e veste apenas looks das cole\u00e7\u00f5es outono\/inverno de grandes marcas como Coach, AllSaints e Tommy Hilfiger, claro.<\/p>\n<p>Durante a entrevista para a publica\u00e7\u00e3o eles revelaram como foi trabalhar com Tommy.<\/p>\n<p>\u201cFoi a primeira entrada nossa no mundo fashion. Cinco anos atr\u00e1s n\u00f3s nunca imaginar\u00edamos estar aqui conversando com voc\u00ea, sentado ao lado de uma lenda como Tommy Hilfiger\u201d.<\/p>\n<div id=\"attachment_174786\" style=\"width: 610px\" class=\"wp-caption aligncenter\"><img aria-describedby=\"caption-attachment-174786\" data-attachment-id=\"174786\" data-permalink=\"https:\/\/agrund.com\/index.php\/o-lado-fashion-do-the-chainsmokers\/the-chainsmokers-2017-esquire-latin-american-photo-shoot-001\/\" data-orig-file=\"https:\/\/i0.wp.com\/agrund.com\/wp-content\/uploads\/sites\/6\/2017\/10\/The-Chainsmokers-2017-Esquire-Latin-American-Photo-Shoot-001.jpg?fit=600%2C858&amp;ssl=1\" data-orig-size=\"600,858\" data-comments-opened=\"1\" data-image-meta=\"{&quot;aperture&quot;:&quot;0&quot;,&quot;credit&quot;:&quot;&quot;,&quot;camera&quot;:&quot;&quot;,&quot;caption&quot;:&quot;&quot;,&quot;created_timestamp&quot;:&quot;0&quot;,&quot;copyright&quot;:&quot;&quot;,&quot;focal_length&quot;:&quot;0&quot;,&quot;iso&quot;:&quot;0&quot;,&quot;shutter_speed&quot;:&quot;0&quot;,&quot;title&quot;:&quot;&quot;,&quot;orientation&quot;:&quot;1&quot;}\" data-image-title=\"O lado fashion do The Chainsmokers\" data-image-description=\"\" data-image-caption=\"&lt;p&gt;O lado fashion do The Chainsmokers&lt;\/p&gt;\n\" data-medium-file=\"https:\/\/i0.wp.com\/agrund.com\/wp-content\/uploads\/sites\/6\/2017\/10\/The-Chainsmokers-2017-Esquire-Latin-American-Photo-Shoot-001.jpg?fit=210%2C300&amp;ssl=1\" data-large-file=\"https:\/\/i0.wp.com\/agrund.com\/wp-content\/uploads\/sites\/6\/2017\/10\/The-Chainsmokers-2017-Esquire-Latin-American-Photo-Shoot-001.jpg?fit=600%2C858&amp;ssl=1\" decoding=\"async\" loading=\"lazy\" class=\"size-full wp-image-174786\" src=\"https:\/\/i0.wp.com\/www.agrund.com\/wp-content\/uploads\/sites\/6\/2017\/10\/The-Chainsmokers-2017-Esquire-Latin-American-Photo-Shoot-001.jpg?resize=600%2C858\" alt=\"\" width=\"600\" height=\"858\" srcset=\"https:\/\/i0.wp.com\/agrund.com\/wp-content\/uploads\/sites\/6\/2017\/10\/The-Chainsmokers-2017-Esquire-Latin-American-Photo-Shoot-001.jpg?w=600&amp;ssl=1 600w, https:\/\/i0.wp.com\/agrund.com\/wp-content\/uploads\/sites\/6\/2017\/10\/The-Chainsmokers-2017-Esquire-Latin-American-Photo-Shoot-001.jpg?resize=210%2C300&amp;ssl=1 210w\" sizes=\"(max-width: 600px) 100vw, 600px\" data-recalc-dims=\"1\" \/><p id=\"caption-attachment-174786\" class=\"wp-caption-text\">O lado fashion do The Chainsmokers<\/p><\/div>\n<div id=\"attachment_174787\" style=\"width: 610px\" class=\"wp-caption aligncenter\"><img aria-describedby=\"caption-attachment-174787\" data-attachment-id=\"174787\" data-permalink=\"https:\/\/agrund.com\/index.php\/o-lado-fashion-do-the-chainsmokers\/the-chainsmokers-2017-esquire-latin-american-photo-shoot-002\/\" data-orig-file=\"https:\/\/i0.wp.com\/agrund.com\/wp-content\/uploads\/sites\/6\/2017\/10\/The-Chainsmokers-2017-Esquire-Latin-American-Photo-Shoot-002.jpg?fit=600%2C815&amp;ssl=1\" data-orig-size=\"600,815\" data-comments-opened=\"1\" data-image-meta=\"{&quot;aperture&quot;:&quot;0&quot;,&quot;credit&quot;:&quot;&quot;,&quot;camera&quot;:&quot;&quot;,&quot;caption&quot;:&quot;&quot;,&quot;created_timestamp&quot;:&quot;0&quot;,&quot;copyright&quot;:&quot;&quot;,&quot;focal_length&quot;:&quot;0&quot;,&quot;iso&quot;:&quot;0&quot;,&quot;shutter_speed&quot;:&quot;0&quot;,&quot;title&quot;:&quot;&quot;,&quot;orientation&quot;:&quot;1&quot;}\" data-image-title=\"O lado fashion do The Chainsmokers\" data-image-description=\"\" data-image-caption=\"&lt;p&gt;O lado fashion do The Chainsmokers&lt;\/p&gt;\n\" data-medium-file=\"https:\/\/i0.wp.com\/agrund.com\/wp-content\/uploads\/sites\/6\/2017\/10\/The-Chainsmokers-2017-Esquire-Latin-American-Photo-Shoot-002.jpg?fit=221%2C300&amp;ssl=1\" data-large-file=\"https:\/\/i0.wp.com\/agrund.com\/wp-content\/uploads\/sites\/6\/2017\/10\/The-Chainsmokers-2017-Esquire-Latin-American-Photo-Shoot-002.jpg?fit=600%2C815&amp;ssl=1\" decoding=\"async\" loading=\"lazy\" class=\"size-full wp-image-174787\" src=\"https:\/\/i0.wp.com\/www.agrund.com\/wp-content\/uploads\/sites\/6\/2017\/10\/The-Chainsmokers-2017-Esquire-Latin-American-Photo-Shoot-002.jpg?resize=600%2C815\" alt=\"\" width=\"600\" height=\"815\" srcset=\"https:\/\/i0.wp.com\/agrund.com\/wp-content\/uploads\/sites\/6\/2017\/10\/The-Chainsmokers-2017-Esquire-Latin-American-Photo-Shoot-002.jpg?w=600&amp;ssl=1 600w, https:\/\/i0.wp.com\/agrund.com\/wp-content\/uploads\/sites\/6\/2017\/10\/The-Chainsmokers-2017-Esquire-Latin-American-Photo-Shoot-002.jpg?resize=221%2C300&amp;ssl=1 221w\" sizes=\"(max-width: 600px) 100vw, 600px\" data-recalc-dims=\"1\" \/><p id=\"caption-attachment-174787\" class=\"wp-caption-text\">O lado fashion do The Chainsmokers<\/p><\/div>\n<div id=\"attachment_174788\" style=\"width: 610px\" class=\"wp-caption aligncenter\"><img aria-describedby=\"caption-attachment-174788\" data-attachment-id=\"174788\" data-permalink=\"https:\/\/agrund.com\/index.php\/o-lado-fashion-do-the-chainsmokers\/the-chainsmokers-2017-esquire-latin-american-photo-shoot-003\/\" data-orig-file=\"https:\/\/i0.wp.com\/agrund.com\/wp-content\/uploads\/sites\/6\/2017\/10\/The-Chainsmokers-2017-Esquire-Latin-American-Photo-Shoot-003.jpg?fit=600%2C812&amp;ssl=1\" data-orig-size=\"600,812\" data-comments-opened=\"1\" data-image-meta=\"{&quot;aperture&quot;:&quot;0&quot;,&quot;credit&quot;:&quot;&quot;,&quot;camera&quot;:&quot;&quot;,&quot;caption&quot;:&quot;&quot;,&quot;created_timestamp&quot;:&quot;0&quot;,&quot;copyright&quot;:&quot;&quot;,&quot;focal_length&quot;:&quot;0&quot;,&quot;iso&quot;:&quot;0&quot;,&quot;shutter_speed&quot;:&quot;0&quot;,&quot;title&quot;:&quot;&quot;,&quot;orientation&quot;:&quot;1&quot;}\" data-image-title=\"O lado fashion do The Chainsmokers\" data-image-description=\"\" data-image-caption=\"&lt;p&gt;O lado fashion do The Chainsmokers&lt;\/p&gt;\n\" data-medium-file=\"https:\/\/i0.wp.com\/agrund.com\/wp-content\/uploads\/sites\/6\/2017\/10\/The-Chainsmokers-2017-Esquire-Latin-American-Photo-Shoot-003.jpg?fit=222%2C300&amp;ssl=1\" data-large-file=\"https:\/\/i0.wp.com\/agrund.com\/wp-content\/uploads\/sites\/6\/2017\/10\/The-Chainsmokers-2017-Esquire-Latin-American-Photo-Shoot-003.jpg?fit=600%2C812&amp;ssl=1\" decoding=\"async\" loading=\"lazy\" class=\"size-full wp-image-174788\" src=\"https:\/\/i0.wp.com\/www.agrund.com\/wp-content\/uploads\/sites\/6\/2017\/10\/The-Chainsmokers-2017-Esquire-Latin-American-Photo-Shoot-003.jpg?resize=600%2C812\" alt=\"\" width=\"600\" height=\"812\" srcset=\"https:\/\/i0.wp.com\/agrund.com\/wp-content\/uploads\/sites\/6\/2017\/10\/The-Chainsmokers-2017-Esquire-Latin-American-Photo-Shoot-003.jpg?w=600&amp;ssl=1 600w, https:\/\/i0.wp.com\/agrund.com\/wp-content\/uploads\/sites\/6\/2017\/10\/The-Chainsmokers-2017-Esquire-Latin-American-Photo-Shoot-003.jpg?resize=222%2C300&amp;ssl=1 222w\" sizes=\"(max-width: 600px) 100vw, 600px\" data-recalc-dims=\"1\" \/><p id=\"caption-attachment-174788\" class=\"wp-caption-text\">O lado fashion do The Chainsmokers<\/p><\/div>\n<div id=\"attachment_174789\" style=\"width: 610px\" class=\"wp-caption aligncenter\"><img aria-describedby=\"caption-attachment-174789\" data-attachment-id=\"174789\" data-permalink=\"https:\/\/agrund.com\/index.php\/o-lado-fashion-do-the-chainsmokers\/the-chainsmokers-2017-esquire-latin-american-photo-shoot-004\/\" data-orig-file=\"https:\/\/i0.wp.com\/agrund.com\/wp-content\/uploads\/sites\/6\/2017\/10\/The-Chainsmokers-2017-Esquire-Latin-American-Photo-Shoot-004.jpg?fit=600%2C582&amp;ssl=1\" data-orig-size=\"600,582\" data-comments-opened=\"1\" data-image-meta=\"{&quot;aperture&quot;:&quot;0&quot;,&quot;credit&quot;:&quot;&quot;,&quot;camera&quot;:&quot;&quot;,&quot;caption&quot;:&quot;&quot;,&quot;created_timestamp&quot;:&quot;0&quot;,&quot;copyright&quot;:&quot;&quot;,&quot;focal_length&quot;:&quot;0&quot;,&quot;iso&quot;:&quot;0&quot;,&quot;shutter_speed&quot;:&quot;0&quot;,&quot;title&quot;:&quot;&quot;,&quot;orientation&quot;:&quot;1&quot;}\" data-image-title=\"O lado fashion do The Chainsmokers\" data-image-description=\"\" data-image-caption=\"&lt;p&gt;O lado fashion do The Chainsmokers&lt;\/p&gt;\n\" data-medium-file=\"https:\/\/i0.wp.com\/agrund.com\/wp-content\/uploads\/sites\/6\/2017\/10\/The-Chainsmokers-2017-Esquire-Latin-American-Photo-Shoot-004.jpg?fit=300%2C291&amp;ssl=1\" data-large-file=\"https:\/\/i0.wp.com\/agrund.com\/wp-content\/uploads\/sites\/6\/2017\/10\/The-Chainsmokers-2017-Esquire-Latin-American-Photo-Shoot-004.jpg?fit=600%2C582&amp;ssl=1\" decoding=\"async\" loading=\"lazy\" class=\"size-full wp-image-174789\" src=\"https:\/\/i0.wp.com\/www.agrund.com\/wp-content\/uploads\/sites\/6\/2017\/10\/The-Chainsmokers-2017-Esquire-Latin-American-Photo-Shoot-004.jpg?resize=600%2C582\" alt=\"\" width=\"600\" height=\"582\" srcset=\"https:\/\/i0.wp.com\/agrund.com\/wp-content\/uploads\/sites\/6\/2017\/10\/The-Chainsmokers-2017-Esquire-Latin-American-Photo-Shoot-004.jpg?w=600&amp;ssl=1 600w, https:\/\/i0.wp.com\/agrund.com\/wp-content\/uploads\/sites\/6\/2017\/10\/The-Chainsmokers-2017-Esquire-Latin-American-Photo-Shoot-004.jpg?resize=300%2C291&amp;ssl=1 300w\" sizes=\"(max-width: 600px) 100vw, 600px\" data-recalc-dims=\"1\" \/><p id=\"caption-attachment-174789\" class=\"wp-caption-text\">O lado fashion do The Chainsmokers<\/p><\/div>\n<div id=\"attachment_174790\" style=\"width: 610px\" class=\"wp-caption aligncenter\"><img aria-describedby=\"caption-attachment-174790\" data-attachment-id=\"174790\" data-permalink=\"https:\/\/agrund.com\/index.php\/o-lado-fashion-do-the-chainsmokers\/the-chainsmokers-2017-esquire-latin-american-photo-shoot-005\/\" data-orig-file=\"https:\/\/i0.wp.com\/agrund.com\/wp-content\/uploads\/sites\/6\/2017\/10\/The-Chainsmokers-2017-Esquire-Latin-American-Photo-Shoot-005.jpg?fit=600%2C815&amp;ssl=1\" data-orig-size=\"600,815\" data-comments-opened=\"1\" data-image-meta=\"{&quot;aperture&quot;:&quot;0&quot;,&quot;credit&quot;:&quot;&quot;,&quot;camera&quot;:&quot;&quot;,&quot;caption&quot;:&quot;&quot;,&quot;created_timestamp&quot;:&quot;0&quot;,&quot;copyright&quot;:&quot;&quot;,&quot;focal_length&quot;:&quot;0&quot;,&quot;iso&quot;:&quot;0&quot;,&quot;shutter_speed&quot;:&quot;0&quot;,&quot;title&quot;:&quot;&quot;,&quot;orientation&quot;:&quot;1&quot;}\" data-image-title=\"O lado fashion do The Chainsmokers\" data-image-description=\"\" data-image-caption=\"&lt;p&gt;O lado fashion do The Chainsmokers&lt;\/p&gt;\n\" data-medium-file=\"https:\/\/i0.wp.com\/agrund.com\/wp-content\/uploads\/sites\/6\/2017\/10\/The-Chainsmokers-2017-Esquire-Latin-American-Photo-Shoot-005.jpg?fit=221%2C300&amp;ssl=1\" data-large-file=\"https:\/\/i0.wp.com\/agrund.com\/wp-content\/uploads\/sites\/6\/2017\/10\/The-Chainsmokers-2017-Esquire-Latin-American-Photo-Shoot-005.jpg?fit=600%2C815&amp;ssl=1\" decoding=\"async\" loading=\"lazy\" class=\"size-full wp-image-174790\" src=\"https:\/\/i0.wp.com\/www.agrund.com\/wp-content\/uploads\/sites\/6\/2017\/10\/The-Chainsmokers-2017-Esquire-Latin-American-Photo-Shoot-005.jpg?resize=600%2C815\" alt=\"\" width=\"600\" height=\"815\" srcset=\"https:\/\/i0.wp.com\/agrund.com\/wp-content\/uploads\/sites\/6\/2017\/10\/The-Chainsmokers-2017-Esquire-Latin-American-Photo-Shoot-005.jpg?w=600&amp;ssl=1 600w, https:\/\/i0.wp.com\/agrund.com\/wp-content\/uploads\/sites\/6\/2017\/10\/The-Chainsmokers-2017-Esquire-Latin-American-Photo-Shoot-005.jpg?resize=221%2C300&amp;ssl=1 221w\" sizes=\"(max-width: 600px) 100vw, 600px\" data-recalc-dims=\"1\" \/><p id=\"caption-attachment-174790\" class=\"wp-caption-text\">O lado fashion do The Chainsmokers<\/p><\/div>\n<div id=\"attachment_174791\" style=\"width: 610px\" class=\"wp-caption aligncenter\"><img aria-describedby=\"caption-attachment-174791\" data-attachment-id=\"174791\" data-permalink=\"https:\/\/agrund.com\/index.php\/o-lado-fashion-do-the-chainsmokers\/the-chainsmokers-2017-esquire-latin-american-photo-shoot-006\/\" data-orig-file=\"https:\/\/i0.wp.com\/agrund.com\/wp-content\/uploads\/sites\/6\/2017\/10\/The-Chainsmokers-2017-Esquire-Latin-American-Photo-Shoot-006.jpg?fit=600%2C816&amp;ssl=1\" data-orig-size=\"600,816\" data-comments-opened=\"1\" data-image-meta=\"{&quot;aperture&quot;:&quot;0&quot;,&quot;credit&quot;:&quot;&quot;,&quot;camera&quot;:&quot;&quot;,&quot;caption&quot;:&quot;&quot;,&quot;created_timestamp&quot;:&quot;0&quot;,&quot;copyright&quot;:&quot;&quot;,&quot;focal_length&quot;:&quot;0&quot;,&quot;iso&quot;:&quot;0&quot;,&quot;shutter_speed&quot;:&quot;0&quot;,&quot;title&quot;:&quot;&quot;,&quot;orientation&quot;:&quot;1&quot;}\" data-image-title=\"O lado fashion do The Chainsmokers\" data-image-description=\"\" data-image-caption=\"&lt;p&gt;O lado fashion do The Chainsmokers&lt;\/p&gt;\n\" data-medium-file=\"https:\/\/i0.wp.com\/agrund.com\/wp-content\/uploads\/sites\/6\/2017\/10\/The-Chainsmokers-2017-Esquire-Latin-American-Photo-Shoot-006.jpg?fit=221%2C300&amp;ssl=1\" data-large-file=\"https:\/\/i0.wp.com\/agrund.com\/wp-content\/uploads\/sites\/6\/2017\/10\/The-Chainsmokers-2017-Esquire-Latin-American-Photo-Shoot-006.jpg?fit=600%2C816&amp;ssl=1\" decoding=\"async\" loading=\"lazy\" class=\"size-full wp-image-174791\" src=\"https:\/\/i0.wp.com\/www.agrund.com\/wp-content\/uploads\/sites\/6\/2017\/10\/The-Chainsmokers-2017-Esquire-Latin-American-Photo-Shoot-006.jpg?resize=600%2C816\" alt=\"\" width=\"600\" height=\"816\" srcset=\"https:\/\/i0.wp.com\/agrund.com\/wp-content\/uploads\/sites\/6\/2017\/10\/The-Chainsmokers-2017-Esquire-Latin-American-Photo-Shoot-006.jpg?w=600&amp;ssl=1 600w, https:\/\/i0.wp.com\/agrund.com\/wp-content\/uploads\/sites\/6\/2017\/10\/The-Chainsmokers-2017-Esquire-Latin-American-Photo-Shoot-006.jpg?resize=221%2C300&amp;ssl=1 221w\" sizes=\"(max-width: 600px) 100vw, 600px\" data-recalc-dims=\"1\" \/><p id=\"caption-attachment-174791\" class=\"wp-caption-text\">O lado fashion do The Chainsmokers<\/p><\/div>\n<div id=\"attachment_174792\" style=\"width: 610px\" class=\"wp-caption aligncenter\"><img aria-describedby=\"caption-attachment-174792\" data-attachment-id=\"174792\" data-permalink=\"https:\/\/agrund.com\/index.php\/o-lado-fashion-do-the-chainsmokers\/the-chainsmokers-2017-esquire-latin-american-photo-shoot-007\/\" data-orig-file=\"https:\/\/i0.wp.com\/agrund.com\/wp-content\/uploads\/sites\/6\/2017\/10\/The-Chainsmokers-2017-Esquire-Latin-American-Photo-Shoot-007.jpg?fit=600%2C453&amp;ssl=1\" data-orig-size=\"600,453\" data-comments-opened=\"1\" data-image-meta=\"{&quot;aperture&quot;:&quot;0&quot;,&quot;credit&quot;:&quot;&quot;,&quot;camera&quot;:&quot;&quot;,&quot;caption&quot;:&quot;&quot;,&quot;created_timestamp&quot;:&quot;0&quot;,&quot;copyright&quot;:&quot;&quot;,&quot;focal_length&quot;:&quot;0&quot;,&quot;iso&quot;:&quot;0&quot;,&quot;shutter_speed&quot;:&quot;0&quot;,&quot;title&quot;:&quot;&quot;,&quot;orientation&quot;:&quot;1&quot;}\" data-image-title=\"O lado fashion do The Chainsmokers\" data-image-description=\"\" data-image-caption=\"&lt;p&gt;O lado fashion do The Chainsmokers&lt;\/p&gt;\n\" data-medium-file=\"https:\/\/i0.wp.com\/agrund.com\/wp-content\/uploads\/sites\/6\/2017\/10\/The-Chainsmokers-2017-Esquire-Latin-American-Photo-Shoot-007.jpg?fit=300%2C227&amp;ssl=1\" data-large-file=\"https:\/\/i0.wp.com\/agrund.com\/wp-content\/uploads\/sites\/6\/2017\/10\/The-Chainsmokers-2017-Esquire-Latin-American-Photo-Shoot-007.jpg?fit=600%2C453&amp;ssl=1\" decoding=\"async\" loading=\"lazy\" class=\"size-full wp-image-174792\" src=\"https:\/\/i0.wp.com\/www.agrund.com\/wp-content\/uploads\/sites\/6\/2017\/10\/The-Chainsmokers-2017-Esquire-Latin-American-Photo-Shoot-007.jpg?resize=600%2C453\" alt=\"\" width=\"600\" height=\"453\" srcset=\"https:\/\/i0.wp.com\/agrund.com\/wp-content\/uploads\/sites\/6\/2017\/10\/The-Chainsmokers-2017-Esquire-Latin-American-Photo-Shoot-007.jpg?w=600&amp;ssl=1 600w, https:\/\/i0.wp.com\/agrund.com\/wp-content\/uploads\/sites\/6\/2017\/10\/The-Chainsmokers-2017-Esquire-Latin-American-Photo-Shoot-007.jpg?resize=300%2C227&amp;ssl=1 300w\" sizes=\"(max-width: 600px) 100vw, 600px\" data-recalc-dims=\"1\" \/><p id=\"caption-attachment-174792\" class=\"wp-caption-text\">O lado fashion do The Chainsmokers<\/p><\/div>\n<div id=\"attachment_174793\" style=\"width: 610px\" class=\"wp-caption aligncenter\"><img aria-describedby=\"caption-attachment-174793\" data-attachment-id=\"174793\" data-permalink=\"https:\/\/agrund.com\/index.php\/o-lado-fashion-do-the-chainsmokers\/the-chainsmokers-2017-esquire-latin-american-photo-shoot-008\/\" data-orig-file=\"https:\/\/i0.wp.com\/agrund.com\/wp-content\/uploads\/sites\/6\/2017\/10\/The-Chainsmokers-2017-Esquire-Latin-American-Photo-Shoot-008.jpg?fit=600%2C816&amp;ssl=1\" data-orig-size=\"600,816\" data-comments-opened=\"1\" data-image-meta=\"{&quot;aperture&quot;:&quot;0&quot;,&quot;credit&quot;:&quot;&quot;,&quot;camera&quot;:&quot;&quot;,&quot;caption&quot;:&quot;&quot;,&quot;created_timestamp&quot;:&quot;0&quot;,&quot;copyright&quot;:&quot;&quot;,&quot;focal_length&quot;:&quot;0&quot;,&quot;iso&quot;:&quot;0&quot;,&quot;shutter_speed&quot;:&quot;0&quot;,&quot;title&quot;:&quot;&quot;,&quot;orientation&quot;:&quot;1&quot;}\" data-image-title=\"O lado fashion do The Chainsmokers\" data-image-description=\"\" data-image-caption=\"&lt;p&gt;O lado fashion do The Chainsmokers&lt;\/p&gt;\n\" data-medium-file=\"https:\/\/i0.wp.com\/agrund.com\/wp-content\/uploads\/sites\/6\/2017\/10\/The-Chainsmokers-2017-Esquire-Latin-American-Photo-Shoot-008.jpg?fit=221%2C300&amp;ssl=1\" data-large-file=\"https:\/\/i0.wp.com\/agrund.com\/wp-content\/uploads\/sites\/6\/2017\/10\/The-Chainsmokers-2017-Esquire-Latin-American-Photo-Shoot-008.jpg?fit=600%2C816&amp;ssl=1\" decoding=\"async\" loading=\"lazy\" class=\"size-full wp-image-174793\" src=\"https:\/\/i0.wp.com\/www.agrund.com\/wp-content\/uploads\/sites\/6\/2017\/10\/The-Chainsmokers-2017-Esquire-Latin-American-Photo-Shoot-008.jpg?resize=600%2C816\" alt=\"\" width=\"600\" height=\"816\" srcset=\"https:\/\/i0.wp.com\/agrund.com\/wp-content\/uploads\/sites\/6\/2017\/10\/The-Chainsmokers-2017-Esquire-Latin-American-Photo-Shoot-008.jpg?w=600&amp;ssl=1 600w, https:\/\/i0.wp.com\/agrund.com\/wp-content\/uploads\/sites\/6\/2017\/10\/The-Chainsmokers-2017-Esquire-Latin-American-Photo-Shoot-008.jpg?resize=221%2C300&amp;ssl=1 221w\" sizes=\"(max-width: 600px) 100vw, 600px\" data-recalc-dims=\"1\" \/><p id=\"caption-attachment-174793\" class=\"wp-caption-text\">O lado fashion do The Chainsmokers<\/p><\/div>\n<div id=\"attachment_174794\" style=\"width: 610px\" class=\"wp-caption aligncenter\"><img aria-describedby=\"caption-attachment-174794\" data-attachment-id=\"174794\" data-permalink=\"https:\/\/agrund.com\/index.php\/o-lado-fashion-do-the-chainsmokers\/the-chainsmokers-2017-esquire-latin-american-photo-shoot-009\/\" data-orig-file=\"https:\/\/i0.wp.com\/agrund.com\/wp-content\/uploads\/sites\/6\/2017\/10\/The-Chainsmokers-2017-Esquire-Latin-American-Photo-Shoot-009.jpg?fit=600%2C813&amp;ssl=1\" data-orig-size=\"600,813\" data-comments-opened=\"1\" data-image-meta=\"{&quot;aperture&quot;:&quot;0&quot;,&quot;credit&quot;:&quot;&quot;,&quot;camera&quot;:&quot;&quot;,&quot;caption&quot;:&quot;&quot;,&quot;created_timestamp&quot;:&quot;0&quot;,&quot;copyright&quot;:&quot;&quot;,&quot;focal_length&quot;:&quot;0&quot;,&quot;iso&quot;:&quot;0&quot;,&quot;shutter_speed&quot;:&quot;0&quot;,&quot;title&quot;:&quot;&quot;,&quot;orientation&quot;:&quot;1&quot;}\" data-image-title=\"O lado fashion do The Chainsmokers\" data-image-description=\"\" data-image-caption=\"&lt;p&gt;O lado fashion do The Chainsmokers&lt;\/p&gt;\n\" data-medium-file=\"https:\/\/i0.wp.com\/agrund.com\/wp-content\/uploads\/sites\/6\/2017\/10\/The-Chainsmokers-2017-Esquire-Latin-American-Photo-Shoot-009.jpg?fit=221%2C300&amp;ssl=1\" data-large-file=\"https:\/\/i0.wp.com\/agrund.com\/wp-content\/uploads\/sites\/6\/2017\/10\/The-Chainsmokers-2017-Esquire-Latin-American-Photo-Shoot-009.jpg?fit=600%2C813&amp;ssl=1\" decoding=\"async\" loading=\"lazy\" class=\"size-full wp-image-174794\" src=\"https:\/\/i0.wp.com\/www.agrund.com\/wp-content\/uploads\/sites\/6\/2017\/10\/The-Chainsmokers-2017-Esquire-Latin-American-Photo-Shoot-009.jpg?resize=600%2C813\" alt=\"\" width=\"600\" height=\"813\" srcset=\"https:\/\/i0.wp.com\/agrund.com\/wp-content\/uploads\/sites\/6\/2017\/10\/The-Chainsmokers-2017-Esquire-Latin-American-Photo-Shoot-009.jpg?w=600&amp;ssl=1 600w, https:\/\/i0.wp.com\/agrund.com\/wp-content\/uploads\/sites\/6\/2017\/10\/The-Chainsmokers-2017-Esquire-Latin-American-Photo-Shoot-009.jpg?resize=221%2C300&amp;ssl=1 221w\" sizes=\"(max-width: 600px) 100vw, 600px\" data-recalc-dims=\"1\" \/><p id=\"caption-attachment-174794\" class=\"wp-caption-text\">O lado fashion do The Chainsmokers<\/p><\/div>\n<p>Fotos: Reprodu\u00e7\u00e3o.<\/p>\n","protected":false},"excerpt":{"rendered":"<p>Depois de estrelar a campanha da Tommy Hilfiger (reveja AQUI), os The Chainsmokers foram a capa da \u2018Esquire\u2019 Am\u00e9rica Latina. Desta vez o duo formado por Alex Pall e Drew Taggart mergulhou ainda mais no mundo fashion e veste apenas looks das cole\u00e7\u00f5es outono\/inverno de grandes marcas como Coach, AllSaints e Tommy Hilfiger, claro. Durante [&hellip;]<\/p>\n","protected":false},"author":8,"featured_media":174785,"comment_status":"open","ping_status":"open","sticky":false,"template":"","format":"standard","meta":{"jetpack_post_was_ever_published":false,"_jetpack_newsletter_access":"","jetpack_publicize_message":"","jetpack_is_tweetstorm":false,"jetpack_publicize_feature_enabled":true,"jetpack_social_post_already_shared":true,"jetpack_social_options":{"image_generator_settings":{"template":"highway","enabled":false}}},"categories":[2],"tags":[],"jetpack_publicize_connections":[],"jetpack_featured_media_url":"https:\/\/i0.wp.com\/agrund.com\/wp-content\/uploads\/sites\/6\/2017\/10\/s-78.jpg?fit=960%2C300&ssl=1","jetpack_sharing_enabled":true,"jetpack_shortlink":"https:\/\/wp.me\/p3Hz0n-Jt6","jetpack_likes_enabled":true,"_links":{"self":[{"href":"https:\/\/agrund.com\/index.php\/wp-json\/wp\/v2\/posts\/174784"}],"collection":[{"href":"https:\/\/agrund.com\/index.php\/wp-json\/wp\/v2\/posts"}],"about":[{"href":"https:\/\/agrund.com\/index.php\/wp-json\/wp\/v2\/types\/post"}],"author":[{"embeddable":true,"href":"https:\/\/agrund.com\/index.php\/wp-json\/wp\/v2\/users\/8"}],"replies":[{"embeddable":true,"href":"https:\/\/agrund.com\/index.php\/wp-json\/wp\/v2\/comments?post=174784"}],"version-history":[{"count":0,"href":"https:\/\/agrund.com\/index.php\/wp-json\/wp\/v2\/posts\/174784\/revisions"}],"wp:featuredmedia":[{"embeddable":true,"href":"https:\/\/agrund.com\/index.php\/wp-json\/wp\/v2\/media\/174785"}],"wp:attachment":[{"href":"https:\/\/agrund.com\/index.php\/wp-json\/wp\/v2\/media?parent=174784"}],"wp:term":[{"taxonomy":"category","embeddable":true,"href":"https:\/\/agrund.com\/index.php\/wp-json\/wp\/v2\/categories?post=174784"},{"taxonomy":"post_tag","embeddable":true,"href":"https:\/\/agrund.com\/index.php\/wp-json\/wp\/v2\/tags?post=174784"}],"curies":[{"name":"wp","href":"https:\/\/api.w.org\/{rel}","templated":true}]}}