{"id":174764,"date":"2017-10-18T18:00:03","date_gmt":"2017-10-18T20:00:03","guid":{"rendered":"http:\/\/www.agrund.com\/?p=174764"},"modified":"2017-10-18T16:48:13","modified_gmt":"2017-10-18T18:48:13","slug":"tommy-hilfiger-anuncia-linha-para-pessoas-com-deficiencia","status":"publish","type":"post","link":"https:\/\/agrund.com\/index.php\/tommy-hilfiger-anuncia-linha-para-pessoas-com-deficiencia\/","title":{"rendered":"Tommy Hilfiger anuncia linha para pessoas com defici\u00eancia"},"content":{"rendered":"<p>Tommy Hilfiger anunciou que ir\u00e1 expandir e tornar sua marca mais inclusiva. Para isso o designer ir\u00e1 lan\u00e7ar uma cole\u00e7\u00e3o especial para pessoas com defici\u00eancia. A linha, que j\u00e1 est\u00e1 pronta, conta com 34 pe\u00e7as femininas e 37 masculinas, todas com costuras ajust\u00e1veis, fechos magn\u00e9ticos, velcros, modelagens e aberturas especiais para que seja mais pr\u00e1tico e f\u00e1cil de vestir.<\/p>\n<p>\u201cA inclus\u00e3o e a democratiza\u00e7\u00e3o da moda sempre fizeram parte do DNA da minha marca. Esta cole\u00e7\u00e3o ajuda a construir esta vis\u00e3o. Capacitando adultos com defici\u00eancias a se expressarem atrav\u00e9s da moda\u201d, declarou Tommy.<\/p>\n<p>A linha chega \u00e0s lojas internacionais da marca ainda nesta semana.<\/p>\n<div id=\"attachment_174766\" style=\"width: 610px\" class=\"wp-caption aligncenter\"><img aria-describedby=\"caption-attachment-174766\" data-attachment-id=\"174766\" data-permalink=\"https:\/\/agrund.com\/index.php\/tommy-hilfiger-anuncia-linha-para-pessoas-com-deficiencia\/tommy_hilfiger_portrait_2009_-_tommy_hilfiger\/\" data-orig-file=\"https:\/\/i0.wp.com\/agrund.com\/wp-content\/uploads\/sites\/6\/2017\/10\/Tommy_Hilfiger_portrait_2009_-_Tommy_Hilfiger-e1508352475262.jpg?fit=600%2C451&amp;ssl=1\" data-orig-size=\"600,451\" data-comments-opened=\"1\" data-image-meta=\"{&quot;aperture&quot;:&quot;0&quot;,&quot;credit&quot;:&quot;&quot;,&quot;camera&quot;:&quot;&quot;,&quot;caption&quot;:&quot;&quot;,&quot;created_timestamp&quot;:&quot;0&quot;,&quot;copyright&quot;:&quot;&quot;,&quot;focal_length&quot;:&quot;0&quot;,&quot;iso&quot;:&quot;0&quot;,&quot;shutter_speed&quot;:&quot;0&quot;,&quot;title&quot;:&quot;&quot;,&quot;orientation&quot;:&quot;0&quot;}\" data-image-title=\"Tommy Hilfiger anuncia linha para pessoas com defici\u00eancia\" data-image-description=\"\" data-image-caption=\"&lt;p&gt;Tommy Hilfiger anuncia linha para pessoas com defici\u00eancia&lt;\/p&gt;\n\" data-medium-file=\"https:\/\/i0.wp.com\/agrund.com\/wp-content\/uploads\/sites\/6\/2017\/10\/Tommy_Hilfiger_portrait_2009_-_Tommy_Hilfiger-e1508352475262.jpg?fit=300%2C225&amp;ssl=1\" data-large-file=\"https:\/\/i0.wp.com\/agrund.com\/wp-content\/uploads\/sites\/6\/2017\/10\/Tommy_Hilfiger_portrait_2009_-_Tommy_Hilfiger-e1508352475262.jpg?fit=1024%2C769&amp;ssl=1\" decoding=\"async\" loading=\"lazy\" class=\"size-full wp-image-174766\" src=\"https:\/\/i0.wp.com\/www.agrund.com\/wp-content\/uploads\/sites\/6\/2017\/10\/Tommy_Hilfiger_portrait_2009_-_Tommy_Hilfiger-e1508352475262.jpg?resize=600%2C451\" alt=\"\" width=\"600\" height=\"451\" data-recalc-dims=\"1\" \/><p id=\"caption-attachment-174766\" class=\"wp-caption-text\">Tommy Hilfiger anuncia linha para pessoas com defici\u00eancia<\/p><\/div>\n<p>Foto: Reprodu\u00e7\u00e3o.<\/p>\n","protected":false},"excerpt":{"rendered":"<p>Tommy Hilfiger anunciou que ir\u00e1 expandir e tornar sua marca mais inclusiva. Para isso o designer ir\u00e1 lan\u00e7ar uma cole\u00e7\u00e3o especial para pessoas com defici\u00eancia. A linha, que j\u00e1 est\u00e1 pronta, conta com 34 pe\u00e7as femininas e 37 masculinas, todas com costuras ajust\u00e1veis, fechos magn\u00e9ticos, velcros, modelagens e aberturas especiais para que seja mais pr\u00e1tico [&hellip;]<\/p>\n","protected":false},"author":8,"featured_media":174765,"comment_status":"open","ping_status":"open","sticky":false,"template":"","format":"standard","meta":{"jetpack_post_was_ever_published":false,"_jetpack_newsletter_access":"","jetpack_publicize_message":"","jetpack_is_tweetstorm":false,"jetpack_publicize_feature_enabled":true,"jetpack_social_post_already_shared":true,"jetpack_social_options":{"image_generator_settings":{"template":"highway","enabled":false}}},"categories":[2],"tags":[],"jetpack_publicize_connections":[],"jetpack_featured_media_url":"https:\/\/i0.wp.com\/agrund.com\/wp-content\/uploads\/sites\/6\/2017\/10\/s-77.jpg?fit=960%2C300&ssl=1","jetpack_sharing_enabled":true,"jetpack_shortlink":"https:\/\/wp.me\/p3Hz0n-JsM","jetpack_likes_enabled":true,"_links":{"self":[{"href":"https:\/\/agrund.com\/index.php\/wp-json\/wp\/v2\/posts\/174764"}],"collection":[{"href":"https:\/\/agrund.com\/index.php\/wp-json\/wp\/v2\/posts"}],"about":[{"href":"https:\/\/agrund.com\/index.php\/wp-json\/wp\/v2\/types\/post"}],"author":[{"embeddable":true,"href":"https:\/\/agrund.com\/index.php\/wp-json\/wp\/v2\/users\/8"}],"replies":[{"embeddable":true,"href":"https:\/\/agrund.com\/index.php\/wp-json\/wp\/v2\/comments?post=174764"}],"version-history":[{"count":0,"href":"https:\/\/agrund.com\/index.php\/wp-json\/wp\/v2\/posts\/174764\/revisions"}],"wp:featuredmedia":[{"embeddable":true,"href":"https:\/\/agrund.com\/index.php\/wp-json\/wp\/v2\/media\/174765"}],"wp:attachment":[{"href":"https:\/\/agrund.com\/index.php\/wp-json\/wp\/v2\/media?parent=174764"}],"wp:term":[{"taxonomy":"category","embeddable":true,"href":"https:\/\/agrund.com\/index.php\/wp-json\/wp\/v2\/categories?post=174764"},{"taxonomy":"post_tag","embeddable":true,"href":"https:\/\/agrund.com\/index.php\/wp-json\/wp\/v2\/tags?post=174764"}],"curies":[{"name":"wp","href":"https:\/\/api.w.org\/{rel}","templated":true}]}}