{"id":174743,"date":"2017-10-18T15:00:23","date_gmt":"2017-10-18T17:00:23","guid":{"rendered":"http:\/\/www.agrund.com\/?p=174743"},"modified":"2017-10-18T15:33:29","modified_gmt":"2017-10-18T17:33:29","slug":"lea-seydoux-e-o-rosto-da-jeff-koons-x-louis-vuitton","status":"publish","type":"post","link":"https:\/\/agrund.com\/index.php\/lea-seydoux-e-o-rosto-da-jeff-koons-x-louis-vuitton\/","title":{"rendered":"Lea Seydoux \u00e9 o rosto da Jeff Koons x Louis Vuitton"},"content":{"rendered":"<p>Se lembra quando contamos <a href=\"http:\/\/www.agrund.com\/louis-vuitton-anuncia-nova-parceria-com-jeff-koons\/\">AQUI<\/a> sobre a nova cole\u00e7\u00e3o Jeff Koons x Louis Vuitton &#8216;Masters&#8217; II ? Pois agora a marca divulgou as primeiras imagens de sua campanha.<\/p>\n<p>Lea Seydoux foi a escolhida para estrelar os cliques e nos apresentar as novas bolsas da colabora\u00e7\u00e3o. A atriz aparece com uma beleza bem natural e posa ao lado dos acess\u00f3rios, como se estivesse em uma pintura.<\/p>\n<p>A cole\u00e7\u00e3o chega \u00e0s lojas da Louis Vuitton no dia 27 de outubro. Confira!<\/p>\n<div id=\"attachment_174744\" style=\"width: 610px\" class=\"wp-caption aligncenter\"><img aria-describedby=\"caption-attachment-174744\" data-attachment-id=\"174744\" data-permalink=\"https:\/\/agrund.com\/index.php\/lea-seydoux-e-o-rosto-da-jeff-koons-x-louis-vuitton\/lea-seydoux-louis-vuitton-jeff-koons-campaign13490\/\" data-orig-file=\"https:\/\/i0.wp.com\/agrund.com\/wp-content\/uploads\/sites\/6\/2017\/10\/Lea-Seydoux-Louis-Vuitton-Jeff-Koons-Campaign13490-e1508347827632.jpg?fit=600%2C389&amp;ssl=1\" data-orig-size=\"600,389\" data-comments-opened=\"1\" data-image-meta=\"{&quot;aperture&quot;:&quot;0&quot;,&quot;credit&quot;:&quot;&quot;,&quot;camera&quot;:&quot;&quot;,&quot;caption&quot;:&quot;&quot;,&quot;created_timestamp&quot;:&quot;0&quot;,&quot;copyright&quot;:&quot;&quot;,&quot;focal_length&quot;:&quot;0&quot;,&quot;iso&quot;:&quot;0&quot;,&quot;shutter_speed&quot;:&quot;0&quot;,&quot;title&quot;:&quot;&quot;,&quot;orientation&quot;:&quot;1&quot;}\" data-image-title=\"Lea Seydoux \u00e9 o rosto da Jeff Koons x Louis Vuitton\" data-image-description=\"\" data-image-caption=\"&lt;p&gt;Lea Seydoux \u00e9 o rosto da Jeff Koons x Louis Vuitton&lt;\/p&gt;\n\" data-medium-file=\"https:\/\/i0.wp.com\/agrund.com\/wp-content\/uploads\/sites\/6\/2017\/10\/Lea-Seydoux-Louis-Vuitton-Jeff-Koons-Campaign13490-e1508347827632.jpg?fit=300%2C194&amp;ssl=1\" data-large-file=\"https:\/\/i0.wp.com\/agrund.com\/wp-content\/uploads\/sites\/6\/2017\/10\/Lea-Seydoux-Louis-Vuitton-Jeff-Koons-Campaign13490-e1508347827632.jpg?fit=600%2C389&amp;ssl=1\" decoding=\"async\" loading=\"lazy\" class=\"size-full wp-image-174744\" src=\"https:\/\/i0.wp.com\/www.agrund.com\/wp-content\/uploads\/sites\/6\/2017\/10\/Lea-Seydoux-Louis-Vuitton-Jeff-Koons-Campaign13490-e1508347827632.jpg?resize=600%2C389\" alt=\"\" width=\"600\" height=\"389\" data-recalc-dims=\"1\" \/><p id=\"caption-attachment-174744\" class=\"wp-caption-text\">Lea Seydoux \u00e9 o rosto da Jeff Koons x Louis Vuitton<\/p><\/div>\n<div id=\"attachment_174745\" style=\"width: 610px\" class=\"wp-caption aligncenter\"><img aria-describedby=\"caption-attachment-174745\" data-attachment-id=\"174745\" data-permalink=\"https:\/\/agrund.com\/index.php\/lea-seydoux-e-o-rosto-da-jeff-koons-x-louis-vuitton\/lea-seydoux-louis-vuitton-jeff-koons-campaign32103\/\" data-orig-file=\"https:\/\/i0.wp.com\/agrund.com\/wp-content\/uploads\/sites\/6\/2017\/10\/Lea-Seydoux-Louis-Vuitton-Jeff-Koons-Campaign32103-e1508347843823.jpg?fit=600%2C776&amp;ssl=1\" data-orig-size=\"600,776\" data-comments-opened=\"1\" data-image-meta=\"{&quot;aperture&quot;:&quot;0&quot;,&quot;credit&quot;:&quot;&quot;,&quot;camera&quot;:&quot;&quot;,&quot;caption&quot;:&quot;&quot;,&quot;created_timestamp&quot;:&quot;0&quot;,&quot;copyright&quot;:&quot;&quot;,&quot;focal_length&quot;:&quot;0&quot;,&quot;iso&quot;:&quot;0&quot;,&quot;shutter_speed&quot;:&quot;0&quot;,&quot;title&quot;:&quot;&quot;,&quot;orientation&quot;:&quot;1&quot;}\" data-image-title=\"Lea Seydoux \u00e9 o rosto da Jeff Koons x Louis Vuitton\" data-image-description=\"\" data-image-caption=\"&lt;p&gt;Lea Seydoux \u00e9 o rosto da Jeff Koons x Louis Vuitton&lt;\/p&gt;\n\" data-medium-file=\"https:\/\/i0.wp.com\/agrund.com\/wp-content\/uploads\/sites\/6\/2017\/10\/Lea-Seydoux-Louis-Vuitton-Jeff-Koons-Campaign32103-e1508347843823.jpg?fit=232%2C300&amp;ssl=1\" data-large-file=\"https:\/\/i0.wp.com\/agrund.com\/wp-content\/uploads\/sites\/6\/2017\/10\/Lea-Seydoux-Louis-Vuitton-Jeff-Koons-Campaign32103-e1508347843823.jpg?fit=792%2C1024&amp;ssl=1\" decoding=\"async\" loading=\"lazy\" class=\"size-full wp-image-174745\" src=\"https:\/\/i0.wp.com\/www.agrund.com\/wp-content\/uploads\/sites\/6\/2017\/10\/Lea-Seydoux-Louis-Vuitton-Jeff-Koons-Campaign32103-e1508347843823.jpg?resize=600%2C776\" alt=\"\" width=\"600\" height=\"776\" data-recalc-dims=\"1\" \/><p id=\"caption-attachment-174745\" class=\"wp-caption-text\">Lea Seydoux \u00e9 o rosto da Jeff Koons x Louis Vuitton<\/p><\/div>\n<p>Fotos: Reprodu\u00e7\u00e3o.<\/p>\n","protected":false},"excerpt":{"rendered":"<p>Se lembra quando contamos AQUI sobre a nova cole\u00e7\u00e3o Jeff Koons x Louis Vuitton &#8216;Masters&#8217; II ? Pois agora a marca divulgou as primeiras imagens de sua campanha. Lea Seydoux foi a escolhida para estrelar os cliques e nos apresentar as novas bolsas da colabora\u00e7\u00e3o. A atriz aparece com uma beleza bem natural e posa [&hellip;]<\/p>\n","protected":false},"author":8,"featured_media":174746,"comment_status":"open","ping_status":"open","sticky":false,"template":"","format":"standard","meta":{"jetpack_post_was_ever_published":false,"_jetpack_newsletter_access":"","jetpack_publicize_message":"","jetpack_is_tweetstorm":false,"jetpack_publicize_feature_enabled":true,"jetpack_social_post_already_shared":true,"jetpack_social_options":{"image_generator_settings":{"template":"highway","enabled":false}}},"categories":[2],"tags":[],"jetpack_publicize_connections":[],"jetpack_featured_media_url":"https:\/\/i0.wp.com\/agrund.com\/wp-content\/uploads\/sites\/6\/2017\/10\/s-74.jpg?fit=960%2C300&ssl=1","jetpack_sharing_enabled":true,"jetpack_shortlink":"https:\/\/wp.me\/p3Hz0n-Jsr","jetpack_likes_enabled":true,"_links":{"self":[{"href":"https:\/\/agrund.com\/index.php\/wp-json\/wp\/v2\/posts\/174743"}],"collection":[{"href":"https:\/\/agrund.com\/index.php\/wp-json\/wp\/v2\/posts"}],"about":[{"href":"https:\/\/agrund.com\/index.php\/wp-json\/wp\/v2\/types\/post"}],"author":[{"embeddable":true,"href":"https:\/\/agrund.com\/index.php\/wp-json\/wp\/v2\/users\/8"}],"replies":[{"embeddable":true,"href":"https:\/\/agrund.com\/index.php\/wp-json\/wp\/v2\/comments?post=174743"}],"version-history":[{"count":0,"href":"https:\/\/agrund.com\/index.php\/wp-json\/wp\/v2\/posts\/174743\/revisions"}],"wp:featuredmedia":[{"embeddable":true,"href":"https:\/\/agrund.com\/index.php\/wp-json\/wp\/v2\/media\/174746"}],"wp:attachment":[{"href":"https:\/\/agrund.com\/index.php\/wp-json\/wp\/v2\/media?parent=174743"}],"wp:term":[{"taxonomy":"category","embeddable":true,"href":"https:\/\/agrund.com\/index.php\/wp-json\/wp\/v2\/categories?post=174743"},{"taxonomy":"post_tag","embeddable":true,"href":"https:\/\/agrund.com\/index.php\/wp-json\/wp\/v2\/tags?post=174743"}],"curies":[{"name":"wp","href":"https:\/\/api.w.org\/{rel}","templated":true}]}}