{"id":174735,"date":"2017-10-18T11:00:02","date_gmt":"2017-10-18T13:00:02","guid":{"rendered":"http:\/\/www.agrund.com\/?p=174735"},"modified":"2017-10-18T10:56:38","modified_gmt":"2017-10-18T12:56:38","slug":"irina-shayk-ou-cara-delevingne-quem-usou-melhor","status":"publish","type":"post","link":"https:\/\/agrund.com\/index.php\/irina-shayk-ou-cara-delevingne-quem-usou-melhor\/","title":{"rendered":"Irina Shayk ou Cara Delevingne: Quem usou melhor?"},"content":{"rendered":"<p>A disputa fashion de hoje \u00e9 entre duas top models. Irina Shayk e Cara Delevingne escolheram o mesmo vestido de Alexandre Vauthier para usar em eventos diferentes.<\/p>\n<p>As duas combinaram o modelo brilhante com sapatos pretos. E a \u00fanica diferen\u00e7a ficou no decote. O vestido tem um decote profundo e Irina deixou um top preto aparecendo. J\u00e1 Cara, n\u00e3o.<\/p>\n<p>E a\u00ed, quem usou melhor?<\/p>\n<div id=\"attachment_174736\" style=\"width: 610px\" class=\"wp-caption aligncenter\"><img aria-describedby=\"caption-attachment-174736\" data-attachment-id=\"174736\" data-permalink=\"https:\/\/agrund.com\/index.php\/irina-shayk-ou-cara-delevingne-quem-usou-melhor\/irina-cara\/\" data-orig-file=\"https:\/\/i0.wp.com\/agrund.com\/wp-content\/uploads\/sites\/6\/2017\/10\/irina-cara-e1508331226534.jpg?fit=600%2C793&amp;ssl=1\" data-orig-size=\"600,793\" data-comments-opened=\"1\" data-image-meta=\"{&quot;aperture&quot;:&quot;0&quot;,&quot;credit&quot;:&quot;&quot;,&quot;camera&quot;:&quot;&quot;,&quot;caption&quot;:&quot;&quot;,&quot;created_timestamp&quot;:&quot;0&quot;,&quot;copyright&quot;:&quot;&quot;,&quot;focal_length&quot;:&quot;0&quot;,&quot;iso&quot;:&quot;0&quot;,&quot;shutter_speed&quot;:&quot;0&quot;,&quot;title&quot;:&quot;&quot;,&quot;orientation&quot;:&quot;0&quot;}\" data-image-title=\"Irina Shayk ou Cara Delevingne: Quem usou melhor?\" data-image-description=\"\" data-image-caption=\"&lt;p&gt;Irina Shayk ou Cara Delevingne: Quem usou melhor?&lt;\/p&gt;\n\" data-medium-file=\"https:\/\/i0.wp.com\/agrund.com\/wp-content\/uploads\/sites\/6\/2017\/10\/irina-cara-e1508331226534.jpg?fit=227%2C300&amp;ssl=1\" data-large-file=\"https:\/\/i0.wp.com\/agrund.com\/wp-content\/uploads\/sites\/6\/2017\/10\/irina-cara-e1508331226534.jpg?fit=600%2C793&amp;ssl=1\" decoding=\"async\" loading=\"lazy\" class=\"size-full wp-image-174736\" src=\"https:\/\/i0.wp.com\/www.agrund.com\/wp-content\/uploads\/sites\/6\/2017\/10\/irina-cara-e1508331226534.jpg?resize=600%2C793\" alt=\"\" width=\"600\" height=\"793\" data-recalc-dims=\"1\" \/><p id=\"caption-attachment-174736\" class=\"wp-caption-text\">Irina Shayk ou Cara Delevingne: Quem usou melhor?<\/p><\/div>\n<p>Fotos: Reprodu\u00e7\u00e3o.<\/p>\n","protected":false},"excerpt":{"rendered":"<p>A disputa fashion de hoje \u00e9 entre duas top models. Irina Shayk e Cara Delevingne escolheram o mesmo vestido de Alexandre Vauthier para usar em eventos diferentes. As duas combinaram o modelo brilhante com sapatos pretos. E a \u00fanica diferen\u00e7a ficou no decote. O vestido tem um decote profundo e Irina deixou um top preto [&hellip;]<\/p>\n","protected":false},"author":8,"featured_media":174737,"comment_status":"open","ping_status":"open","sticky":false,"template":"","format":"standard","meta":{"jetpack_post_was_ever_published":false,"_jetpack_newsletter_access":"","jetpack_publicize_message":"","jetpack_is_tweetstorm":false,"jetpack_publicize_feature_enabled":true,"jetpack_social_post_already_shared":true,"jetpack_social_options":{"image_generator_settings":{"template":"highway","enabled":false}}},"categories":[2],"tags":[],"jetpack_publicize_connections":[],"jetpack_featured_media_url":"https:\/\/i0.wp.com\/agrund.com\/wp-content\/uploads\/sites\/6\/2017\/10\/s-72.jpg?fit=960%2C300&ssl=1","jetpack_sharing_enabled":true,"jetpack_shortlink":"https:\/\/wp.me\/p3Hz0n-Jsj","jetpack_likes_enabled":true,"_links":{"self":[{"href":"https:\/\/agrund.com\/index.php\/wp-json\/wp\/v2\/posts\/174735"}],"collection":[{"href":"https:\/\/agrund.com\/index.php\/wp-json\/wp\/v2\/posts"}],"about":[{"href":"https:\/\/agrund.com\/index.php\/wp-json\/wp\/v2\/types\/post"}],"author":[{"embeddable":true,"href":"https:\/\/agrund.com\/index.php\/wp-json\/wp\/v2\/users\/8"}],"replies":[{"embeddable":true,"href":"https:\/\/agrund.com\/index.php\/wp-json\/wp\/v2\/comments?post=174735"}],"version-history":[{"count":0,"href":"https:\/\/agrund.com\/index.php\/wp-json\/wp\/v2\/posts\/174735\/revisions"}],"wp:featuredmedia":[{"embeddable":true,"href":"https:\/\/agrund.com\/index.php\/wp-json\/wp\/v2\/media\/174737"}],"wp:attachment":[{"href":"https:\/\/agrund.com\/index.php\/wp-json\/wp\/v2\/media?parent=174735"}],"wp:term":[{"taxonomy":"category","embeddable":true,"href":"https:\/\/agrund.com\/index.php\/wp-json\/wp\/v2\/categories?post=174735"},{"taxonomy":"post_tag","embeddable":true,"href":"https:\/\/agrund.com\/index.php\/wp-json\/wp\/v2\/tags?post=174735"}],"curies":[{"name":"wp","href":"https:\/\/api.w.org\/{rel}","templated":true}]}}