{"id":174659,"date":"2017-10-16T11:00:13","date_gmt":"2017-10-16T13:00:13","guid":{"rendered":"http:\/\/www.agrund.com\/?p=174659"},"modified":"2017-10-16T10:29:12","modified_gmt":"2017-10-16T12:29:12","slug":"louis-vuitton-anuncia-nova-parceria-com-jeff-koons","status":"publish","type":"post","link":"https:\/\/agrund.com\/index.php\/louis-vuitton-anuncia-nova-parceria-com-jeff-koons\/","title":{"rendered":"Louis Vuitton anuncia nova parceria com Jeff Koons"},"content":{"rendered":"<p>Voc\u00ea se lembra da cole\u00e7\u00e3o de bolsas que a Louis Vuitton lan\u00e7ou em parceria com Jeff Koons (reveja <a href=\"http:\/\/www.agrund.com\/revelada-a-campanha-da-parceria-louis-vuitton-x-jeff-koons\/\">AQUI<\/a>)? O sucesso foi tanto que eles se juntaram para um segundo cap\u00edtulo.<\/p>\n<p>O artista customizou \u00e0 m\u00e3o as bolsas cl\u00e1ssicas da marca, com releituras de obras-primas dos pintores Claude Monet, Paul Gauguin, \u00c9douard Manet, Nicolas Poussin, J.M.W. Turner e Fran\u00e7ois Bouche, o que transforma o acess\u00f3rio em uma verdadeira obra de arre.<\/p>\n<p>A cole\u00e7\u00e3o deve chegar \u00e0s lojas Louis Vuitton no dia 27 de outubro. Confira:<\/p>\n<div id=\"attachment_174660\" style=\"width: 610px\" class=\"wp-caption aligncenter\"><img aria-describedby=\"caption-attachment-174660\" data-attachment-id=\"174660\" data-permalink=\"https:\/\/agrund.com\/index.php\/louis-vuitton-anuncia-nova-parceria-com-jeff-koons\/http-hypebeast-comimage201710jeff-koons-louis-vuitton-masters-collection-part-1\/\" data-orig-file=\"https:\/\/i0.wp.com\/agrund.com\/wp-content\/uploads\/sites\/6\/2017\/10\/http-2F2Fhypebeast.com2Fimage2F20172F102Fjeff-koons-louis-vuitton-masters-collection-part-1-e1508156855573.jpg?fit=600%2C400&amp;ssl=1\" data-orig-size=\"600,400\" data-comments-opened=\"1\" data-image-meta=\"{&quot;aperture&quot;:&quot;0&quot;,&quot;credit&quot;:&quot;&quot;,&quot;camera&quot;:&quot;&quot;,&quot;caption&quot;:&quot;&quot;,&quot;created_timestamp&quot;:&quot;0&quot;,&quot;copyright&quot;:&quot;&quot;,&quot;focal_length&quot;:&quot;0&quot;,&quot;iso&quot;:&quot;0&quot;,&quot;shutter_speed&quot;:&quot;0&quot;,&quot;title&quot;:&quot;&quot;,&quot;orientation&quot;:&quot;0&quot;}\" data-image-title=\"Louis Vuitton anuncia nova parceria com Jeff Koons\" data-image-description=\"\" data-image-caption=\"&lt;p&gt;Louis Vuitton anuncia nova parceria com Jeff Koons&lt;\/p&gt;\n\" data-medium-file=\"https:\/\/i0.wp.com\/agrund.com\/wp-content\/uploads\/sites\/6\/2017\/10\/http-2F2Fhypebeast.com2Fimage2F20172F102Fjeff-koons-louis-vuitton-masters-collection-part-1-e1508156855573.jpg?fit=300%2C200&amp;ssl=1\" data-large-file=\"https:\/\/i0.wp.com\/agrund.com\/wp-content\/uploads\/sites\/6\/2017\/10\/http-2F2Fhypebeast.com2Fimage2F20172F102Fjeff-koons-louis-vuitton-masters-collection-part-1-e1508156855573.jpg?fit=1024%2C683&amp;ssl=1\" decoding=\"async\" loading=\"lazy\" class=\"size-full wp-image-174660\" src=\"https:\/\/i0.wp.com\/www.agrund.com\/wp-content\/uploads\/sites\/6\/2017\/10\/http-2F2Fhypebeast.com2Fimage2F20172F102Fjeff-koons-louis-vuitton-masters-collection-part-1-e1508156855573.jpg?resize=600%2C400\" alt=\"\" width=\"600\" height=\"400\" data-recalc-dims=\"1\" \/><p id=\"caption-attachment-174660\" class=\"wp-caption-text\">Louis Vuitton anuncia nova parceria com Jeff Koons<\/p><\/div>\n<p>Fotos: Reprodu\u00e7\u00e3o.<\/p>\n","protected":false},"excerpt":{"rendered":"<p>Voc\u00ea se lembra da cole\u00e7\u00e3o de bolsas que a Louis Vuitton lan\u00e7ou em parceria com Jeff Koons (reveja AQUI)? O sucesso foi tanto que eles se juntaram para um segundo cap\u00edtulo. O artista customizou \u00e0 m\u00e3o as bolsas cl\u00e1ssicas da marca, com releituras de obras-primas dos pintores Claude Monet, Paul Gauguin, \u00c9douard Manet, Nicolas Poussin, [&hellip;]<\/p>\n","protected":false},"author":8,"featured_media":174661,"comment_status":"open","ping_status":"open","sticky":false,"template":"","format":"standard","meta":{"jetpack_post_was_ever_published":false,"_jetpack_newsletter_access":"","jetpack_publicize_message":"","jetpack_is_tweetstorm":false,"jetpack_publicize_feature_enabled":true,"jetpack_social_post_already_shared":true,"jetpack_social_options":{"image_generator_settings":{"template":"highway","enabled":false}}},"categories":[2],"tags":[],"jetpack_publicize_connections":[],"jetpack_featured_media_url":"https:\/\/i0.wp.com\/agrund.com\/wp-content\/uploads\/sites\/6\/2017\/10\/s-63.jpg?fit=960%2C300&ssl=1","jetpack_sharing_enabled":true,"jetpack_shortlink":"https:\/\/wp.me\/p3Hz0n-Jr5","jetpack_likes_enabled":true,"_links":{"self":[{"href":"https:\/\/agrund.com\/index.php\/wp-json\/wp\/v2\/posts\/174659"}],"collection":[{"href":"https:\/\/agrund.com\/index.php\/wp-json\/wp\/v2\/posts"}],"about":[{"href":"https:\/\/agrund.com\/index.php\/wp-json\/wp\/v2\/types\/post"}],"author":[{"embeddable":true,"href":"https:\/\/agrund.com\/index.php\/wp-json\/wp\/v2\/users\/8"}],"replies":[{"embeddable":true,"href":"https:\/\/agrund.com\/index.php\/wp-json\/wp\/v2\/comments?post=174659"}],"version-history":[{"count":0,"href":"https:\/\/agrund.com\/index.php\/wp-json\/wp\/v2\/posts\/174659\/revisions"}],"wp:featuredmedia":[{"embeddable":true,"href":"https:\/\/agrund.com\/index.php\/wp-json\/wp\/v2\/media\/174661"}],"wp:attachment":[{"href":"https:\/\/agrund.com\/index.php\/wp-json\/wp\/v2\/media?parent=174659"}],"wp:term":[{"taxonomy":"category","embeddable":true,"href":"https:\/\/agrund.com\/index.php\/wp-json\/wp\/v2\/categories?post=174659"},{"taxonomy":"post_tag","embeddable":true,"href":"https:\/\/agrund.com\/index.php\/wp-json\/wp\/v2\/tags?post=174659"}],"curies":[{"name":"wp","href":"https:\/\/api.w.org\/{rel}","templated":true}]}}