{"id":17465,"date":"2011-09-26T13:49:47","date_gmt":"2011-09-26T16:49:47","guid":{"rendered":"http:\/\/www.agrund.com\/blogs\/notas\/?p=17465"},"modified":"2011-09-26T13:49:47","modified_gmt":"2011-09-26T16:49:47","slug":"lady-gaga-na-paris-fashion-week","status":"publish","type":"post","link":"https:\/\/agrund.com\/index.php\/lady-gaga-na-paris-fashion-week\/","title":{"rendered":"Lady Gaga Na Paris Fashion Week"},"content":{"rendered":"<p>Durante a semana de moda de Paris o designer vai lan\u00e7ar um curta metragem com a colabora\u00e7\u00e3o de&#8230; Lady Gaga. O conte\u00fado est\u00e1 mantido em segredo e vai ser revelado durante o desfile de Thierry Mugler, na pr\u00f3xima quarta, dia 28 de setembro. Gaga? Apresentar\u00e1 um novo remix!<\/p>\n<p>O filme foi dirigido pelos fot\u00f3grafos Inez van Lamsweerde e Vinoodh Matadin, que trabalharam com a cantora de 25 anos na m\u00fasica &#8216;You and I&#8217; e Nicola est\u00e1 planejando lan\u00e7ar \u201cteasers\u201d em sites de redes sociais antes de seu lan\u00e7amento.<\/p>\n<p>Esta n\u00e3o \u00e9 a primeira vez que Gaga causa frisson na Paris Fashion Week. Em mar\u00e7o, ela fez sua estr\u00e9ia nas passarelas do evento, no show de Thierry Mugler. E foi o maior sucesso!<\/p>\n<p style=\"text-align: center\">\u00a0<img decoding=\"async\" loading=\"lazy\" class=\"aligncenter size-full wp-image-17466\" src=\"https:\/\/i0.wp.com\/www.agrund.com\/arquivo\/notas\/files\/2011\/09\/317.jpg?resize=300%2C184\" alt=\"\" width=\"300\" height=\"184\" data-recalc-dims=\"1\" \/><\/p>\n<p>Foto: Reprodu\u00e7\u00e3o.<\/p>\n","protected":false},"excerpt":{"rendered":"<p>Durante a semana de moda de Paris o designer vai lan\u00e7ar um curta metragem com a colabora\u00e7\u00e3o de&#8230; Lady Gaga. O conte\u00fado est\u00e1 mantido em segredo e vai ser revelado durante o desfile de Thierry Mugler, na pr\u00f3xima quarta, dia 28 de setembro. Gaga? Apresentar\u00e1 um novo remix! O filme foi dirigido pelos fot\u00f3grafos Inez [&hellip;]<\/p>\n","protected":false},"author":8,"featured_media":17466,"comment_status":"open","ping_status":"open","sticky":false,"template":"","format":"standard","meta":{"jetpack_post_was_ever_published":false,"_jetpack_newsletter_access":"","jetpack_publicize_message":"","jetpack_is_tweetstorm":false,"jetpack_publicize_feature_enabled":true,"jetpack_social_post_already_shared":false,"jetpack_social_options":{"image_generator_settings":{"template":"highway","enabled":false}}},"categories":[2],"tags":[],"jetpack_publicize_connections":[],"jetpack_featured_media_url":"","jetpack_sharing_enabled":true,"jetpack_shortlink":"https:\/\/wp.me\/p3Hz0n-4xH","jetpack_likes_enabled":true,"_links":{"self":[{"href":"https:\/\/agrund.com\/index.php\/wp-json\/wp\/v2\/posts\/17465"}],"collection":[{"href":"https:\/\/agrund.com\/index.php\/wp-json\/wp\/v2\/posts"}],"about":[{"href":"https:\/\/agrund.com\/index.php\/wp-json\/wp\/v2\/types\/post"}],"author":[{"embeddable":true,"href":"https:\/\/agrund.com\/index.php\/wp-json\/wp\/v2\/users\/8"}],"replies":[{"embeddable":true,"href":"https:\/\/agrund.com\/index.php\/wp-json\/wp\/v2\/comments?post=17465"}],"version-history":[{"count":0,"href":"https:\/\/agrund.com\/index.php\/wp-json\/wp\/v2\/posts\/17465\/revisions"}],"wp:featuredmedia":[{"embeddable":true,"href":"https:\/\/agrund.com\/index.php\/wp-json\/"}],"wp:attachment":[{"href":"https:\/\/agrund.com\/index.php\/wp-json\/wp\/v2\/media?parent=17465"}],"wp:term":[{"taxonomy":"category","embeddable":true,"href":"https:\/\/agrund.com\/index.php\/wp-json\/wp\/v2\/categories?post=17465"},{"taxonomy":"post_tag","embeddable":true,"href":"https:\/\/agrund.com\/index.php\/wp-json\/wp\/v2\/tags?post=17465"}],"curies":[{"name":"wp","href":"https:\/\/api.w.org\/{rel}","templated":true}]}}