{"id":174609,"date":"2017-10-13T17:00:40","date_gmt":"2017-10-13T20:00:40","guid":{"rendered":"http:\/\/www.agrund.com\/?p=174609"},"modified":"2017-10-13T09:27:57","modified_gmt":"2017-10-13T12:27:57","slug":"imprensa-em-transformacao","status":"publish","type":"post","link":"https:\/\/agrund.com\/index.php\/imprensa-em-transformacao\/","title":{"rendered":"Imprensa em transforma\u00e7\u00e3o"},"content":{"rendered":"<p>Por Let\u00edcia Santana<\/p>\n<div id=\"attachment_174610\" style=\"width: 510px\" class=\"wp-caption aligncenter\"><img aria-describedby=\"caption-attachment-174610\" data-attachment-id=\"174610\" data-permalink=\"https:\/\/agrund.com\/index.php\/imprensa-em-transformacao\/revistas\/\" data-orig-file=\"https:\/\/i0.wp.com\/agrund.com\/wp-content\/uploads\/sites\/6\/2017\/10\/Revistas.jpg?fit=500%2C369&amp;ssl=1\" data-orig-size=\"500,369\" data-comments-opened=\"1\" data-image-meta=\"{&quot;aperture&quot;:&quot;4&quot;,&quot;credit&quot;:&quot;&quot;,&quot;camera&quot;:&quot;Canon EOS 450D&quot;,&quot;caption&quot;:&quot;&quot;,&quot;created_timestamp&quot;:&quot;1331737648&quot;,&quot;copyright&quot;:&quot;&quot;,&quot;focal_length&quot;:&quot;18&quot;,&quot;iso&quot;:&quot;400&quot;,&quot;shutter_speed&quot;:&quot;0.0166666666667&quot;,&quot;title&quot;:&quot;&quot;,&quot;orientation&quot;:&quot;1&quot;}\" data-image-title=\"Imprensa em transforma\u00e7\u00e3o\" data-image-description=\"\" data-image-caption=\"&lt;p&gt;Imprensa em transforma\u00e7\u00e3o&lt;\/p&gt;\n\" data-medium-file=\"https:\/\/i0.wp.com\/agrund.com\/wp-content\/uploads\/sites\/6\/2017\/10\/Revistas.jpg?fit=300%2C221&amp;ssl=1\" data-large-file=\"https:\/\/i0.wp.com\/agrund.com\/wp-content\/uploads\/sites\/6\/2017\/10\/Revistas.jpg?fit=500%2C369&amp;ssl=1\" decoding=\"async\" loading=\"lazy\" class=\"size-full wp-image-174610\" src=\"https:\/\/i0.wp.com\/www.agrund.com\/wp-content\/uploads\/sites\/6\/2017\/10\/Revistas.jpg?resize=500%2C369\" alt=\"\" width=\"500\" height=\"369\" srcset=\"https:\/\/i0.wp.com\/agrund.com\/wp-content\/uploads\/sites\/6\/2017\/10\/Revistas.jpg?w=500&amp;ssl=1 500w, https:\/\/i0.wp.com\/agrund.com\/wp-content\/uploads\/sites\/6\/2017\/10\/Revistas.jpg?resize=300%2C221&amp;ssl=1 300w\" sizes=\"(max-width: 500px) 100vw, 500px\" data-recalc-dims=\"1\" \/><p id=\"caption-attachment-174610\" class=\"wp-caption-text\">Imprensa em transforma\u00e7\u00e3o<\/p><\/div>\n<p>O momento de domina\u00e7\u00e3o digital que estamos vivendo \u00e9 claro. N\u00e3o \u00e9 a toa que, nos \u00faltimos meses, algumas revistas deixaram de existir e as que sobreviveram est\u00e3o tendo que criar novas estrat\u00e9gias e est\u00e3o passando por grandes reformula\u00e7\u00f5es. Diante de tantos desafios, os ve\u00edculos tradicionais se desdobram para se adaptarem a essa nova realidade e n\u00e3o ficarem para tr\u00e1s.<\/p>\n<p>A L\u2019Officiel \u00e9 um exemplo das que pensam al\u00e9m. Enquanto algumas fecham, a revista de moda francesa vai lan\u00e7ar sua vers\u00e3o norte-americana. Estando presente em 24 pa\u00edses, a ideia de expans\u00e3o saiu diretamente da cabe\u00e7a inovadora de Benjamin Eymere, o chefe executivo da Jalou Media Group, que det\u00e9m os direitos da L\u2019Officiel. Para dar conta do recado, ser\u00e1 aberto um escrit\u00f3rio central em Nova York e um em Los Angeles, que cuidar\u00e1 do setor comercial. Em mat\u00e9ria publicada pelo Bof, Eymere contou: \u201ca ideia \u00e9 criar um escrit\u00f3rio central para todos os pa\u00edses\u201d.<\/p>\n<div id=\"attachment_174611\" style=\"width: 610px\" class=\"wp-caption aligncenter\"><img aria-describedby=\"caption-attachment-174611\" data-attachment-id=\"174611\" data-permalink=\"https:\/\/agrund.com\/index.php\/imprensa-em-transformacao\/lofficiel\/\" data-orig-file=\"https:\/\/i0.wp.com\/agrund.com\/wp-content\/uploads\/sites\/6\/2017\/10\/LOfficiel-e1507897452824.jpg?fit=600%2C398&amp;ssl=1\" data-orig-size=\"600,398\" data-comments-opened=\"1\" data-image-meta=\"{&quot;aperture&quot;:&quot;0&quot;,&quot;credit&quot;:&quot;&quot;,&quot;camera&quot;:&quot;&quot;,&quot;caption&quot;:&quot;&quot;,&quot;created_timestamp&quot;:&quot;0&quot;,&quot;copyright&quot;:&quot;&quot;,&quot;focal_length&quot;:&quot;0&quot;,&quot;iso&quot;:&quot;0&quot;,&quot;shutter_speed&quot;:&quot;0&quot;,&quot;title&quot;:&quot;&quot;,&quot;orientation&quot;:&quot;0&quot;}\" data-image-title=\"Imprensa em transforma\u00e7\u00e3o\" data-image-description=\"\" data-image-caption=\"&lt;p&gt;Imprensa em transforma\u00e7\u00e3o&lt;\/p&gt;\n\" data-medium-file=\"https:\/\/i0.wp.com\/agrund.com\/wp-content\/uploads\/sites\/6\/2017\/10\/LOfficiel-e1507897452824.jpg?fit=300%2C199&amp;ssl=1\" data-large-file=\"https:\/\/i0.wp.com\/agrund.com\/wp-content\/uploads\/sites\/6\/2017\/10\/LOfficiel-e1507897452824.jpg?fit=600%2C398&amp;ssl=1\" decoding=\"async\" loading=\"lazy\" class=\"size-full wp-image-174611\" src=\"https:\/\/i0.wp.com\/www.agrund.com\/wp-content\/uploads\/sites\/6\/2017\/10\/LOfficiel-e1507897452824.jpg?resize=600%2C398\" alt=\"\" width=\"600\" height=\"398\" data-recalc-dims=\"1\" \/><p id=\"caption-attachment-174611\" class=\"wp-caption-text\">Imprensa em transforma\u00e7\u00e3o<\/p><\/div>\n<p>O comando editorial da publica\u00e7\u00e3o norte-americana ficar\u00e1 por conta de Joseph Akel, rosto j\u00e1 conhecido pelos seus trabalhos nas revistas V e VMan. Ele ficar\u00e1 respons\u00e1vel pelo conte\u00fado digital e impresso (ter\u00e1 distribui\u00e7\u00e3o bimestral) e por todo o planejamento das novas propostas de m\u00eddia. A maior novidade da L\u2019Officiel \u00e9 a divis\u00e3o do conte\u00fado: 60% ser\u00e1 traduzido de edi\u00e7\u00f5es internacionais e apenas 40% ser\u00e1 produzido localmente. Estrat\u00e9gia perigosa que divide opini\u00f5es, mas nada mais \u00e9 do que uma das muitas consequ\u00eancias da globaliza\u00e7\u00e3o.<\/p>\n<p>Enquanto isso, Anna Wintour, editora da Vogue norte-americana, gravou um v\u00eddeo para o site da mesma falando sobre como a moda est\u00e1 mudada e quem n\u00e3o entrar nesse novo compasso fica para tr\u00e1s. A big boss afirmou: \u201cA moda tem a responsabilidade de estar um passo \u00e0 frente do seu tempo e n\u00e3o persistir na ideia de retratar as mulheres de uma forma s\u00f3\u201d. Anna comentou sobre a necessidade da representatividade nas passarelas e o in\u00edcio de uma era com mais inclus\u00e3o na moda.<\/p>\n<p>As mudan\u00e7as n\u00e3o s\u00e3o poucas, afinal uma grande transforma\u00e7\u00e3o come\u00e7ou. O que resta \u00e9 se atentar ao que a imprensa internacional promete. O futuro \u00e9 agora.<\/p>\n<p>Mais em <a href=\"http:\/\/borboletavintage.com.br\/\">Borboleta Vintage<\/a>.<br \/>\nInstagram: <a href=\"https:\/\/www.instagram.com\/borboletavintage\/\">@borboletavintage<\/a><\/p>\n<p>&nbsp;<\/p>\n<p>Fotos: Reprodu\u00e7\u00e3o.<\/p>\n","protected":false},"excerpt":{"rendered":"<p>Por Let\u00edcia Santana O momento de domina\u00e7\u00e3o digital que estamos vivendo \u00e9 claro. N\u00e3o \u00e9 a toa que, nos \u00faltimos meses, algumas revistas deixaram de existir e as que sobreviveram est\u00e3o tendo que criar novas estrat\u00e9gias e est\u00e3o passando por grandes reformula\u00e7\u00f5es. Diante de tantos desafios, os ve\u00edculos tradicionais se desdobram para se adaptarem a [&hellip;]<\/p>\n","protected":false},"author":8,"featured_media":174612,"comment_status":"open","ping_status":"open","sticky":false,"template":"","format":"standard","meta":{"jetpack_post_was_ever_published":false,"_jetpack_newsletter_access":"","jetpack_publicize_message":"","jetpack_is_tweetstorm":false,"jetpack_publicize_feature_enabled":true,"jetpack_social_post_already_shared":true,"jetpack_social_options":{"image_generator_settings":{"template":"highway","enabled":false}}},"categories":[2],"tags":[],"jetpack_publicize_connections":[],"jetpack_featured_media_url":"https:\/\/i0.wp.com\/agrund.com\/wp-content\/uploads\/sites\/6\/2017\/10\/s-61.jpg?fit=960%2C300&ssl=1","jetpack_sharing_enabled":true,"jetpack_shortlink":"https:\/\/wp.me\/p3Hz0n-Jqh","jetpack_likes_enabled":true,"_links":{"self":[{"href":"https:\/\/agrund.com\/index.php\/wp-json\/wp\/v2\/posts\/174609"}],"collection":[{"href":"https:\/\/agrund.com\/index.php\/wp-json\/wp\/v2\/posts"}],"about":[{"href":"https:\/\/agrund.com\/index.php\/wp-json\/wp\/v2\/types\/post"}],"author":[{"embeddable":true,"href":"https:\/\/agrund.com\/index.php\/wp-json\/wp\/v2\/users\/8"}],"replies":[{"embeddable":true,"href":"https:\/\/agrund.com\/index.php\/wp-json\/wp\/v2\/comments?post=174609"}],"version-history":[{"count":0,"href":"https:\/\/agrund.com\/index.php\/wp-json\/wp\/v2\/posts\/174609\/revisions"}],"wp:featuredmedia":[{"embeddable":true,"href":"https:\/\/agrund.com\/index.php\/wp-json\/wp\/v2\/media\/174612"}],"wp:attachment":[{"href":"https:\/\/agrund.com\/index.php\/wp-json\/wp\/v2\/media?parent=174609"}],"wp:term":[{"taxonomy":"category","embeddable":true,"href":"https:\/\/agrund.com\/index.php\/wp-json\/wp\/v2\/categories?post=174609"},{"taxonomy":"post_tag","embeddable":true,"href":"https:\/\/agrund.com\/index.php\/wp-json\/wp\/v2\/tags?post=174609"}],"curies":[{"name":"wp","href":"https:\/\/api.w.org\/{rel}","templated":true}]}}