{"id":174572,"date":"2017-10-11T16:00:34","date_gmt":"2017-10-11T19:00:34","guid":{"rendered":"http:\/\/www.agrund.com\/?p=174572"},"modified":"2017-10-11T10:20:02","modified_gmt":"2017-10-11T13:20:02","slug":"a-jaqueta-queridinha-de-kaia-gerber","status":"publish","type":"post","link":"https:\/\/agrund.com\/index.php\/a-jaqueta-queridinha-de-kaia-gerber\/","title":{"rendered":"A jaqueta queridinha de Kaia Gerber"},"content":{"rendered":"<p>Como j\u00e1 falamos <a href=\"http:\/\/www.agrund.com\/jaqueta-de-couro-vale-o-investimento\/\">AQUI<\/a>, a jaqueta de couro \u00e9 uma pe\u00e7a que vale o investimento, porque nunca sai de moda. Kaia Gerber sabe bem disso e j\u00e1 elegeu o seu modelo favorito.<\/p>\n<p>Enquanto v\u00edamos algumas fotos de celebridades, percebemos que Kaia usava bastante a mesma jaqueta, ent\u00e3o fomos pesquisar qual era. O modelo em quest\u00e3o \u00e9 o cl\u00e1ssico moto jacket, s\u00f3 que em uma vers\u00e3o mais curta. A dela \u00e9 da marca Laer e como voc\u00ea v\u00ea nos looks, ela combina com qualquer look. Uma pe\u00e7a curinga!<\/p>\n<p>E a\u00ed, qual a sua jaqueta que combina com tudo?<\/p>\n<div id=\"attachment_174573\" style=\"width: 610px\" class=\"wp-caption aligncenter\"><img aria-describedby=\"caption-attachment-174573\" data-attachment-id=\"174573\" data-permalink=\"https:\/\/agrund.com\/index.php\/a-jaqueta-queridinha-de-kaia-gerber\/kaia\/\" data-orig-file=\"https:\/\/i0.wp.com\/agrund.com\/wp-content\/uploads\/sites\/6\/2017\/10\/kaia-e1507727832696.jpg?fit=600%2C450&amp;ssl=1\" data-orig-size=\"600,450\" data-comments-opened=\"1\" data-image-meta=\"{&quot;aperture&quot;:&quot;0&quot;,&quot;credit&quot;:&quot;&quot;,&quot;camera&quot;:&quot;&quot;,&quot;caption&quot;:&quot;&quot;,&quot;created_timestamp&quot;:&quot;0&quot;,&quot;copyright&quot;:&quot;&quot;,&quot;focal_length&quot;:&quot;0&quot;,&quot;iso&quot;:&quot;0&quot;,&quot;shutter_speed&quot;:&quot;0&quot;,&quot;title&quot;:&quot;&quot;,&quot;orientation&quot;:&quot;0&quot;}\" data-image-title=\"A jaqueta queridinha de Kaia Gerber\" data-image-description=\"\" data-image-caption=\"&lt;p&gt;A jaqueta queridinha de Kaia Gerber&lt;\/p&gt;\n\" data-medium-file=\"https:\/\/i0.wp.com\/agrund.com\/wp-content\/uploads\/sites\/6\/2017\/10\/kaia-e1507727832696.jpg?fit=300%2C225&amp;ssl=1\" data-large-file=\"https:\/\/i0.wp.com\/agrund.com\/wp-content\/uploads\/sites\/6\/2017\/10\/kaia-e1507727832696.jpg?fit=600%2C450&amp;ssl=1\" decoding=\"async\" loading=\"lazy\" class=\"size-full wp-image-174573\" src=\"https:\/\/i0.wp.com\/www.agrund.com\/wp-content\/uploads\/sites\/6\/2017\/10\/kaia-e1507727832696.jpg?resize=600%2C450\" alt=\"\" width=\"600\" height=\"450\" data-recalc-dims=\"1\" \/><p id=\"caption-attachment-174573\" class=\"wp-caption-text\">A jaqueta queridinha de Kaia Gerber<\/p><\/div>\n<p>Fotos: Reprodu\u00e7\u00e3o.<\/p>\n","protected":false},"excerpt":{"rendered":"<p>Como j\u00e1 falamos AQUI, a jaqueta de couro \u00e9 uma pe\u00e7a que vale o investimento, porque nunca sai de moda. Kaia Gerber sabe bem disso e j\u00e1 elegeu o seu modelo favorito. Enquanto v\u00edamos algumas fotos de celebridades, percebemos que Kaia usava bastante a mesma jaqueta, ent\u00e3o fomos pesquisar qual era. O modelo em quest\u00e3o [&hellip;]<\/p>\n","protected":false},"author":8,"featured_media":174574,"comment_status":"open","ping_status":"open","sticky":false,"template":"","format":"standard","meta":{"jetpack_post_was_ever_published":false,"_jetpack_newsletter_access":"","jetpack_publicize_message":"","jetpack_is_tweetstorm":false,"jetpack_publicize_feature_enabled":true,"jetpack_social_post_already_shared":true,"jetpack_social_options":{"image_generator_settings":{"template":"highway","enabled":false}}},"categories":[2],"tags":[],"jetpack_publicize_connections":[],"jetpack_featured_media_url":"https:\/\/i0.wp.com\/agrund.com\/wp-content\/uploads\/sites\/6\/2017\/10\/ss-4.jpg?fit=960%2C300&ssl=1","jetpack_sharing_enabled":true,"jetpack_shortlink":"https:\/\/wp.me\/p3Hz0n-JpG","jetpack_likes_enabled":true,"_links":{"self":[{"href":"https:\/\/agrund.com\/index.php\/wp-json\/wp\/v2\/posts\/174572"}],"collection":[{"href":"https:\/\/agrund.com\/index.php\/wp-json\/wp\/v2\/posts"}],"about":[{"href":"https:\/\/agrund.com\/index.php\/wp-json\/wp\/v2\/types\/post"}],"author":[{"embeddable":true,"href":"https:\/\/agrund.com\/index.php\/wp-json\/wp\/v2\/users\/8"}],"replies":[{"embeddable":true,"href":"https:\/\/agrund.com\/index.php\/wp-json\/wp\/v2\/comments?post=174572"}],"version-history":[{"count":0,"href":"https:\/\/agrund.com\/index.php\/wp-json\/wp\/v2\/posts\/174572\/revisions"}],"wp:featuredmedia":[{"embeddable":true,"href":"https:\/\/agrund.com\/index.php\/wp-json\/wp\/v2\/media\/174574"}],"wp:attachment":[{"href":"https:\/\/agrund.com\/index.php\/wp-json\/wp\/v2\/media?parent=174572"}],"wp:term":[{"taxonomy":"category","embeddable":true,"href":"https:\/\/agrund.com\/index.php\/wp-json\/wp\/v2\/categories?post=174572"},{"taxonomy":"post_tag","embeddable":true,"href":"https:\/\/agrund.com\/index.php\/wp-json\/wp\/v2\/tags?post=174572"}],"curies":[{"name":"wp","href":"https:\/\/api.w.org\/{rel}","templated":true}]}}