{"id":174487,"date":"2017-10-09T19:00:12","date_gmt":"2017-10-09T22:00:12","guid":{"rendered":"http:\/\/www.agrund.com\/?p=174487"},"modified":"2017-10-09T19:13:52","modified_gmt":"2017-10-09T22:13:52","slug":"sutia-a-mostra-entre-nesta-onda-sem-vergonha","status":"publish","type":"post","link":"https:\/\/agrund.com\/index.php\/sutia-a-mostra-entre-nesta-onda-sem-vergonha\/","title":{"rendered":"Suti\u00e3 \u00e0 mostra: entre nesta onda \u201csem vergonha\u201d"},"content":{"rendered":"<p>Por Ros\u00e2ngela Espinossi<\/p>\n<p>Engana-se quem pensa que o suti\u00e3 deve ficar totalmente escondido por baixo da roupa. A tend\u00eancia \u00e9 que pe\u00e7as transparentes deixem a lingerie \u00e0 mostra, transformando-a em protagonista do look. O ar sensual da combina\u00e7\u00e3o j\u00e1 foi exibido por muitas famosas, como Giovanna Antonelli, Grazi Massafera, Sabrina Sato e Bruna Marquezine. Quer entrar nessa moda? Veja algumas dicas.<\/p>\n<p><strong>Dica 1:<\/strong> Em primeiro lugar, \u00e9 importante se sentir bem com a proposta sensual. Se ficar com vergonha ou incomodada com a exposi\u00e7\u00e3o, vista uma camisete por baixo da blusa transparente.<\/p>\n<p><strong>Dica 2:<\/strong> A sensualidade do suti\u00e3 \u00e0 mostra n\u00e3o combina com trabalho e nem com festas em fam\u00edlia.<\/p>\n<p><strong>Dica 3:<\/strong> Capriche na escolha da lingerie. Modelos com renda e tiras d\u00e3o um toque a mais ao visual.<\/p>\n<p>Veja algumas famosas com o estilo e depois clique <a href=\"http:\/\/www.elasnotapetevermelho.com.br\/portal\/sensual-famosas-usam-blusa-transparente-com-sutia-a-mostra\/\">AQUI<\/a> para conferir outros looks e mais dicas.<\/p>\n<p>Bruna Marquezine apostou em look de renda com transpar\u00eancia. Parece vestido, mas \u00e9 composto por blusa de mangas 3\/4 e saia. Os complementos tamb\u00e9m s\u00e3o pretos: bolsa e sand\u00e1lia.<\/p>\n<div id=\"attachment_174488\" style=\"width: 610px\" class=\"wp-caption aligncenter\"><img aria-describedby=\"caption-attachment-174488\" data-attachment-id=\"174488\" data-permalink=\"https:\/\/agrund.com\/index.php\/sutia-a-mostra-entre-nesta-onda-sem-vergonha\/bruna_marquezine_moda_agnews\/\" data-orig-file=\"https:\/\/i0.wp.com\/agrund.com\/wp-content\/uploads\/sites\/6\/2017\/10\/bruna_marquezine_moda_agnews-e1507586810738.jpg?fit=600%2C450&amp;ssl=1\" data-orig-size=\"600,450\" data-comments-opened=\"1\" data-image-meta=\"{&quot;aperture&quot;:&quot;0&quot;,&quot;credit&quot;:&quot;&quot;,&quot;camera&quot;:&quot;&quot;,&quot;caption&quot;:&quot;&quot;,&quot;created_timestamp&quot;:&quot;0&quot;,&quot;copyright&quot;:&quot;&quot;,&quot;focal_length&quot;:&quot;0&quot;,&quot;iso&quot;:&quot;0&quot;,&quot;shutter_speed&quot;:&quot;0&quot;,&quot;title&quot;:&quot;&quot;,&quot;orientation&quot;:&quot;0&quot;}\" data-image-title=\"Suti\u00e3 \u00e0 mostra: entre nesta onda \u201csem vergonha\u201d\" data-image-description=\"\" data-image-caption=\"&lt;p&gt;Suti\u00e3 \u00e0 mostra: entre nesta onda \u201csem vergonha\u201d&lt;\/p&gt;\n\" data-medium-file=\"https:\/\/i0.wp.com\/agrund.com\/wp-content\/uploads\/sites\/6\/2017\/10\/bruna_marquezine_moda_agnews-e1507586810738.jpg?fit=300%2C225&amp;ssl=1\" data-large-file=\"https:\/\/i0.wp.com\/agrund.com\/wp-content\/uploads\/sites\/6\/2017\/10\/bruna_marquezine_moda_agnews-e1507586810738.jpg?fit=1024%2C768&amp;ssl=1\" decoding=\"async\" loading=\"lazy\" class=\"size-full wp-image-174488\" src=\"https:\/\/i0.wp.com\/www.agrund.com\/wp-content\/uploads\/sites\/6\/2017\/10\/bruna_marquezine_moda_agnews-e1507586810738.jpg?resize=600%2C450\" alt=\"\" width=\"600\" height=\"450\" data-recalc-dims=\"1\" \/><p id=\"caption-attachment-174488\" class=\"wp-caption-text\">Suti\u00e3 \u00e0 mostra: entre nesta onda \u201csem vergonha\u201d<\/p><\/div>\n<p>&nbsp;<\/p>\n<p>Grazi Massafera optou por duas pe\u00e7as pretas: cal\u00e7a flare que imita textura de couro e blusa com transpar\u00eancia, revelando o suti\u00e3. O toque de cor ficou por conta do blazer azul com detalhes brancos. Nos p\u00e9s, escarpim.<\/p>\n<div id=\"attachment_174490\" style=\"width: 610px\" class=\"wp-caption aligncenter\"><img aria-describedby=\"caption-attachment-174490\" data-attachment-id=\"174490\" data-permalink=\"https:\/\/agrund.com\/index.php\/sutia-a-mostra-entre-nesta-onda-sem-vergonha\/grazi_massafera_moda_agnews\/\" data-orig-file=\"https:\/\/i0.wp.com\/agrund.com\/wp-content\/uploads\/sites\/6\/2017\/10\/grazi_massafera_moda_agnews-e1507586828317.jpg?fit=600%2C450&amp;ssl=1\" data-orig-size=\"600,450\" data-comments-opened=\"1\" data-image-meta=\"{&quot;aperture&quot;:&quot;0&quot;,&quot;credit&quot;:&quot;&quot;,&quot;camera&quot;:&quot;&quot;,&quot;caption&quot;:&quot;&quot;,&quot;created_timestamp&quot;:&quot;0&quot;,&quot;copyright&quot;:&quot;&quot;,&quot;focal_length&quot;:&quot;0&quot;,&quot;iso&quot;:&quot;0&quot;,&quot;shutter_speed&quot;:&quot;0&quot;,&quot;title&quot;:&quot;&quot;,&quot;orientation&quot;:&quot;0&quot;}\" data-image-title=\"Suti\u00e3 \u00e0 mostra: entre nesta onda \u201csem vergonha\u201d\" data-image-description=\"\" data-image-caption=\"&lt;p&gt;Suti\u00e3 \u00e0 mostra: entre nesta onda \u201csem vergonha\u201d&lt;\/p&gt;\n\" data-medium-file=\"https:\/\/i0.wp.com\/agrund.com\/wp-content\/uploads\/sites\/6\/2017\/10\/grazi_massafera_moda_agnews-e1507586828317.jpg?fit=300%2C225&amp;ssl=1\" data-large-file=\"https:\/\/i0.wp.com\/agrund.com\/wp-content\/uploads\/sites\/6\/2017\/10\/grazi_massafera_moda_agnews-e1507586828317.jpg?fit=1024%2C768&amp;ssl=1\" decoding=\"async\" loading=\"lazy\" class=\"size-full wp-image-174490\" src=\"https:\/\/i0.wp.com\/www.agrund.com\/wp-content\/uploads\/sites\/6\/2017\/10\/grazi_massafera_moda_agnews-e1507586828317.jpg?resize=600%2C450\" alt=\"\" width=\"600\" height=\"450\" data-recalc-dims=\"1\" \/><p id=\"caption-attachment-174490\" class=\"wp-caption-text\">Suti\u00e3 \u00e0 mostra: entre nesta onda \u201csem vergonha\u201d<\/p><\/div>\n<p>&nbsp;<\/p>\n<p>Giovanna Antonelli posou de t\u00fanica com faixas de tric\u00f4 verticais com top rendado e legging de paet\u00eas.<\/p>\n<div id=\"attachment_174489\" style=\"width: 610px\" class=\"wp-caption aligncenter\"><img aria-describedby=\"caption-attachment-174489\" data-attachment-id=\"174489\" data-permalink=\"https:\/\/agrund.com\/index.php\/sutia-a-mostra-entre-nesta-onda-sem-vergonha\/giovanna_antonelli_leo_franco_elas_tapete_vermelho\/\" data-orig-file=\"https:\/\/i0.wp.com\/agrund.com\/wp-content\/uploads\/sites\/6\/2017\/10\/giovanna_antonelli_leo_franco_elas_tapete_vermelho-e1507586843390.jpg?fit=600%2C600&amp;ssl=1\" data-orig-size=\"600,600\" data-comments-opened=\"1\" data-image-meta=\"{&quot;aperture&quot;:&quot;0&quot;,&quot;credit&quot;:&quot;&quot;,&quot;camera&quot;:&quot;&quot;,&quot;caption&quot;:&quot;&quot;,&quot;created_timestamp&quot;:&quot;0&quot;,&quot;copyright&quot;:&quot;&quot;,&quot;focal_length&quot;:&quot;0&quot;,&quot;iso&quot;:&quot;0&quot;,&quot;shutter_speed&quot;:&quot;0&quot;,&quot;title&quot;:&quot;&quot;,&quot;orientation&quot;:&quot;0&quot;}\" data-image-title=\"Suti\u00e3 \u00e0 mostra: entre nesta onda \u201csem vergonha\u201d\" data-image-description=\"\" data-image-caption=\"&lt;p&gt;Suti\u00e3 \u00e0 mostra: entre nesta onda \u201csem vergonha\u201d&lt;\/p&gt;\n\" data-medium-file=\"https:\/\/i0.wp.com\/agrund.com\/wp-content\/uploads\/sites\/6\/2017\/10\/giovanna_antonelli_leo_franco_elas_tapete_vermelho-e1507586843390.jpg?fit=300%2C300&amp;ssl=1\" data-large-file=\"https:\/\/i0.wp.com\/agrund.com\/wp-content\/uploads\/sites\/6\/2017\/10\/giovanna_antonelli_leo_franco_elas_tapete_vermelho-e1507586843390.jpg?fit=600%2C600&amp;ssl=1\" decoding=\"async\" loading=\"lazy\" class=\"size-full wp-image-174489\" src=\"https:\/\/i0.wp.com\/www.agrund.com\/wp-content\/uploads\/sites\/6\/2017\/10\/giovanna_antonelli_leo_franco_elas_tapete_vermelho-e1507586843390.jpg?resize=600%2C600\" alt=\"\" width=\"600\" height=\"600\" data-recalc-dims=\"1\" \/><p id=\"caption-attachment-174489\" class=\"wp-caption-text\">Suti\u00e3 \u00e0 mostra: entre nesta onda \u201csem vergonha\u201d<\/p><\/div>\n<p>&nbsp;<\/p>\n<p>A produ\u00e7\u00e3o metalizada da Sabrina Sato \u00e9 composta por cal\u00e7a e camisa, deixando o suti\u00e3 \u00e0 mostra. Metalizado est\u00e1 em alta. \u00c9 aposta certa para esta e outras temporadas.<\/p>\n<div id=\"attachment_174491\" style=\"width: 610px\" class=\"wp-caption aligncenter\"><img aria-describedby=\"caption-attachment-174491\" data-attachment-id=\"174491\" data-permalink=\"https:\/\/agrund.com\/index.php\/sutia-a-mostra-entre-nesta-onda-sem-vergonha\/sabrina_sato_reinaldo_lourenco_leo_franco_desfile\/\" data-orig-file=\"https:\/\/i0.wp.com\/agrund.com\/wp-content\/uploads\/sites\/6\/2017\/10\/sabrina_sato_reinaldo_lourenco_leo_franco_desfile-e1507586859112.jpg?fit=600%2C526&amp;ssl=1\" data-orig-size=\"600,526\" data-comments-opened=\"1\" data-image-meta=\"{&quot;aperture&quot;:&quot;0&quot;,&quot;credit&quot;:&quot;&quot;,&quot;camera&quot;:&quot;&quot;,&quot;caption&quot;:&quot;&quot;,&quot;created_timestamp&quot;:&quot;0&quot;,&quot;copyright&quot;:&quot;&quot;,&quot;focal_length&quot;:&quot;0&quot;,&quot;iso&quot;:&quot;0&quot;,&quot;shutter_speed&quot;:&quot;0&quot;,&quot;title&quot;:&quot;&quot;,&quot;orientation&quot;:&quot;0&quot;}\" data-image-title=\"Suti\u00e3 \u00e0 mostra: entre nesta onda \u201csem vergonha\u201d\" data-image-description=\"\" data-image-caption=\"&lt;p&gt;Suti\u00e3 \u00e0 mostra: entre nesta onda \u201csem vergonha\u201d&lt;\/p&gt;\n\" data-medium-file=\"https:\/\/i0.wp.com\/agrund.com\/wp-content\/uploads\/sites\/6\/2017\/10\/sabrina_sato_reinaldo_lourenco_leo_franco_desfile-e1507586859112.jpg?fit=300%2C263&amp;ssl=1\" data-large-file=\"https:\/\/i0.wp.com\/agrund.com\/wp-content\/uploads\/sites\/6\/2017\/10\/sabrina_sato_reinaldo_lourenco_leo_franco_desfile-e1507586859112.jpg?fit=600%2C526&amp;ssl=1\" decoding=\"async\" loading=\"lazy\" class=\"size-full wp-image-174491\" src=\"https:\/\/i0.wp.com\/www.agrund.com\/wp-content\/uploads\/sites\/6\/2017\/10\/sabrina_sato_reinaldo_lourenco_leo_franco_desfile-e1507586859112.jpg?resize=600%2C526\" alt=\"\" width=\"600\" height=\"526\" data-recalc-dims=\"1\" \/><p id=\"caption-attachment-174491\" class=\"wp-caption-text\">Suti\u00e3 \u00e0 mostra: entre nesta onda \u201csem vergonha\u201d<\/p><\/div>\n<p>Fotos: Reprodu\u00e7\u00e3o.<\/p>\n","protected":false},"excerpt":{"rendered":"<p>Por Ros\u00e2ngela Espinossi Engana-se quem pensa que o suti\u00e3 deve ficar totalmente escondido por baixo da roupa. A tend\u00eancia \u00e9 que pe\u00e7as transparentes deixem a lingerie \u00e0 mostra, transformando-a em protagonista do look. O ar sensual da combina\u00e7\u00e3o j\u00e1 foi exibido por muitas famosas, como Giovanna Antonelli, Grazi Massafera, Sabrina Sato e Bruna Marquezine. Quer [&hellip;]<\/p>\n","protected":false},"author":8,"featured_media":174493,"comment_status":"open","ping_status":"open","sticky":false,"template":"","format":"standard","meta":{"jetpack_post_was_ever_published":false,"_jetpack_newsletter_access":"","jetpack_publicize_message":"","jetpack_is_tweetstorm":false,"jetpack_publicize_feature_enabled":true,"jetpack_social_post_already_shared":true,"jetpack_social_options":{"image_generator_settings":{"template":"highway","enabled":false}}},"categories":[2],"tags":[],"jetpack_publicize_connections":[],"jetpack_featured_media_url":"https:\/\/i0.wp.com\/agrund.com\/wp-content\/uploads\/sites\/6\/2017\/10\/s-50.jpg?fit=960%2C300&ssl=1","jetpack_sharing_enabled":true,"jetpack_shortlink":"https:\/\/wp.me\/p3Hz0n-Joj","jetpack_likes_enabled":true,"_links":{"self":[{"href":"https:\/\/agrund.com\/index.php\/wp-json\/wp\/v2\/posts\/174487"}],"collection":[{"href":"https:\/\/agrund.com\/index.php\/wp-json\/wp\/v2\/posts"}],"about":[{"href":"https:\/\/agrund.com\/index.php\/wp-json\/wp\/v2\/types\/post"}],"author":[{"embeddable":true,"href":"https:\/\/agrund.com\/index.php\/wp-json\/wp\/v2\/users\/8"}],"replies":[{"embeddable":true,"href":"https:\/\/agrund.com\/index.php\/wp-json\/wp\/v2\/comments?post=174487"}],"version-history":[{"count":0,"href":"https:\/\/agrund.com\/index.php\/wp-json\/wp\/v2\/posts\/174487\/revisions"}],"wp:featuredmedia":[{"embeddable":true,"href":"https:\/\/agrund.com\/index.php\/wp-json\/wp\/v2\/media\/174493"}],"wp:attachment":[{"href":"https:\/\/agrund.com\/index.php\/wp-json\/wp\/v2\/media?parent=174487"}],"wp:term":[{"taxonomy":"category","embeddable":true,"href":"https:\/\/agrund.com\/index.php\/wp-json\/wp\/v2\/categories?post=174487"},{"taxonomy":"post_tag","embeddable":true,"href":"https:\/\/agrund.com\/index.php\/wp-json\/wp\/v2\/tags?post=174487"}],"curies":[{"name":"wp","href":"https:\/\/api.w.org\/{rel}","templated":true}]}}