{"id":174474,"date":"2017-10-09T13:00:37","date_gmt":"2017-10-09T16:00:37","guid":{"rendered":"http:\/\/www.agrund.com\/?p=174474"},"modified":"2017-10-09T09:50:04","modified_gmt":"2017-10-09T12:50:04","slug":"o-proximo-destino-da-chanel","status":"publish","type":"post","link":"https:\/\/agrund.com\/index.php\/o-proximo-destino-da-chanel\/","title":{"rendered":"O pr\u00f3ximo destino da Chanel"},"content":{"rendered":"<p>Como voc\u00eas j\u00e1 sabem, a cada desfile da cole\u00e7\u00e3o M\u00e9tiers d\u2019Art a Chanel visita uma nova cidade. Desta vez a marca decidiu viajar para a Alemanha, pa\u00eds natal de Karl Lagerfeld.<\/p>\n<p>O desfile que acontecer\u00e1 em dezembro ser\u00e1 na cidade de Hamburgo, mais especificamente na sala de concertos Elbphilharmonie. Super moderno, o espa\u00e7o foi criado pelos arquitetos Jacques Herzog e Pierre de Meuron. J\u00e1 consegue imaginar como ser\u00e1 o desfile?<\/p>\n<div id=\"attachment_174475\" style=\"width: 610px\" class=\"wp-caption aligncenter\"><img aria-describedby=\"caption-attachment-174475\" data-attachment-id=\"174475\" data-permalink=\"https:\/\/agrund.com\/index.php\/o-proximo-destino-da-chanel\/elbphilharmonie\/\" data-orig-file=\"https:\/\/i0.wp.com\/agrund.com\/wp-content\/uploads\/sites\/6\/2017\/10\/elbphilharmonie-hamburg-a-glass-structure-supported-by-a-brick-warehouse-02.jpg?fit=600%2C400&amp;ssl=1\" data-orig-size=\"600,400\" data-comments-opened=\"1\" data-image-meta=\"{&quot;aperture&quot;:&quot;11&quot;,&quot;credit&quot;:&quot;Thies Raetzke&quot;,&quot;camera&quot;:&quot;Canon EOS 5D Mark IV&quot;,&quot;caption&quot;:&quot;&quot;,&quot;created_timestamp&quot;:&quot;1482250015&quot;,&quot;copyright&quot;:&quot;Thies Raetzke&quot;,&quot;focal_length&quot;:&quot;84&quot;,&quot;iso&quot;:&quot;100&quot;,&quot;shutter_speed&quot;:&quot;1&quot;,&quot;title&quot;:&quot;Elbphilharmonie&quot;,&quot;orientation&quot;:&quot;1&quot;}\" data-image-title=\"O pr\u00f3ximo destino da Chanel\" data-image-description=\"\" data-image-caption=\"&lt;p&gt;O pr\u00f3ximo destino da Chanel&lt;\/p&gt;\n\" data-medium-file=\"https:\/\/i0.wp.com\/agrund.com\/wp-content\/uploads\/sites\/6\/2017\/10\/elbphilharmonie-hamburg-a-glass-structure-supported-by-a-brick-warehouse-02.jpg?fit=300%2C200&amp;ssl=1\" data-large-file=\"https:\/\/i0.wp.com\/agrund.com\/wp-content\/uploads\/sites\/6\/2017\/10\/elbphilharmonie-hamburg-a-glass-structure-supported-by-a-brick-warehouse-02.jpg?fit=600%2C400&amp;ssl=1\" decoding=\"async\" loading=\"lazy\" class=\"size-full wp-image-174475\" src=\"https:\/\/i0.wp.com\/www.agrund.com\/wp-content\/uploads\/sites\/6\/2017\/10\/elbphilharmonie-hamburg-a-glass-structure-supported-by-a-brick-warehouse-02.jpg?resize=600%2C400\" alt=\"\" width=\"600\" height=\"400\" srcset=\"https:\/\/i0.wp.com\/agrund.com\/wp-content\/uploads\/sites\/6\/2017\/10\/elbphilharmonie-hamburg-a-glass-structure-supported-by-a-brick-warehouse-02.jpg?w=600&amp;ssl=1 600w, https:\/\/i0.wp.com\/agrund.com\/wp-content\/uploads\/sites\/6\/2017\/10\/elbphilharmonie-hamburg-a-glass-structure-supported-by-a-brick-warehouse-02.jpg?resize=300%2C200&amp;ssl=1 300w\" sizes=\"(max-width: 600px) 100vw, 600px\" data-recalc-dims=\"1\" \/><p id=\"caption-attachment-174475\" class=\"wp-caption-text\">O pr\u00f3ximo destino da Chanel<\/p><\/div>\n<p>Foto: Reprodu\u00e7\u00e3o.<\/p>\n","protected":false},"excerpt":{"rendered":"<p>Como voc\u00eas j\u00e1 sabem, a cada desfile da cole\u00e7\u00e3o M\u00e9tiers d\u2019Art a Chanel visita uma nova cidade. Desta vez a marca decidiu viajar para a Alemanha, pa\u00eds natal de Karl Lagerfeld. O desfile que acontecer\u00e1 em dezembro ser\u00e1 na cidade de Hamburgo, mais especificamente na sala de concertos Elbphilharmonie. Super moderno, o espa\u00e7o foi criado [&hellip;]<\/p>\n","protected":false},"author":8,"featured_media":174476,"comment_status":"open","ping_status":"open","sticky":false,"template":"","format":"standard","meta":{"jetpack_post_was_ever_published":false,"_jetpack_newsletter_access":"","jetpack_publicize_message":"","jetpack_is_tweetstorm":false,"jetpack_publicize_feature_enabled":true,"jetpack_social_post_already_shared":true,"jetpack_social_options":{"image_generator_settings":{"template":"highway","enabled":false}}},"categories":[2],"tags":[],"jetpack_publicize_connections":[],"jetpack_featured_media_url":"https:\/\/i0.wp.com\/agrund.com\/wp-content\/uploads\/sites\/6\/2017\/10\/ss-2.jpg?fit=960%2C300&ssl=1","jetpack_sharing_enabled":true,"jetpack_shortlink":"https:\/\/wp.me\/p3Hz0n-Jo6","jetpack_likes_enabled":true,"_links":{"self":[{"href":"https:\/\/agrund.com\/index.php\/wp-json\/wp\/v2\/posts\/174474"}],"collection":[{"href":"https:\/\/agrund.com\/index.php\/wp-json\/wp\/v2\/posts"}],"about":[{"href":"https:\/\/agrund.com\/index.php\/wp-json\/wp\/v2\/types\/post"}],"author":[{"embeddable":true,"href":"https:\/\/agrund.com\/index.php\/wp-json\/wp\/v2\/users\/8"}],"replies":[{"embeddable":true,"href":"https:\/\/agrund.com\/index.php\/wp-json\/wp\/v2\/comments?post=174474"}],"version-history":[{"count":0,"href":"https:\/\/agrund.com\/index.php\/wp-json\/wp\/v2\/posts\/174474\/revisions"}],"wp:featuredmedia":[{"embeddable":true,"href":"https:\/\/agrund.com\/index.php\/wp-json\/wp\/v2\/media\/174476"}],"wp:attachment":[{"href":"https:\/\/agrund.com\/index.php\/wp-json\/wp\/v2\/media?parent=174474"}],"wp:term":[{"taxonomy":"category","embeddable":true,"href":"https:\/\/agrund.com\/index.php\/wp-json\/wp\/v2\/categories?post=174474"},{"taxonomy":"post_tag","embeddable":true,"href":"https:\/\/agrund.com\/index.php\/wp-json\/wp\/v2\/tags?post=174474"}],"curies":[{"name":"wp","href":"https:\/\/api.w.org\/{rel}","templated":true}]}}