{"id":174437,"date":"2017-10-06T18:00:04","date_gmt":"2017-10-06T21:00:04","guid":{"rendered":"http:\/\/www.agrund.com\/?p=174437"},"modified":"2017-10-06T16:57:07","modified_gmt":"2017-10-06T19:57:07","slug":"novos-estilistas-novos-momentos","status":"publish","type":"post","link":"https:\/\/agrund.com\/index.php\/novos-estilistas-novos-momentos\/","title":{"rendered":"Novos estilistas, novos momentos"},"content":{"rendered":"<p>Por Let\u00edcia Santana<\/p>\n<p>A semana de moda mais aguardada, tamb\u00e9m conhecida como santa Paris Fashion Week, iniciou-se na ter\u00e7a da \u00faltima semana (23\/09). Logo de cara, confirmou-se uma tend\u00eancia j\u00e1 prevista: cada vez mais, as cole\u00e7\u00f5es de grandes marcas tornam-se puramente comerciais. O jovial, o falso despretensioso e o famoso \u201cready to instagram\u201d dominaram as passarelas.<\/p>\n<p>O que foi desfilado nada mais \u00e9 do que uma intensa repeti\u00e7\u00e3o do j\u00e1 visto, sem novidades e sem desafios, e as cole\u00e7\u00f5es se mostraram extremamente engessadas. A estrat\u00e9gia \u00e9 clara: dominar as redes sociais. Por\u00e9m, ao se pensar a m\u00e9dio\/longo prazo, rapidamente pode se chegar \u00e0 conclus\u00e3o do qu\u00e3o falha essa t\u00e1tica \u00e9. O erro come\u00e7a na falta de identifica\u00e7\u00e3o e conex\u00e3o entre as cole\u00e7\u00f5es e as marcas. Esse grande troca-troca de estilistas que vem acontecendo nas maiores grifes provocam a perda do seu verdadeiro DNA. Assim, os novos estilistas que assumem a dire\u00e7\u00e3o, se deixam levar pelo instant\u00e2neo e se esquecem que as marcas tem uma linha a ser zelada e seguida.<\/p>\n<p>Se vive um momento em que apenas criar pe\u00e7as n\u00e3o \u00e9 o suficiente, \u00e9 necess\u00e1rio criar um lifestyle completo que se torne desejo do p\u00fablico-alvo. Justamente por isso, jovens deveriam assumir a dire\u00e7\u00e3o das marcas, cujo desejo \u00e9 criar para os millennials. Dessa forma, deixa de ser engessado e passa a ter verdade. Obviamente, as marcas precisam vender, mas o correto seria encontrar um equil\u00edbrio para que tamb\u00e9m possa haver legado, conceito e hist\u00f3ria.<\/p>\n<div id=\"attachment_174438\" style=\"width: 610px\" class=\"wp-caption aligncenter\"><img aria-describedby=\"caption-attachment-174438\" data-attachment-id=\"174438\" data-permalink=\"https:\/\/agrund.com\/index.php\/novos-estilistas-novos-momentos\/chloe-paris-fashion-week\/\" data-orig-file=\"https:\/\/i0.wp.com\/agrund.com\/wp-content\/uploads\/sites\/6\/2017\/10\/Chloe-Paris-Fashion-Week-e1507319610866.jpeg?fit=600%2C450&amp;ssl=1\" data-orig-size=\"600,450\" data-comments-opened=\"1\" data-image-meta=\"{&quot;aperture&quot;:&quot;0&quot;,&quot;credit&quot;:&quot;&quot;,&quot;camera&quot;:&quot;&quot;,&quot;caption&quot;:&quot;&quot;,&quot;created_timestamp&quot;:&quot;0&quot;,&quot;copyright&quot;:&quot;&quot;,&quot;focal_length&quot;:&quot;0&quot;,&quot;iso&quot;:&quot;0&quot;,&quot;shutter_speed&quot;:&quot;0&quot;,&quot;title&quot;:&quot;&quot;,&quot;orientation&quot;:&quot;0&quot;}\" data-image-title=\"Novos estilistas, novos momentos\" data-image-description=\"\" data-image-caption=\"&lt;p&gt;Novos estilistas, novos momentos&lt;\/p&gt;\n\" data-medium-file=\"https:\/\/i0.wp.com\/agrund.com\/wp-content\/uploads\/sites\/6\/2017\/10\/Chloe-Paris-Fashion-Week-e1507319610866.jpeg?fit=300%2C225&amp;ssl=1\" data-large-file=\"https:\/\/i0.wp.com\/agrund.com\/wp-content\/uploads\/sites\/6\/2017\/10\/Chloe-Paris-Fashion-Week-e1507319610866.jpeg?fit=1024%2C768&amp;ssl=1\" decoding=\"async\" loading=\"lazy\" class=\"size-full wp-image-174438\" src=\"https:\/\/i0.wp.com\/www.agrund.com\/wp-content\/uploads\/sites\/6\/2017\/10\/Chloe-Paris-Fashion-Week-e1507319610866.jpeg?resize=600%2C450\" alt=\"\" width=\"600\" height=\"450\" data-recalc-dims=\"1\" \/><p id=\"caption-attachment-174438\" class=\"wp-caption-text\">Novos estilistas, novos momentos<\/p><\/div>\n<p>Recentemente, Clare Waight Keller saiu da Chlo\u00e9 e quem assumiu a dire\u00e7\u00e3o criativa da marca foi Natacha Ramsay-Levi. Natacha come\u00e7ou a carreira no universo da moda servindo cafezinho na Balenciaga, aos poucos foi subindo os degraus at\u00e9 chegar na equipe de estilo de Nicolas Ghesqui\u00e8re na Louis Vuitton (seu \u00faltimo cargo antes de assumir a dire\u00e7\u00e3o criativa da Chlo\u00e9). A primeira cole\u00e7\u00e3o assinada por ela no novo trabalho foi apresentada h\u00e1 poucos dias durante a PFW. Os tra\u00e7os do DNA de Louis Vuitton na cole\u00e7\u00e3o s\u00e3o percept\u00edveis, deixando claro uma dificuldade de se desvencilhar da ess\u00eancia da grife. Apesar disso, a chegada de Natacha \u00e9 a oportunidade perfeita para trazer a jovialidade no ponto certo e muito frescor.<\/p>\n<div id=\"attachment_174439\" style=\"width: 610px\" class=\"wp-caption aligncenter\"><img aria-describedby=\"caption-attachment-174439\" data-attachment-id=\"174439\" data-permalink=\"https:\/\/agrund.com\/index.php\/novos-estilistas-novos-momentos\/lanvin-paris-fashion-week\/\" data-orig-file=\"https:\/\/i0.wp.com\/agrund.com\/wp-content\/uploads\/sites\/6\/2017\/10\/Lanvin-Paris-Fashion-Week-e1507319654296.jpeg?fit=600%2C450&amp;ssl=1\" data-orig-size=\"600,450\" data-comments-opened=\"1\" data-image-meta=\"{&quot;aperture&quot;:&quot;0&quot;,&quot;credit&quot;:&quot;&quot;,&quot;camera&quot;:&quot;&quot;,&quot;caption&quot;:&quot;&quot;,&quot;created_timestamp&quot;:&quot;0&quot;,&quot;copyright&quot;:&quot;&quot;,&quot;focal_length&quot;:&quot;0&quot;,&quot;iso&quot;:&quot;0&quot;,&quot;shutter_speed&quot;:&quot;0&quot;,&quot;title&quot;:&quot;&quot;,&quot;orientation&quot;:&quot;0&quot;}\" data-image-title=\"Novos estilistas, novos momentos\" data-image-description=\"\" data-image-caption=\"&lt;p&gt;Novos estilistas, novos momentos&lt;\/p&gt;\n\" data-medium-file=\"https:\/\/i0.wp.com\/agrund.com\/wp-content\/uploads\/sites\/6\/2017\/10\/Lanvin-Paris-Fashion-Week-e1507319654296.jpeg?fit=300%2C225&amp;ssl=1\" data-large-file=\"https:\/\/i0.wp.com\/agrund.com\/wp-content\/uploads\/sites\/6\/2017\/10\/Lanvin-Paris-Fashion-Week-e1507319654296.jpeg?fit=1024%2C768&amp;ssl=1\" decoding=\"async\" loading=\"lazy\" class=\"size-full wp-image-174439\" src=\"https:\/\/i0.wp.com\/www.agrund.com\/wp-content\/uploads\/sites\/6\/2017\/10\/Lanvin-Paris-Fashion-Week-e1507319654296.jpeg?resize=600%2C450\" alt=\"\" width=\"600\" height=\"450\" data-recalc-dims=\"1\" \/><p id=\"caption-attachment-174439\" class=\"wp-caption-text\">Novos estilistas, novos momentos<\/p><\/div>\n<p>A troca de estilistas da Lanvin \u00e9 cheia de hist\u00f3ria. Sendo uma das marcas mais comentadas nos \u00e1ureos tempos de Alber Elbaz, Bouchra Jarrar assumiu a dire\u00e7\u00e3o criativa ap\u00f3s a sa\u00edda de Elbaz mas ficou por apenas 16 meses e quem a substituiu foi Olivier Lapidus. A sua primeira cole\u00e7\u00e3o na marca, tamb\u00e9m apresentada no PFW, usou e abusou da logomania. O momento da Lanvin \u00e9 de perigo, afinal as vendas ca\u00edram 20% no ano passado e a falta de interesse por parte dos investidores \u00e9 grande. O que nos resta \u00e9 acompanhar o trajeto de Olivier para conferir se ele conseguir\u00e1 reerguer a grife.<\/p>\n<p>Mais em <a href=\"http:\/\/borboletavintage.com.br\/\">Borboleta Vintage<\/a>.<br \/>\nInstagram: <a href=\"https:\/\/www.instagram.com\/borboletavintage\/\">@borboletavintage<\/a><\/p>\n<p>Fotos: Reprodu\u00e7\u00e3o.<\/p>\n","protected":false},"excerpt":{"rendered":"<p>Por Let\u00edcia Santana A semana de moda mais aguardada, tamb\u00e9m conhecida como santa Paris Fashion Week, iniciou-se na ter\u00e7a da \u00faltima semana (23\/09). Logo de cara, confirmou-se uma tend\u00eancia j\u00e1 prevista: cada vez mais, as cole\u00e7\u00f5es de grandes marcas tornam-se puramente comerciais. O jovial, o falso despretensioso e o famoso \u201cready to instagram\u201d dominaram as [&hellip;]<\/p>\n","protected":false},"author":8,"featured_media":174440,"comment_status":"open","ping_status":"open","sticky":false,"template":"","format":"standard","meta":{"jetpack_post_was_ever_published":false,"_jetpack_newsletter_access":"","jetpack_publicize_message":"","jetpack_is_tweetstorm":false,"jetpack_publicize_feature_enabled":true,"jetpack_social_post_already_shared":true,"jetpack_social_options":{"image_generator_settings":{"template":"highway","enabled":false}}},"categories":[2],"tags":[],"jetpack_publicize_connections":[],"jetpack_featured_media_url":"https:\/\/i0.wp.com\/agrund.com\/wp-content\/uploads\/sites\/6\/2017\/10\/s-45.jpg?fit=960%2C300&ssl=1","jetpack_sharing_enabled":true,"jetpack_shortlink":"https:\/\/wp.me\/p3Hz0n-Jnv","jetpack_likes_enabled":true,"_links":{"self":[{"href":"https:\/\/agrund.com\/index.php\/wp-json\/wp\/v2\/posts\/174437"}],"collection":[{"href":"https:\/\/agrund.com\/index.php\/wp-json\/wp\/v2\/posts"}],"about":[{"href":"https:\/\/agrund.com\/index.php\/wp-json\/wp\/v2\/types\/post"}],"author":[{"embeddable":true,"href":"https:\/\/agrund.com\/index.php\/wp-json\/wp\/v2\/users\/8"}],"replies":[{"embeddable":true,"href":"https:\/\/agrund.com\/index.php\/wp-json\/wp\/v2\/comments?post=174437"}],"version-history":[{"count":0,"href":"https:\/\/agrund.com\/index.php\/wp-json\/wp\/v2\/posts\/174437\/revisions"}],"wp:featuredmedia":[{"embeddable":true,"href":"https:\/\/agrund.com\/index.php\/wp-json\/wp\/v2\/media\/174440"}],"wp:attachment":[{"href":"https:\/\/agrund.com\/index.php\/wp-json\/wp\/v2\/media?parent=174437"}],"wp:term":[{"taxonomy":"category","embeddable":true,"href":"https:\/\/agrund.com\/index.php\/wp-json\/wp\/v2\/categories?post=174437"},{"taxonomy":"post_tag","embeddable":true,"href":"https:\/\/agrund.com\/index.php\/wp-json\/wp\/v2\/tags?post=174437"}],"curies":[{"name":"wp","href":"https:\/\/api.w.org\/{rel}","templated":true}]}}