{"id":174426,"date":"2017-10-06T12:00:39","date_gmt":"2017-10-06T15:00:39","guid":{"rendered":"http:\/\/www.agrund.com\/?p=174426"},"modified":"2017-10-06T09:46:35","modified_gmt":"2017-10-06T12:46:35","slug":"minas-trend-inverno-2018-ja-ouviu-falar-em-sapatos-veganos","status":"publish","type":"post","link":"https:\/\/agrund.com\/index.php\/minas-trend-inverno-2018-ja-ouviu-falar-em-sapatos-veganos\/","title":{"rendered":"Minas Trend Inverno 2018 :: J\u00e1 ouviu falar em sapatos veganos?"},"content":{"rendered":"<p>Texto por Thay Sanqueta<br \/>\nEdi\u00e7\u00e3o por Rafaela Piovezani<\/p>\n<p>Nas minhas visitas pelos estandes do Sal\u00e3o de Neg\u00f3cios do Minas Trend, fiz quest\u00e3o de conferir de perto os sapatos da Est\u00fadio NHNH, desfilados na passarela da Plural. Chegando l\u00e1, conheci o restante da bel\u00edssima cole\u00e7\u00e3o e fiquei surpresa ao saber que s\u00e3o veganos.<\/p>\n<p>Lu\u00edsa Jord\u00e1, diretora criativa da marca, foi al\u00e9m, pois seus sapatos n\u00e3o cont\u00e9m produtos e\/ou subprodutos de animais e tamb\u00e9m s\u00e3o feitos de material reciclado. Isso me causou um duplo espanto, pois os sapatos s\u00e3o arrojados, de design moderno e acabamento impec\u00e1vel! O scarpin que &#8220;foi amor \u00e0 primeira vista&#8221; quando vi na passarela da Plural \u00e9 feito com tecido de persianas.<\/p>\n<p>Eu nunca tinha ouvido falar em sapatos feitos a partir de persianas que seriam queimadas, de ou cinto de seguran\u00e7a. Siiiiiiiim! Tinha uma linda slide em que o cabedal era um cinto de seguran\u00e7a! Mas n\u00e3o para por a\u00ed, o cachorrinho que aparece na campanha da cole\u00e7\u00e3o foi adotado pela Lu\u00edsa com as quatro patas quebradas.<\/p>\n<p>Ufaaaaaaa! Um tanto de hist\u00f3ria,n\u00e9? N\u00e3o abri m\u00e3o de colocar todas essas informa\u00e7\u00f5es neste texto para voc\u00eas. Apesar de toda essa bagagem, a marca acaba de nascer e tem menos de um ano. Alguma d\u00favida de que ouviremos falar muitas vezes dela?<\/p>\n<p>Design, beleza, sustentabilidade e sensibilidade. Tudo em em \u00fanico produto! Voc\u00eas t\u00eam o meu respeito e admira\u00e7\u00e3o.<\/p>\n<div id=\"attachment_174427\" style=\"width: 610px\" class=\"wp-caption aligncenter\"><img aria-describedby=\"caption-attachment-174427\" data-attachment-id=\"174427\" data-permalink=\"https:\/\/agrund.com\/index.php\/minas-trend-inverno-2018-ja-ouviu-falar-em-sapatos-veganos\/img_0241\/\" data-orig-file=\"https:\/\/i0.wp.com\/agrund.com\/wp-content\/uploads\/sites\/6\/2017\/10\/IMG_0241.jpg?fit=600%2C400&amp;ssl=1\" data-orig-size=\"600,400\" data-comments-opened=\"1\" data-image-meta=\"{&quot;aperture&quot;:&quot;4&quot;,&quot;credit&quot;:&quot;&quot;,&quot;camera&quot;:&quot;Canon EOS REBEL T3i&quot;,&quot;caption&quot;:&quot;&quot;,&quot;created_timestamp&quot;:&quot;1507222187&quot;,&quot;copyright&quot;:&quot;&quot;,&quot;focal_length&quot;:&quot;27&quot;,&quot;iso&quot;:&quot;800&quot;,&quot;shutter_speed&quot;:&quot;0.02&quot;,&quot;title&quot;:&quot;&quot;,&quot;orientation&quot;:&quot;1&quot;}\" data-image-title=\"Minas Trend Inverno 2018 :: J\u00e1 ouviu falar em sapatos veganos?\" data-image-description=\"\" data-image-caption=\"&lt;p&gt;Minas Trend Inverno 2018 :: J\u00e1 ouviu falar em sapatos veganos?&lt;\/p&gt;\n\" data-medium-file=\"https:\/\/i0.wp.com\/agrund.com\/wp-content\/uploads\/sites\/6\/2017\/10\/IMG_0241.jpg?fit=300%2C200&amp;ssl=1\" data-large-file=\"https:\/\/i0.wp.com\/agrund.com\/wp-content\/uploads\/sites\/6\/2017\/10\/IMG_0241.jpg?fit=600%2C400&amp;ssl=1\" decoding=\"async\" loading=\"lazy\" class=\"size-full wp-image-174427\" src=\"https:\/\/i0.wp.com\/www.agrund.com\/wp-content\/uploads\/sites\/6\/2017\/10\/IMG_0241.jpg?resize=600%2C400\" alt=\"\" width=\"600\" height=\"400\" srcset=\"https:\/\/i0.wp.com\/agrund.com\/wp-content\/uploads\/sites\/6\/2017\/10\/IMG_0241.jpg?w=600&amp;ssl=1 600w, https:\/\/i0.wp.com\/agrund.com\/wp-content\/uploads\/sites\/6\/2017\/10\/IMG_0241.jpg?resize=300%2C200&amp;ssl=1 300w\" sizes=\"(max-width: 600px) 100vw, 600px\" data-recalc-dims=\"1\" \/><p id=\"caption-attachment-174427\" class=\"wp-caption-text\">Minas Trend Inverno 2018 :: J\u00e1 ouviu falar em sapatos veganos?<\/p><\/div>\n<div id=\"attachment_174428\" style=\"width: 610px\" class=\"wp-caption aligncenter\"><img aria-describedby=\"caption-attachment-174428\" data-attachment-id=\"174428\" data-permalink=\"https:\/\/agrund.com\/index.php\/minas-trend-inverno-2018-ja-ouviu-falar-em-sapatos-veganos\/img_0242\/\" data-orig-file=\"https:\/\/i0.wp.com\/agrund.com\/wp-content\/uploads\/sites\/6\/2017\/10\/IMG_0242.jpg?fit=600%2C400&amp;ssl=1\" data-orig-size=\"600,400\" data-comments-opened=\"1\" data-image-meta=\"{&quot;aperture&quot;:&quot;4.5&quot;,&quot;credit&quot;:&quot;&quot;,&quot;camera&quot;:&quot;Canon EOS REBEL T3i&quot;,&quot;caption&quot;:&quot;&quot;,&quot;created_timestamp&quot;:&quot;1507222192&quot;,&quot;copyright&quot;:&quot;&quot;,&quot;focal_length&quot;:&quot;35&quot;,&quot;iso&quot;:&quot;1000&quot;,&quot;shutter_speed&quot;:&quot;0.0166666666667&quot;,&quot;title&quot;:&quot;&quot;,&quot;orientation&quot;:&quot;1&quot;}\" data-image-title=\"Minas Trend Inverno 2018 :: J\u00e1 ouviu falar em sapatos veganos?\" data-image-description=\"\" data-image-caption=\"&lt;p&gt;Minas Trend Inverno 2018 :: J\u00e1 ouviu falar em sapatos veganos?&lt;\/p&gt;\n\" data-medium-file=\"https:\/\/i0.wp.com\/agrund.com\/wp-content\/uploads\/sites\/6\/2017\/10\/IMG_0242.jpg?fit=300%2C200&amp;ssl=1\" data-large-file=\"https:\/\/i0.wp.com\/agrund.com\/wp-content\/uploads\/sites\/6\/2017\/10\/IMG_0242.jpg?fit=600%2C400&amp;ssl=1\" decoding=\"async\" loading=\"lazy\" class=\"size-full wp-image-174428\" src=\"https:\/\/i0.wp.com\/www.agrund.com\/wp-content\/uploads\/sites\/6\/2017\/10\/IMG_0242.jpg?resize=600%2C400\" alt=\"\" width=\"600\" height=\"400\" srcset=\"https:\/\/i0.wp.com\/agrund.com\/wp-content\/uploads\/sites\/6\/2017\/10\/IMG_0242.jpg?w=600&amp;ssl=1 600w, https:\/\/i0.wp.com\/agrund.com\/wp-content\/uploads\/sites\/6\/2017\/10\/IMG_0242.jpg?resize=300%2C200&amp;ssl=1 300w\" sizes=\"(max-width: 600px) 100vw, 600px\" data-recalc-dims=\"1\" \/><p id=\"caption-attachment-174428\" class=\"wp-caption-text\">Minas Trend Inverno 2018 :: J\u00e1 ouviu falar em sapatos veganos?<\/p><\/div>\n<div id=\"attachment_174429\" style=\"width: 610px\" class=\"wp-caption aligncenter\"><img aria-describedby=\"caption-attachment-174429\" data-attachment-id=\"174429\" data-permalink=\"https:\/\/agrund.com\/index.php\/minas-trend-inverno-2018-ja-ouviu-falar-em-sapatos-veganos\/img_0244\/\" data-orig-file=\"https:\/\/i0.wp.com\/agrund.com\/wp-content\/uploads\/sites\/6\/2017\/10\/IMG_0244.jpg?fit=600%2C400&amp;ssl=1\" data-orig-size=\"600,400\" data-comments-opened=\"1\" data-image-meta=\"{&quot;aperture&quot;:&quot;5&quot;,&quot;credit&quot;:&quot;&quot;,&quot;camera&quot;:&quot;Canon EOS REBEL T3i&quot;,&quot;caption&quot;:&quot;&quot;,&quot;created_timestamp&quot;:&quot;1507222214&quot;,&quot;copyright&quot;:&quot;&quot;,&quot;focal_length&quot;:&quot;41&quot;,&quot;iso&quot;:&quot;3200&quot;,&quot;shutter_speed&quot;:&quot;0.0166666666667&quot;,&quot;title&quot;:&quot;&quot;,&quot;orientation&quot;:&quot;1&quot;}\" data-image-title=\"Minas Trend Inverno 2018 :: J\u00e1 ouviu falar em sapatos veganos?\" data-image-description=\"\" data-image-caption=\"&lt;p&gt;Minas Trend Inverno 2018 :: J\u00e1 ouviu falar em sapatos veganos?&lt;\/p&gt;\n\" data-medium-file=\"https:\/\/i0.wp.com\/agrund.com\/wp-content\/uploads\/sites\/6\/2017\/10\/IMG_0244.jpg?fit=300%2C200&amp;ssl=1\" data-large-file=\"https:\/\/i0.wp.com\/agrund.com\/wp-content\/uploads\/sites\/6\/2017\/10\/IMG_0244.jpg?fit=600%2C400&amp;ssl=1\" decoding=\"async\" loading=\"lazy\" class=\"size-full wp-image-174429\" src=\"https:\/\/i0.wp.com\/www.agrund.com\/wp-content\/uploads\/sites\/6\/2017\/10\/IMG_0244.jpg?resize=600%2C400\" alt=\"\" width=\"600\" height=\"400\" srcset=\"https:\/\/i0.wp.com\/agrund.com\/wp-content\/uploads\/sites\/6\/2017\/10\/IMG_0244.jpg?w=600&amp;ssl=1 600w, https:\/\/i0.wp.com\/agrund.com\/wp-content\/uploads\/sites\/6\/2017\/10\/IMG_0244.jpg?resize=300%2C200&amp;ssl=1 300w\" sizes=\"(max-width: 600px) 100vw, 600px\" data-recalc-dims=\"1\" \/><p id=\"caption-attachment-174429\" class=\"wp-caption-text\">Minas Trend Inverno 2018 :: J\u00e1 ouviu falar em sapatos veganos?<\/p><\/div>\n<div id=\"attachment_174430\" style=\"width: 610px\" class=\"wp-caption aligncenter\"><img aria-describedby=\"caption-attachment-174430\" data-attachment-id=\"174430\" data-permalink=\"https:\/\/agrund.com\/index.php\/minas-trend-inverno-2018-ja-ouviu-falar-em-sapatos-veganos\/img_0245\/\" data-orig-file=\"https:\/\/i0.wp.com\/agrund.com\/wp-content\/uploads\/sites\/6\/2017\/10\/IMG_0245.jpg?fit=600%2C400&amp;ssl=1\" data-orig-size=\"600,400\" data-comments-opened=\"1\" data-image-meta=\"{&quot;aperture&quot;:&quot;4.5&quot;,&quot;credit&quot;:&quot;&quot;,&quot;camera&quot;:&quot;Canon EOS REBEL T3i&quot;,&quot;caption&quot;:&quot;&quot;,&quot;created_timestamp&quot;:&quot;1507222221&quot;,&quot;copyright&quot;:&quot;&quot;,&quot;focal_length&quot;:&quot;34&quot;,&quot;iso&quot;:&quot;2000&quot;,&quot;shutter_speed&quot;:&quot;0.0166666666667&quot;,&quot;title&quot;:&quot;&quot;,&quot;orientation&quot;:&quot;1&quot;}\" data-image-title=\"Minas Trend Inverno 2018 :: J\u00e1 ouviu falar em sapatos veganos?\" data-image-description=\"\" data-image-caption=\"&lt;p&gt;Minas Trend Inverno 2018 :: J\u00e1 ouviu falar em sapatos veganos?&lt;\/p&gt;\n\" data-medium-file=\"https:\/\/i0.wp.com\/agrund.com\/wp-content\/uploads\/sites\/6\/2017\/10\/IMG_0245.jpg?fit=300%2C200&amp;ssl=1\" data-large-file=\"https:\/\/i0.wp.com\/agrund.com\/wp-content\/uploads\/sites\/6\/2017\/10\/IMG_0245.jpg?fit=600%2C400&amp;ssl=1\" decoding=\"async\" loading=\"lazy\" class=\"size-full wp-image-174430\" src=\"https:\/\/i0.wp.com\/www.agrund.com\/wp-content\/uploads\/sites\/6\/2017\/10\/IMG_0245.jpg?resize=600%2C400\" alt=\"\" width=\"600\" height=\"400\" srcset=\"https:\/\/i0.wp.com\/agrund.com\/wp-content\/uploads\/sites\/6\/2017\/10\/IMG_0245.jpg?w=600&amp;ssl=1 600w, https:\/\/i0.wp.com\/agrund.com\/wp-content\/uploads\/sites\/6\/2017\/10\/IMG_0245.jpg?resize=300%2C200&amp;ssl=1 300w\" sizes=\"(max-width: 600px) 100vw, 600px\" data-recalc-dims=\"1\" \/><p id=\"caption-attachment-174430\" class=\"wp-caption-text\">Minas Trend Inverno 2018 :: J\u00e1 ouviu falar em sapatos veganos?<\/p><\/div>\n<div id=\"attachment_174431\" style=\"width: 610px\" class=\"wp-caption aligncenter\"><img aria-describedby=\"caption-attachment-174431\" data-attachment-id=\"174431\" data-permalink=\"https:\/\/agrund.com\/index.php\/minas-trend-inverno-2018-ja-ouviu-falar-em-sapatos-veganos\/img_0249\/\" data-orig-file=\"https:\/\/i0.wp.com\/agrund.com\/wp-content\/uploads\/sites\/6\/2017\/10\/IMG_0249.jpg?fit=600%2C400&amp;ssl=1\" data-orig-size=\"600,400\" data-comments-opened=\"1\" data-image-meta=\"{&quot;aperture&quot;:&quot;4.5&quot;,&quot;credit&quot;:&quot;&quot;,&quot;camera&quot;:&quot;Canon EOS REBEL T3i&quot;,&quot;caption&quot;:&quot;&quot;,&quot;created_timestamp&quot;:&quot;1507222268&quot;,&quot;copyright&quot;:&quot;&quot;,&quot;focal_length&quot;:&quot;32&quot;,&quot;iso&quot;:&quot;1250&quot;,&quot;shutter_speed&quot;:&quot;0.02&quot;,&quot;title&quot;:&quot;&quot;,&quot;orientation&quot;:&quot;1&quot;}\" data-image-title=\"Minas Trend Inverno 2018 :: J\u00e1 ouviu falar em sapatos veganos?\" data-image-description=\"\" data-image-caption=\"&lt;p&gt;Minas Trend Inverno 2018 :: J\u00e1 ouviu falar em sapatos veganos?&lt;\/p&gt;\n\" data-medium-file=\"https:\/\/i0.wp.com\/agrund.com\/wp-content\/uploads\/sites\/6\/2017\/10\/IMG_0249.jpg?fit=300%2C200&amp;ssl=1\" data-large-file=\"https:\/\/i0.wp.com\/agrund.com\/wp-content\/uploads\/sites\/6\/2017\/10\/IMG_0249.jpg?fit=600%2C400&amp;ssl=1\" decoding=\"async\" loading=\"lazy\" class=\"size-full wp-image-174431\" src=\"https:\/\/i0.wp.com\/www.agrund.com\/wp-content\/uploads\/sites\/6\/2017\/10\/IMG_0249.jpg?resize=600%2C400\" alt=\"\" width=\"600\" height=\"400\" srcset=\"https:\/\/i0.wp.com\/agrund.com\/wp-content\/uploads\/sites\/6\/2017\/10\/IMG_0249.jpg?w=600&amp;ssl=1 600w, https:\/\/i0.wp.com\/agrund.com\/wp-content\/uploads\/sites\/6\/2017\/10\/IMG_0249.jpg?resize=300%2C200&amp;ssl=1 300w\" sizes=\"(max-width: 600px) 100vw, 600px\" data-recalc-dims=\"1\" \/><p id=\"caption-attachment-174431\" class=\"wp-caption-text\">Minas Trend Inverno 2018 :: J\u00e1 ouviu falar em sapatos veganos?<\/p><\/div>\n<div id=\"attachment_174432\" style=\"width: 610px\" class=\"wp-caption aligncenter\"><img aria-describedby=\"caption-attachment-174432\" data-attachment-id=\"174432\" data-permalink=\"https:\/\/agrund.com\/index.php\/minas-trend-inverno-2018-ja-ouviu-falar-em-sapatos-veganos\/img_0252\/\" data-orig-file=\"https:\/\/i0.wp.com\/agrund.com\/wp-content\/uploads\/sites\/6\/2017\/10\/IMG_0252.jpg?fit=600%2C414&amp;ssl=1\" data-orig-size=\"600,414\" data-comments-opened=\"1\" data-image-meta=\"{&quot;aperture&quot;:&quot;3.5&quot;,&quot;credit&quot;:&quot;&quot;,&quot;camera&quot;:&quot;Canon EOS REBEL T3i&quot;,&quot;caption&quot;:&quot;&quot;,&quot;created_timestamp&quot;:&quot;1507222622&quot;,&quot;copyright&quot;:&quot;&quot;,&quot;focal_length&quot;:&quot;23&quot;,&quot;iso&quot;:&quot;500&quot;,&quot;shutter_speed&quot;:&quot;0.025&quot;,&quot;title&quot;:&quot;&quot;,&quot;orientation&quot;:&quot;1&quot;}\" data-image-title=\"Minas Trend Inverno 2018 :: J\u00e1 ouviu falar em sapatos veganos?\" data-image-description=\"\" data-image-caption=\"&lt;p&gt;Minas Trend Inverno 2018 :: J\u00e1 ouviu falar em sapatos veganos?&lt;\/p&gt;\n\" data-medium-file=\"https:\/\/i0.wp.com\/agrund.com\/wp-content\/uploads\/sites\/6\/2017\/10\/IMG_0252.jpg?fit=300%2C207&amp;ssl=1\" data-large-file=\"https:\/\/i0.wp.com\/agrund.com\/wp-content\/uploads\/sites\/6\/2017\/10\/IMG_0252.jpg?fit=600%2C414&amp;ssl=1\" decoding=\"async\" loading=\"lazy\" class=\"size-full wp-image-174432\" src=\"https:\/\/i0.wp.com\/www.agrund.com\/wp-content\/uploads\/sites\/6\/2017\/10\/IMG_0252.jpg?resize=600%2C414\" alt=\"\" width=\"600\" height=\"414\" srcset=\"https:\/\/i0.wp.com\/agrund.com\/wp-content\/uploads\/sites\/6\/2017\/10\/IMG_0252.jpg?w=600&amp;ssl=1 600w, https:\/\/i0.wp.com\/agrund.com\/wp-content\/uploads\/sites\/6\/2017\/10\/IMG_0252.jpg?resize=300%2C207&amp;ssl=1 300w\" sizes=\"(max-width: 600px) 100vw, 600px\" data-recalc-dims=\"1\" \/><p id=\"caption-attachment-174432\" class=\"wp-caption-text\">Minas Trend Inverno 2018 :: J\u00e1 ouviu falar em sapatos veganos?<\/p><\/div>\n<p>Fotos: Murilo Mahler.<\/p>\n","protected":false},"excerpt":{"rendered":"<p>Texto por Thay Sanqueta Edi\u00e7\u00e3o por Rafaela Piovezani Nas minhas visitas pelos estandes do Sal\u00e3o de Neg\u00f3cios do Minas Trend, fiz quest\u00e3o de conferir de perto os sapatos da Est\u00fadio NHNH, desfilados na passarela da Plural. Chegando l\u00e1, conheci o restante da bel\u00edssima cole\u00e7\u00e3o e fiquei surpresa ao saber que s\u00e3o veganos. Lu\u00edsa Jord\u00e1, diretora [&hellip;]<\/p>\n","protected":false},"author":8,"featured_media":174433,"comment_status":"open","ping_status":"open","sticky":false,"template":"","format":"standard","meta":{"jetpack_post_was_ever_published":false,"_jetpack_newsletter_access":"","jetpack_publicize_message":"","jetpack_is_tweetstorm":false,"jetpack_publicize_feature_enabled":true,"jetpack_social_post_already_shared":true,"jetpack_social_options":{"image_generator_settings":{"template":"highway","enabled":false}}},"categories":[9,2],"tags":[],"jetpack_publicize_connections":[],"jetpack_featured_media_url":"https:\/\/i0.wp.com\/agrund.com\/wp-content\/uploads\/sites\/6\/2017\/10\/s-44.jpg?fit=960%2C300&ssl=1","jetpack_sharing_enabled":true,"jetpack_shortlink":"https:\/\/wp.me\/p3Hz0n-Jnk","jetpack_likes_enabled":true,"_links":{"self":[{"href":"https:\/\/agrund.com\/index.php\/wp-json\/wp\/v2\/posts\/174426"}],"collection":[{"href":"https:\/\/agrund.com\/index.php\/wp-json\/wp\/v2\/posts"}],"about":[{"href":"https:\/\/agrund.com\/index.php\/wp-json\/wp\/v2\/types\/post"}],"author":[{"embeddable":true,"href":"https:\/\/agrund.com\/index.php\/wp-json\/wp\/v2\/users\/8"}],"replies":[{"embeddable":true,"href":"https:\/\/agrund.com\/index.php\/wp-json\/wp\/v2\/comments?post=174426"}],"version-history":[{"count":0,"href":"https:\/\/agrund.com\/index.php\/wp-json\/wp\/v2\/posts\/174426\/revisions"}],"wp:featuredmedia":[{"embeddable":true,"href":"https:\/\/agrund.com\/index.php\/wp-json\/wp\/v2\/media\/174433"}],"wp:attachment":[{"href":"https:\/\/agrund.com\/index.php\/wp-json\/wp\/v2\/media?parent=174426"}],"wp:term":[{"taxonomy":"category","embeddable":true,"href":"https:\/\/agrund.com\/index.php\/wp-json\/wp\/v2\/categories?post=174426"},{"taxonomy":"post_tag","embeddable":true,"href":"https:\/\/agrund.com\/index.php\/wp-json\/wp\/v2\/tags?post=174426"}],"curies":[{"name":"wp","href":"https:\/\/api.w.org\/{rel}","templated":true}]}}