{"id":174338,"date":"2017-10-05T15:52:22","date_gmt":"2017-10-05T18:52:22","guid":{"rendered":"http:\/\/www.agrund.com\/?p=174338"},"modified":"2017-10-05T15:52:22","modified_gmt":"2017-10-05T18:52:22","slug":"minas-trend-inverno-2018-a-estamparia-da-anne-est-folle","status":"publish","type":"post","link":"https:\/\/agrund.com\/index.php\/minas-trend-inverno-2018-a-estamparia-da-anne-est-folle\/","title":{"rendered":"Minas Trend Inverno 2018 :: A estamparia da Anne Est Folle"},"content":{"rendered":"<p>Por Rafaela Piovezani<\/p>\n<p>A Anne Est Folle apresentou o seu inverno 2018 no segundo dia do Minas Trend. Na passarela, vimos uma invas\u00e3o de estampas bem trabalhadas inspiradas na arte, design e arquitetura. Dentre as t\u00e9cnicas utilizadas para a cria\u00e7\u00e3o dos desenhos, temos pinturas feitas a \u00f3leo e acr\u00edlico que foram digitalizadas e o tie dye feito \u00e0 m\u00e3o.<\/p>\n<p>As pe\u00e7as brincam com o volume e a fluidez, como nos comprimentos midi das saias, cal\u00e7as e vestidos. O toque de romantismo ficou por conta das cinturas marcadas e mangas arredondadas. Tudo isso trabalhado com bordados, jacquards, aplica\u00e7\u00f5es de seda e tric\u00f4.<\/p>\n<p>A cartela de cores trouxe desde cl\u00e1ssicos preto, branco, marinho e verde escuro aos terrosos vermelho, cobre, e o dourado e o turquesa.<\/p>\n<div id=\"attachment_174339\" style=\"width: 610px\" class=\"wp-caption aligncenter\"><img aria-describedby=\"caption-attachment-174339\" data-attachment-id=\"174339\" data-permalink=\"https:\/\/agrund.com\/index.php\/minas-trend-inverno-2018-a-estamparia-da-anne-est-folle\/anne-est-folle-21\/\" data-orig-file=\"https:\/\/i0.wp.com\/agrund.com\/wp-content\/uploads\/sites\/6\/2017\/10\/aefo_i18_0001-e1507229232991.jpg?fit=600%2C900&amp;ssl=1\" data-orig-size=\"600,900\" data-comments-opened=\"1\" data-image-meta=\"{&quot;aperture&quot;:&quot;5.6&quot;,&quot;credit&quot;:&quot;Ze Takahashi \\\/ FOTOSITE&quot;,&quot;camera&quot;:&quot;NIKON D500&quot;,&quot;caption&quot;:&quot;Anne est Folle\\n\\nMinas Trend - Inverno 2018\\n\\nFoto : Ze Takahashi \\\/  FOTOSITE&quot;,&quot;created_timestamp&quot;:&quot;1507148440&quot;,&quot;copyright&quot;:&quot;\\u00a9 FOTOSITE&quot;,&quot;focal_length&quot;:&quot;185&quot;,&quot;iso&quot;:&quot;800&quot;,&quot;shutter_speed&quot;:&quot;0.0015625&quot;,&quot;title&quot;:&quot;Anne est Folle&quot;,&quot;orientation&quot;:&quot;0&quot;}\" data-image-title=\"Minas Trend Inverno 2018 :: A estamparia da Anne Est Folle\" data-image-description=\"\" data-image-caption=\"&lt;p&gt;Minas Trend Inverno 2018 :: A estamparia da Anne Est Folle &lt;\/p&gt;\n\" data-medium-file=\"https:\/\/i0.wp.com\/agrund.com\/wp-content\/uploads\/sites\/6\/2017\/10\/aefo_i18_0001-e1507229232991.jpg?fit=200%2C300&amp;ssl=1\" data-large-file=\"https:\/\/i0.wp.com\/agrund.com\/wp-content\/uploads\/sites\/6\/2017\/10\/aefo_i18_0001-e1507229232991.jpg?fit=683%2C1024&amp;ssl=1\" decoding=\"async\" loading=\"lazy\" class=\"size-full wp-image-174339\" src=\"https:\/\/i0.wp.com\/www.agrund.com\/wp-content\/uploads\/sites\/6\/2017\/10\/aefo_i18_0001-e1507229232991.jpg?resize=600%2C900\" alt=\"\" width=\"600\" height=\"900\" data-recalc-dims=\"1\" \/><p id=\"caption-attachment-174339\" class=\"wp-caption-text\">Minas Trend Inverno 2018 :: A estamparia da Anne Est Folle<\/p><\/div>\n<div id=\"attachment_174340\" style=\"width: 610px\" class=\"wp-caption aligncenter\"><img aria-describedby=\"caption-attachment-174340\" data-attachment-id=\"174340\" data-permalink=\"https:\/\/agrund.com\/index.php\/minas-trend-inverno-2018-a-estamparia-da-anne-est-folle\/anne-est-folle-22\/\" data-orig-file=\"https:\/\/i0.wp.com\/agrund.com\/wp-content\/uploads\/sites\/6\/2017\/10\/aefo_i18_0005-e1507229248662.jpg?fit=600%2C900&amp;ssl=1\" data-orig-size=\"600,900\" data-comments-opened=\"1\" data-image-meta=\"{&quot;aperture&quot;:&quot;5.6&quot;,&quot;credit&quot;:&quot;Ze Takahashi \\\/ FOTOSITE&quot;,&quot;camera&quot;:&quot;NIKON D500&quot;,&quot;caption&quot;:&quot;Anne est Folle\\n\\nMinas Trend - Inverno 2018\\n\\nFoto : Ze Takahashi \\\/  FOTOSITE&quot;,&quot;created_timestamp&quot;:&quot;1507148467&quot;,&quot;copyright&quot;:&quot;\\u00a9 FOTOSITE&quot;,&quot;focal_length&quot;:&quot;125&quot;,&quot;iso&quot;:&quot;800&quot;,&quot;shutter_speed&quot;:&quot;0.0015625&quot;,&quot;title&quot;:&quot;Anne est Folle&quot;,&quot;orientation&quot;:&quot;0&quot;}\" data-image-title=\"Minas Trend Inverno 2018 :: A estamparia da Anne Est Folle\" data-image-description=\"\" data-image-caption=\"&lt;p&gt;Minas Trend Inverno 2018 :: A estamparia da Anne Est Folle &lt;\/p&gt;\n\" data-medium-file=\"https:\/\/i0.wp.com\/agrund.com\/wp-content\/uploads\/sites\/6\/2017\/10\/aefo_i18_0005-e1507229248662.jpg?fit=200%2C300&amp;ssl=1\" data-large-file=\"https:\/\/i0.wp.com\/agrund.com\/wp-content\/uploads\/sites\/6\/2017\/10\/aefo_i18_0005-e1507229248662.jpg?fit=683%2C1024&amp;ssl=1\" decoding=\"async\" loading=\"lazy\" class=\"size-full wp-image-174340\" src=\"https:\/\/i0.wp.com\/www.agrund.com\/wp-content\/uploads\/sites\/6\/2017\/10\/aefo_i18_0005-e1507229248662.jpg?resize=600%2C900\" alt=\"\" width=\"600\" height=\"900\" data-recalc-dims=\"1\" \/><p id=\"caption-attachment-174340\" class=\"wp-caption-text\">Minas Trend Inverno 2018 :: A estamparia da Anne Est Folle<\/p><\/div>\n<div id=\"attachment_174341\" style=\"width: 610px\" class=\"wp-caption aligncenter\"><img aria-describedby=\"caption-attachment-174341\" data-attachment-id=\"174341\" data-permalink=\"https:\/\/agrund.com\/index.php\/minas-trend-inverno-2018-a-estamparia-da-anne-est-folle\/anne-est-folle-23\/\" data-orig-file=\"https:\/\/i0.wp.com\/agrund.com\/wp-content\/uploads\/sites\/6\/2017\/10\/aefo_i18_0007-1-e1507229261708.jpg?fit=600%2C900&amp;ssl=1\" data-orig-size=\"600,900\" data-comments-opened=\"1\" data-image-meta=\"{&quot;aperture&quot;:&quot;5.6&quot;,&quot;credit&quot;:&quot;Ze Takahashi \\\/ FOTOSITE&quot;,&quot;camera&quot;:&quot;NIKON D500&quot;,&quot;caption&quot;:&quot;Anne est Folle\\n\\nMinas Trend - Inverno 2018\\n\\nFoto : Ze Takahashi \\\/  FOTOSITE&quot;,&quot;created_timestamp&quot;:&quot;1507148477&quot;,&quot;copyright&quot;:&quot;\\u00a9 FOTOSITE&quot;,&quot;focal_length&quot;:&quot;195&quot;,&quot;iso&quot;:&quot;800&quot;,&quot;shutter_speed&quot;:&quot;0.0015625&quot;,&quot;title&quot;:&quot;Anne est Folle&quot;,&quot;orientation&quot;:&quot;0&quot;}\" data-image-title=\"Minas Trend Inverno 2018 :: A estamparia da Anne Est Folle\" data-image-description=\"\" data-image-caption=\"&lt;p&gt;Minas Trend Inverno 2018 :: A estamparia da Anne Est Folle &lt;\/p&gt;\n\" data-medium-file=\"https:\/\/i0.wp.com\/agrund.com\/wp-content\/uploads\/sites\/6\/2017\/10\/aefo_i18_0007-1-e1507229261708.jpg?fit=200%2C300&amp;ssl=1\" data-large-file=\"https:\/\/i0.wp.com\/agrund.com\/wp-content\/uploads\/sites\/6\/2017\/10\/aefo_i18_0007-1-e1507229261708.jpg?fit=683%2C1024&amp;ssl=1\" decoding=\"async\" loading=\"lazy\" class=\"size-full wp-image-174341\" src=\"https:\/\/i0.wp.com\/www.agrund.com\/wp-content\/uploads\/sites\/6\/2017\/10\/aefo_i18_0007-1-e1507229261708.jpg?resize=600%2C900\" alt=\"\" width=\"600\" height=\"900\" data-recalc-dims=\"1\" \/><p id=\"caption-attachment-174341\" class=\"wp-caption-text\">Minas Trend Inverno 2018 :: A estamparia da Anne Est Folle<\/p><\/div>\n<div id=\"attachment_174343\" style=\"width: 610px\" class=\"wp-caption aligncenter\"><img aria-describedby=\"caption-attachment-174343\" data-attachment-id=\"174343\" data-permalink=\"https:\/\/agrund.com\/index.php\/minas-trend-inverno-2018-a-estamparia-da-anne-est-folle\/anne-est-folle-25\/\" data-orig-file=\"https:\/\/i0.wp.com\/agrund.com\/wp-content\/uploads\/sites\/6\/2017\/10\/aefo_i18_0016-e1507229274110.jpg?fit=600%2C900&amp;ssl=1\" data-orig-size=\"600,900\" data-comments-opened=\"1\" data-image-meta=\"{&quot;aperture&quot;:&quot;5.6&quot;,&quot;credit&quot;:&quot;Ze Takahashi \\\/ FOTOSITE&quot;,&quot;camera&quot;:&quot;NIKON D500&quot;,&quot;caption&quot;:&quot;Anne est Folle\\n\\nMinas Trend - Inverno 2018\\n\\nFoto : Ze Takahashi \\\/  FOTOSITE&quot;,&quot;created_timestamp&quot;:&quot;1507148521&quot;,&quot;copyright&quot;:&quot;\\u00a9 FOTOSITE&quot;,&quot;focal_length&quot;:&quot;175&quot;,&quot;iso&quot;:&quot;800&quot;,&quot;shutter_speed&quot;:&quot;0.0015625&quot;,&quot;title&quot;:&quot;Anne est Folle&quot;,&quot;orientation&quot;:&quot;0&quot;}\" data-image-title=\"Minas Trend Inverno 2018 :: A estamparia da Anne Est Folle\" data-image-description=\"\" data-image-caption=\"&lt;p&gt;Minas Trend Inverno 2018 :: A estamparia da Anne Est Folle &lt;\/p&gt;\n\" data-medium-file=\"https:\/\/i0.wp.com\/agrund.com\/wp-content\/uploads\/sites\/6\/2017\/10\/aefo_i18_0016-e1507229274110.jpg?fit=200%2C300&amp;ssl=1\" data-large-file=\"https:\/\/i0.wp.com\/agrund.com\/wp-content\/uploads\/sites\/6\/2017\/10\/aefo_i18_0016-e1507229274110.jpg?fit=683%2C1024&amp;ssl=1\" decoding=\"async\" loading=\"lazy\" class=\"size-full wp-image-174343\" src=\"https:\/\/i0.wp.com\/www.agrund.com\/wp-content\/uploads\/sites\/6\/2017\/10\/aefo_i18_0016-e1507229274110.jpg?resize=600%2C900\" alt=\"\" width=\"600\" height=\"900\" data-recalc-dims=\"1\" \/><p id=\"caption-attachment-174343\" class=\"wp-caption-text\">Minas Trend Inverno 2018 :: A estamparia da Anne Est Folle<\/p><\/div>\n<div id=\"attachment_174344\" style=\"width: 610px\" class=\"wp-caption aligncenter\"><img aria-describedby=\"caption-attachment-174344\" data-attachment-id=\"174344\" data-permalink=\"https:\/\/agrund.com\/index.php\/minas-trend-inverno-2018-a-estamparia-da-anne-est-folle\/anne-est-folle-26\/\" data-orig-file=\"https:\/\/i0.wp.com\/agrund.com\/wp-content\/uploads\/sites\/6\/2017\/10\/aefo_i18_0031-e1507229292128.jpg?fit=600%2C900&amp;ssl=1\" data-orig-size=\"600,900\" data-comments-opened=\"1\" data-image-meta=\"{&quot;aperture&quot;:&quot;5.6&quot;,&quot;credit&quot;:&quot;Ze Takahashi \\\/ FOTOSITE&quot;,&quot;camera&quot;:&quot;NIKON D500&quot;,&quot;caption&quot;:&quot;Anne est Folle\\n\\nMinas Trend - Inverno 2018\\n\\nFoto : Ze Takahashi \\\/  FOTOSITE&quot;,&quot;created_timestamp&quot;:&quot;1507148602&quot;,&quot;copyright&quot;:&quot;\\u00a9 FOTOSITE&quot;,&quot;focal_length&quot;:&quot;200&quot;,&quot;iso&quot;:&quot;800&quot;,&quot;shutter_speed&quot;:&quot;0.0015625&quot;,&quot;title&quot;:&quot;Anne est Folle&quot;,&quot;orientation&quot;:&quot;0&quot;}\" data-image-title=\"Minas Trend Inverno 2018 :: A estamparia da Anne Est Folle\" data-image-description=\"\" data-image-caption=\"&lt;p&gt;Minas Trend Inverno 2018 :: A estamparia da Anne Est Folle&lt;\/p&gt;\n\" data-medium-file=\"https:\/\/i0.wp.com\/agrund.com\/wp-content\/uploads\/sites\/6\/2017\/10\/aefo_i18_0031-e1507229292128.jpg?fit=200%2C300&amp;ssl=1\" data-large-file=\"https:\/\/i0.wp.com\/agrund.com\/wp-content\/uploads\/sites\/6\/2017\/10\/aefo_i18_0031-e1507229292128.jpg?fit=683%2C1024&amp;ssl=1\" decoding=\"async\" loading=\"lazy\" class=\"size-full wp-image-174344\" src=\"https:\/\/i0.wp.com\/www.agrund.com\/wp-content\/uploads\/sites\/6\/2017\/10\/aefo_i18_0031-e1507229292128.jpg?resize=600%2C900\" alt=\"\" width=\"600\" height=\"900\" data-recalc-dims=\"1\" \/><p id=\"caption-attachment-174344\" class=\"wp-caption-text\">Minas Trend Inverno 2018 :: A estamparia da Anne Est Folle<\/p><\/div>\n<div id=\"attachment_174345\" style=\"width: 610px\" class=\"wp-caption aligncenter\"><img aria-describedby=\"caption-attachment-174345\" data-attachment-id=\"174345\" data-permalink=\"https:\/\/agrund.com\/index.php\/minas-trend-inverno-2018-a-estamparia-da-anne-est-folle\/aefo_i18_0034\/\" data-orig-file=\"https:\/\/i0.wp.com\/agrund.com\/wp-content\/uploads\/sites\/6\/2017\/10\/aefo_i18_0034-e1507229302374.jpg?fit=600%2C900&amp;ssl=1\" data-orig-size=\"600,900\" data-comments-opened=\"1\" data-image-meta=\"{&quot;aperture&quot;:&quot;5.6&quot;,&quot;credit&quot;:&quot;&quot;,&quot;camera&quot;:&quot;NIKON D500&quot;,&quot;caption&quot;:&quot;&quot;,&quot;created_timestamp&quot;:&quot;1507148616&quot;,&quot;copyright&quot;:&quot;&quot;,&quot;focal_length&quot;:&quot;200&quot;,&quot;iso&quot;:&quot;800&quot;,&quot;shutter_speed&quot;:&quot;0.0015625&quot;,&quot;title&quot;:&quot;&quot;,&quot;orientation&quot;:&quot;0&quot;}\" data-image-title=\"Minas Trend Inverno 2018 :: A estamparia da Anne Est Folle\" data-image-description=\"\" data-image-caption=\"&lt;p&gt;Minas Trend Inverno 2018 :: A estamparia da Anne Est Folle&lt;\/p&gt;\n\" data-medium-file=\"https:\/\/i0.wp.com\/agrund.com\/wp-content\/uploads\/sites\/6\/2017\/10\/aefo_i18_0034-e1507229302374.jpg?fit=200%2C300&amp;ssl=1\" data-large-file=\"https:\/\/i0.wp.com\/agrund.com\/wp-content\/uploads\/sites\/6\/2017\/10\/aefo_i18_0034-e1507229302374.jpg?fit=683%2C1024&amp;ssl=1\" decoding=\"async\" loading=\"lazy\" class=\"size-full wp-image-174345\" src=\"https:\/\/i0.wp.com\/www.agrund.com\/wp-content\/uploads\/sites\/6\/2017\/10\/aefo_i18_0034-e1507229302374.jpg?resize=600%2C900\" alt=\"\" width=\"600\" height=\"900\" data-recalc-dims=\"1\" \/><p id=\"caption-attachment-174345\" class=\"wp-caption-text\">Minas Trend Inverno 2018 :: A estamparia da Anne Est Folle<\/p><\/div>\n<div id=\"attachment_174346\" style=\"width: 610px\" class=\"wp-caption aligncenter\"><img aria-describedby=\"caption-attachment-174346\" data-attachment-id=\"174346\" data-permalink=\"https:\/\/agrund.com\/index.php\/minas-trend-inverno-2018-a-estamparia-da-anne-est-folle\/anne-est-folle-27\/\" data-orig-file=\"https:\/\/i0.wp.com\/agrund.com\/wp-content\/uploads\/sites\/6\/2017\/10\/aefo_i18_0042-e1507229317142.jpg?fit=600%2C900&amp;ssl=1\" data-orig-size=\"600,900\" data-comments-opened=\"1\" data-image-meta=\"{&quot;aperture&quot;:&quot;5.6&quot;,&quot;credit&quot;:&quot;Ze Takahashi \\\/ FOTOSITE&quot;,&quot;camera&quot;:&quot;NIKON D500&quot;,&quot;caption&quot;:&quot;Anne est Folle\\n\\nMinas Trend - Inverno 2018\\n\\nFoto : Ze Takahashi \\\/  FOTOSITE&quot;,&quot;created_timestamp&quot;:&quot;1507148656&quot;,&quot;copyright&quot;:&quot;\\u00a9 FOTOSITE&quot;,&quot;focal_length&quot;:&quot;200&quot;,&quot;iso&quot;:&quot;800&quot;,&quot;shutter_speed&quot;:&quot;0.0015625&quot;,&quot;title&quot;:&quot;Anne est Folle&quot;,&quot;orientation&quot;:&quot;0&quot;}\" data-image-title=\"Minas Trend Inverno 2018 :: A estamparia da Anne Est Folle\" data-image-description=\"\" data-image-caption=\"&lt;p&gt;Minas Trend Inverno 2018 :: A estamparia da Anne Est Folle &lt;\/p&gt;\n\" data-medium-file=\"https:\/\/i0.wp.com\/agrund.com\/wp-content\/uploads\/sites\/6\/2017\/10\/aefo_i18_0042-e1507229317142.jpg?fit=200%2C300&amp;ssl=1\" data-large-file=\"https:\/\/i0.wp.com\/agrund.com\/wp-content\/uploads\/sites\/6\/2017\/10\/aefo_i18_0042-e1507229317142.jpg?fit=683%2C1024&amp;ssl=1\" decoding=\"async\" loading=\"lazy\" class=\"size-full wp-image-174346\" src=\"https:\/\/i0.wp.com\/www.agrund.com\/wp-content\/uploads\/sites\/6\/2017\/10\/aefo_i18_0042-e1507229317142.jpg?resize=600%2C900\" alt=\"\" width=\"600\" height=\"900\" data-recalc-dims=\"1\" \/><p id=\"caption-attachment-174346\" class=\"wp-caption-text\">Minas Trend Inverno 2018 :: A estamparia da Anne Est Folle<\/p><\/div>\n<div id=\"attachment_174347\" style=\"width: 610px\" class=\"wp-caption aligncenter\"><img aria-describedby=\"caption-attachment-174347\" data-attachment-id=\"174347\" data-permalink=\"https:\/\/agrund.com\/index.php\/minas-trend-inverno-2018-a-estamparia-da-anne-est-folle\/anne-est-folle-28\/\" data-orig-file=\"https:\/\/i0.wp.com\/agrund.com\/wp-content\/uploads\/sites\/6\/2017\/10\/aefo_i18_0050-e1507229331391.jpg?fit=600%2C900&amp;ssl=1\" data-orig-size=\"600,900\" data-comments-opened=\"1\" data-image-meta=\"{&quot;aperture&quot;:&quot;5.6&quot;,&quot;credit&quot;:&quot;Ze Takahashi \\\/ FOTOSITE&quot;,&quot;camera&quot;:&quot;NIKON D500&quot;,&quot;caption&quot;:&quot;Anne est Folle\\n\\nMinas Trend - Inverno 2018\\n\\nFoto : Ze Takahashi \\\/  FOTOSITE&quot;,&quot;created_timestamp&quot;:&quot;1507148697&quot;,&quot;copyright&quot;:&quot;\\u00a9 FOTOSITE&quot;,&quot;focal_length&quot;:&quot;195&quot;,&quot;iso&quot;:&quot;800&quot;,&quot;shutter_speed&quot;:&quot;0.0015625&quot;,&quot;title&quot;:&quot;Anne est Folle&quot;,&quot;orientation&quot;:&quot;0&quot;}\" data-image-title=\"Minas Trend Inverno 2018 :: A estamparia da Anne Est Folle\" data-image-description=\"\" data-image-caption=\"&lt;p&gt;Minas Trend Inverno 2018 :: A estamparia da Anne Est Folle &lt;\/p&gt;\n\" data-medium-file=\"https:\/\/i0.wp.com\/agrund.com\/wp-content\/uploads\/sites\/6\/2017\/10\/aefo_i18_0050-e1507229331391.jpg?fit=200%2C300&amp;ssl=1\" data-large-file=\"https:\/\/i0.wp.com\/agrund.com\/wp-content\/uploads\/sites\/6\/2017\/10\/aefo_i18_0050-e1507229331391.jpg?fit=683%2C1024&amp;ssl=1\" decoding=\"async\" loading=\"lazy\" class=\"size-full wp-image-174347\" src=\"https:\/\/i0.wp.com\/www.agrund.com\/wp-content\/uploads\/sites\/6\/2017\/10\/aefo_i18_0050-e1507229331391.jpg?resize=600%2C900\" alt=\"\" width=\"600\" height=\"900\" data-recalc-dims=\"1\" \/><p id=\"caption-attachment-174347\" class=\"wp-caption-text\">Minas Trend Inverno 2018 :: A estamparia da Anne Est Folle<\/p><\/div>\n<p>Fotos: Divulga\u00e7\u00e3o\/ Ag\u00eancia Fotosite.<\/p>\n","protected":false},"excerpt":{"rendered":"<p>Por Rafaela Piovezani A Anne Est Folle apresentou o seu inverno 2018 no segundo dia do Minas Trend. Na passarela, vimos uma invas\u00e3o de estampas bem trabalhadas inspiradas na arte, design e arquitetura. Dentre as t\u00e9cnicas utilizadas para a cria\u00e7\u00e3o dos desenhos, temos pinturas feitas a \u00f3leo e acr\u00edlico que foram digitalizadas e o tie [&hellip;]<\/p>\n","protected":false},"author":8,"featured_media":174348,"comment_status":"open","ping_status":"open","sticky":false,"template":"","format":"standard","meta":{"jetpack_post_was_ever_published":false,"_jetpack_newsletter_access":"","jetpack_publicize_message":"","jetpack_is_tweetstorm":false,"jetpack_publicize_feature_enabled":true,"jetpack_social_post_already_shared":true,"jetpack_social_options":{"image_generator_settings":{"template":"highway","enabled":false}}},"categories":[9,2],"tags":[],"jetpack_publicize_connections":[],"jetpack_featured_media_url":"https:\/\/i0.wp.com\/agrund.com\/wp-content\/uploads\/sites\/6\/2017\/10\/s-38.jpg?fit=960%2C300&ssl=1","jetpack_sharing_enabled":true,"jetpack_shortlink":"https:\/\/wp.me\/p3Hz0n-JlU","jetpack_likes_enabled":true,"_links":{"self":[{"href":"https:\/\/agrund.com\/index.php\/wp-json\/wp\/v2\/posts\/174338"}],"collection":[{"href":"https:\/\/agrund.com\/index.php\/wp-json\/wp\/v2\/posts"}],"about":[{"href":"https:\/\/agrund.com\/index.php\/wp-json\/wp\/v2\/types\/post"}],"author":[{"embeddable":true,"href":"https:\/\/agrund.com\/index.php\/wp-json\/wp\/v2\/users\/8"}],"replies":[{"embeddable":true,"href":"https:\/\/agrund.com\/index.php\/wp-json\/wp\/v2\/comments?post=174338"}],"version-history":[{"count":0,"href":"https:\/\/agrund.com\/index.php\/wp-json\/wp\/v2\/posts\/174338\/revisions"}],"wp:featuredmedia":[{"embeddable":true,"href":"https:\/\/agrund.com\/index.php\/wp-json\/wp\/v2\/media\/174348"}],"wp:attachment":[{"href":"https:\/\/agrund.com\/index.php\/wp-json\/wp\/v2\/media?parent=174338"}],"wp:term":[{"taxonomy":"category","embeddable":true,"href":"https:\/\/agrund.com\/index.php\/wp-json\/wp\/v2\/categories?post=174338"},{"taxonomy":"post_tag","embeddable":true,"href":"https:\/\/agrund.com\/index.php\/wp-json\/wp\/v2\/tags?post=174338"}],"curies":[{"name":"wp","href":"https:\/\/api.w.org\/{rel}","templated":true}]}}