{"id":174278,"date":"2017-10-04T20:00:11","date_gmt":"2017-10-04T23:00:11","guid":{"rendered":"http:\/\/www.agrund.com\/?p=174278"},"modified":"2017-10-04T20:00:11","modified_gmt":"2017-10-04T23:00:11","slug":"minas-trend-inverno-2018-a-poesia-de-ronaldo-silvestre","status":"publish","type":"post","link":"https:\/\/agrund.com\/index.php\/minas-trend-inverno-2018-a-poesia-de-ronaldo-silvestre\/","title":{"rendered":"Minas Trend Inverno 2018 :: A poesia de Ronaldo Silvestre"},"content":{"rendered":"<p>Texto por Thay Sanqueta<br \/>\nEdi\u00e7\u00e3o por Rafaela Piovezani<\/p>\n<p>Ronaldo Silvestre trouxe poesia para a passarela do Minas Trend, a come\u00e7ar pela trilha de T\u00falio Rocha e do pr\u00f3prio Ronaldo. A cole\u00e7\u00e3o atemporal, denominada ORGANIC: YARA, teve inusitadas refer\u00eancias inspiradas no conto &#8220;Maio &#8211; A Perigosa Yara&#8221;, nas poesias de Clarice Lispector, nas linhas org\u00e2nicas da Vit\u00f3ria R\u00e9gia e em pinturas ind\u00edgenas.<\/p>\n<p>O estilista, que tem em seu DNA a sustentabilidade e o artesanato mineiro, incorporou jeans a sedas artesanais em suas cria\u00e7\u00f5es. Texturas em recortes, contornos e aplica\u00e7\u00f5es em vi\u00e9s criaram uma identidade \u00fanica para cada look desfilado.<\/p>\n<p>Um ponto alto das produ\u00e7\u00f5es s\u00e3o as biojoias que falamos <a href=\"http:\/\/www.agrund.com\/minas-trend-inverno-2018-as-biojoias-co-le-ti-vo-31\/\">AQUI<\/a> para voc\u00eas!<\/p>\n<div id=\"attachment_174279\" style=\"width: 610px\" class=\"wp-caption aligncenter\"><img aria-describedby=\"caption-attachment-174279\" data-attachment-id=\"174279\" data-permalink=\"https:\/\/agrund.com\/index.php\/minas-trend-inverno-2018-a-poesia-de-ronaldo-silvestre\/ronaldo-silvestre\/\" data-orig-file=\"https:\/\/i0.wp.com\/agrund.com\/wp-content\/uploads\/sites\/6\/2017\/10\/rsil_i18_0001-e1507157608530.jpg?fit=600%2C900&amp;ssl=1\" data-orig-size=\"600,900\" data-comments-opened=\"1\" data-image-meta=\"{&quot;aperture&quot;:&quot;5.6&quot;,&quot;credit&quot;:&quot;Ze Takahashi \\\/ FOTOSITE&quot;,&quot;camera&quot;:&quot;NIKON D500&quot;,&quot;caption&quot;:&quot;Ronaldo Silvestre\\n\\nMinas Trend - Inverno 2018\\n\\nFoto : Ze Takahashi \\\/  FOTOSITE&quot;,&quot;created_timestamp&quot;:&quot;1507141085&quot;,&quot;copyright&quot;:&quot;\\u00a9 FOTOSITE&quot;,&quot;focal_length&quot;:&quot;200&quot;,&quot;iso&quot;:&quot;800&quot;,&quot;shutter_speed&quot;:&quot;0.0015625&quot;,&quot;title&quot;:&quot;Ronaldo Silvestre&quot;,&quot;orientation&quot;:&quot;0&quot;}\" data-image-title=\"Minas Trend Inverno 2018 :: A poesia de Ronaldo Silvestre\" data-image-description=\"\" data-image-caption=\"&lt;p&gt;Minas Trend Inverno 2018 :: A poesia de Ronaldo Silvestre &lt;\/p&gt;\n\" data-medium-file=\"https:\/\/i0.wp.com\/agrund.com\/wp-content\/uploads\/sites\/6\/2017\/10\/rsil_i18_0001-e1507157608530.jpg?fit=200%2C300&amp;ssl=1\" data-large-file=\"https:\/\/i0.wp.com\/agrund.com\/wp-content\/uploads\/sites\/6\/2017\/10\/rsil_i18_0001-e1507157608530.jpg?fit=683%2C1024&amp;ssl=1\" decoding=\"async\" loading=\"lazy\" class=\"size-full wp-image-174279\" src=\"https:\/\/i0.wp.com\/www.agrund.com\/wp-content\/uploads\/sites\/6\/2017\/10\/rsil_i18_0001-e1507157608530.jpg?resize=600%2C900\" alt=\"\" width=\"600\" height=\"900\" data-recalc-dims=\"1\" \/><p id=\"caption-attachment-174279\" class=\"wp-caption-text\">Minas Trend Inverno 2018 :: A poesia de Ronaldo Silvestre<\/p><\/div>\n<div id=\"attachment_174280\" style=\"width: 610px\" class=\"wp-caption aligncenter\"><img aria-describedby=\"caption-attachment-174280\" data-attachment-id=\"174280\" data-permalink=\"https:\/\/agrund.com\/index.php\/minas-trend-inverno-2018-a-poesia-de-ronaldo-silvestre\/rsil_i18_0003\/\" data-orig-file=\"https:\/\/i0.wp.com\/agrund.com\/wp-content\/uploads\/sites\/6\/2017\/10\/rsil_i18_0003-e1507157620847.jpg?fit=600%2C900&amp;ssl=1\" data-orig-size=\"600,900\" data-comments-opened=\"1\" data-image-meta=\"{&quot;aperture&quot;:&quot;5.6&quot;,&quot;credit&quot;:&quot;&quot;,&quot;camera&quot;:&quot;NIKON D500&quot;,&quot;caption&quot;:&quot;&quot;,&quot;created_timestamp&quot;:&quot;1507141102&quot;,&quot;copyright&quot;:&quot;&quot;,&quot;focal_length&quot;:&quot;170&quot;,&quot;iso&quot;:&quot;800&quot;,&quot;shutter_speed&quot;:&quot;0.0015625&quot;,&quot;title&quot;:&quot;&quot;,&quot;orientation&quot;:&quot;0&quot;}\" data-image-title=\"Minas Trend Inverno 2018 :: A poesia de Ronaldo Silvestre\" data-image-description=\"\" data-image-caption=\"&lt;p&gt;Minas Trend Inverno 2018 :: A poesia de Ronaldo Silvestre&lt;\/p&gt;\n\" data-medium-file=\"https:\/\/i0.wp.com\/agrund.com\/wp-content\/uploads\/sites\/6\/2017\/10\/rsil_i18_0003-e1507157620847.jpg?fit=200%2C300&amp;ssl=1\" data-large-file=\"https:\/\/i0.wp.com\/agrund.com\/wp-content\/uploads\/sites\/6\/2017\/10\/rsil_i18_0003-e1507157620847.jpg?fit=683%2C1024&amp;ssl=1\" decoding=\"async\" loading=\"lazy\" class=\"size-full wp-image-174280\" src=\"https:\/\/i0.wp.com\/www.agrund.com\/wp-content\/uploads\/sites\/6\/2017\/10\/rsil_i18_0003-e1507157620847.jpg?resize=600%2C900\" alt=\"\" width=\"600\" height=\"900\" data-recalc-dims=\"1\" \/><p id=\"caption-attachment-174280\" class=\"wp-caption-text\">Minas Trend Inverno 2018 :: A poesia de Ronaldo Silvestre<\/p><\/div>\n<div id=\"attachment_174281\" style=\"width: 610px\" class=\"wp-caption aligncenter\"><img aria-describedby=\"caption-attachment-174281\" data-attachment-id=\"174281\" data-permalink=\"https:\/\/agrund.com\/index.php\/minas-trend-inverno-2018-a-poesia-de-ronaldo-silvestre\/ronaldo-silvestre-2\/\" data-orig-file=\"https:\/\/i0.wp.com\/agrund.com\/wp-content\/uploads\/sites\/6\/2017\/10\/rsil_i18_0015-e1507157640472.jpg?fit=600%2C900&amp;ssl=1\" data-orig-size=\"600,900\" data-comments-opened=\"1\" data-image-meta=\"{&quot;aperture&quot;:&quot;5.6&quot;,&quot;credit&quot;:&quot;Ze Takahashi \\\/ FOTOSITE&quot;,&quot;camera&quot;:&quot;NIKON D500&quot;,&quot;caption&quot;:&quot;Ronaldo Silvestre\\n\\nMinas Trend - Inverno 2018\\n\\nFoto : Ze Takahashi \\\/  FOTOSITE&quot;,&quot;created_timestamp&quot;:&quot;1507141193&quot;,&quot;copyright&quot;:&quot;\\u00a9 FOTOSITE&quot;,&quot;focal_length&quot;:&quot;160&quot;,&quot;iso&quot;:&quot;800&quot;,&quot;shutter_speed&quot;:&quot;0.002&quot;,&quot;title&quot;:&quot;Ronaldo Silvestre&quot;,&quot;orientation&quot;:&quot;0&quot;}\" data-image-title=\"Minas Trend Inverno 2018 :: A poesia de Ronaldo Silvestre\" data-image-description=\"\" data-image-caption=\"&lt;p&gt;Minas Trend Inverno 2018 :: A poesia de Ronaldo Silvestre&lt;\/p&gt;\n\" data-medium-file=\"https:\/\/i0.wp.com\/agrund.com\/wp-content\/uploads\/sites\/6\/2017\/10\/rsil_i18_0015-e1507157640472.jpg?fit=200%2C300&amp;ssl=1\" data-large-file=\"https:\/\/i0.wp.com\/agrund.com\/wp-content\/uploads\/sites\/6\/2017\/10\/rsil_i18_0015-e1507157640472.jpg?fit=683%2C1024&amp;ssl=1\" decoding=\"async\" loading=\"lazy\" class=\"size-full wp-image-174281\" src=\"https:\/\/i0.wp.com\/www.agrund.com\/wp-content\/uploads\/sites\/6\/2017\/10\/rsil_i18_0015-e1507157640472.jpg?resize=600%2C900\" alt=\"\" width=\"600\" height=\"900\" data-recalc-dims=\"1\" \/><p id=\"caption-attachment-174281\" class=\"wp-caption-text\">Minas Trend Inverno 2018 :: A poesia de Ronaldo Silvestre<\/p><\/div>\n<div id=\"attachment_174282\" style=\"width: 610px\" class=\"wp-caption aligncenter\"><img aria-describedby=\"caption-attachment-174282\" data-attachment-id=\"174282\" data-permalink=\"https:\/\/agrund.com\/index.php\/minas-trend-inverno-2018-a-poesia-de-ronaldo-silvestre\/ronaldo-silvestre-3\/\" data-orig-file=\"https:\/\/i0.wp.com\/agrund.com\/wp-content\/uploads\/sites\/6\/2017\/10\/rsil_i18_0037-e1507157658916.jpg?fit=600%2C900&amp;ssl=1\" data-orig-size=\"600,900\" data-comments-opened=\"1\" data-image-meta=\"{&quot;aperture&quot;:&quot;5.6&quot;,&quot;credit&quot;:&quot;Ze Takahashi \\\/ FOTOSITE&quot;,&quot;camera&quot;:&quot;NIKON D500&quot;,&quot;caption&quot;:&quot;Ronaldo Silvestre\\n\\nMinas Trend - Inverno 2018\\n\\nFoto : Ze Takahashi \\\/  FOTOSITE&quot;,&quot;created_timestamp&quot;:&quot;1507141356&quot;,&quot;copyright&quot;:&quot;\\u00a9 FOTOSITE&quot;,&quot;focal_length&quot;:&quot;185&quot;,&quot;iso&quot;:&quot;800&quot;,&quot;shutter_speed&quot;:&quot;0.0015625&quot;,&quot;title&quot;:&quot;Ronaldo Silvestre&quot;,&quot;orientation&quot;:&quot;0&quot;}\" data-image-title=\"Minas Trend Inverno 2018 :: A poesia de Ronaldo Silvestre\" data-image-description=\"\" data-image-caption=\"&lt;p&gt;Minas Trend Inverno 2018 :: A poesia de Ronaldo Silvestre &lt;\/p&gt;\n\" data-medium-file=\"https:\/\/i0.wp.com\/agrund.com\/wp-content\/uploads\/sites\/6\/2017\/10\/rsil_i18_0037-e1507157658916.jpg?fit=200%2C300&amp;ssl=1\" data-large-file=\"https:\/\/i0.wp.com\/agrund.com\/wp-content\/uploads\/sites\/6\/2017\/10\/rsil_i18_0037-e1507157658916.jpg?fit=683%2C1024&amp;ssl=1\" decoding=\"async\" loading=\"lazy\" class=\"size-full wp-image-174282\" src=\"https:\/\/i0.wp.com\/www.agrund.com\/wp-content\/uploads\/sites\/6\/2017\/10\/rsil_i18_0037-e1507157658916.jpg?resize=600%2C900\" alt=\"\" width=\"600\" height=\"900\" data-recalc-dims=\"1\" \/><p id=\"caption-attachment-174282\" class=\"wp-caption-text\">Minas Trend Inverno 2018 :: A poesia de Ronaldo Silvestre<\/p><\/div>\n<div id=\"attachment_174283\" style=\"width: 610px\" class=\"wp-caption aligncenter\"><img aria-describedby=\"caption-attachment-174283\" data-attachment-id=\"174283\" data-permalink=\"https:\/\/agrund.com\/index.php\/minas-trend-inverno-2018-a-poesia-de-ronaldo-silvestre\/ronaldo-silvestre-4\/\" data-orig-file=\"https:\/\/i0.wp.com\/agrund.com\/wp-content\/uploads\/sites\/6\/2017\/10\/rsil_i18_0043-e1507157674574.jpg?fit=600%2C900&amp;ssl=1\" data-orig-size=\"600,900\" data-comments-opened=\"1\" data-image-meta=\"{&quot;aperture&quot;:&quot;5.6&quot;,&quot;credit&quot;:&quot;Ze Takahashi \\\/ FOTOSITE&quot;,&quot;camera&quot;:&quot;NIKON D500&quot;,&quot;caption&quot;:&quot;Ronaldo Silvestre\\n\\nMinas Trend - Inverno 2018\\n\\nFoto : Ze Takahashi \\\/  FOTOSITE&quot;,&quot;created_timestamp&quot;:&quot;1507141398&quot;,&quot;copyright&quot;:&quot;\\u00a9 FOTOSITE&quot;,&quot;focal_length&quot;:&quot;185&quot;,&quot;iso&quot;:&quot;800&quot;,&quot;shutter_speed&quot;:&quot;0.0015625&quot;,&quot;title&quot;:&quot;Ronaldo Silvestre&quot;,&quot;orientation&quot;:&quot;0&quot;}\" data-image-title=\"Minas Trend Inverno 2018 :: A poesia de Ronaldo Silvestre\" data-image-description=\"\" data-image-caption=\"&lt;p&gt;Minas Trend Inverno 2018 :: A poesia de Ronaldo Silvestre&lt;\/p&gt;\n\" data-medium-file=\"https:\/\/i0.wp.com\/agrund.com\/wp-content\/uploads\/sites\/6\/2017\/10\/rsil_i18_0043-e1507157674574.jpg?fit=200%2C300&amp;ssl=1\" data-large-file=\"https:\/\/i0.wp.com\/agrund.com\/wp-content\/uploads\/sites\/6\/2017\/10\/rsil_i18_0043-e1507157674574.jpg?fit=683%2C1024&amp;ssl=1\" decoding=\"async\" loading=\"lazy\" class=\"size-full wp-image-174283\" src=\"https:\/\/i0.wp.com\/www.agrund.com\/wp-content\/uploads\/sites\/6\/2017\/10\/rsil_i18_0043-e1507157674574.jpg?resize=600%2C900\" alt=\"\" width=\"600\" height=\"900\" data-recalc-dims=\"1\" \/><p id=\"caption-attachment-174283\" class=\"wp-caption-text\">Minas Trend Inverno 2018 :: A poesia de Ronaldo Silvestre<\/p><\/div>\n<div id=\"attachment_174284\" style=\"width: 610px\" class=\"wp-caption aligncenter\"><img aria-describedby=\"caption-attachment-174284\" data-attachment-id=\"174284\" data-permalink=\"https:\/\/agrund.com\/index.php\/minas-trend-inverno-2018-a-poesia-de-ronaldo-silvestre\/ronaldo-silvestre-5\/\" data-orig-file=\"https:\/\/i0.wp.com\/agrund.com\/wp-content\/uploads\/sites\/6\/2017\/10\/rsil_i18_0047-e1507157694205.jpg?fit=600%2C900&amp;ssl=1\" data-orig-size=\"600,900\" data-comments-opened=\"1\" data-image-meta=\"{&quot;aperture&quot;:&quot;5.6&quot;,&quot;credit&quot;:&quot;Ze Takahashi \\\/ FOTOSITE&quot;,&quot;camera&quot;:&quot;NIKON D500&quot;,&quot;caption&quot;:&quot;Ronaldo Silvestre\\n\\nMinas Trend - Inverno 2018\\n\\nFoto : Ze Takahashi \\\/  FOTOSITE&quot;,&quot;created_timestamp&quot;:&quot;1507141424&quot;,&quot;copyright&quot;:&quot;\\u00a9 FOTOSITE&quot;,&quot;focal_length&quot;:&quot;170&quot;,&quot;iso&quot;:&quot;800&quot;,&quot;shutter_speed&quot;:&quot;0.0015625&quot;,&quot;title&quot;:&quot;Ronaldo Silvestre&quot;,&quot;orientation&quot;:&quot;0&quot;}\" data-image-title=\"Minas Trend Inverno 2018 :: A poesia de Ronaldo Silvestre\" data-image-description=\"\" data-image-caption=\"&lt;p&gt;Minas Trend Inverno 2018 :: A poesia de Ronaldo Silvestre &lt;\/p&gt;\n\" data-medium-file=\"https:\/\/i0.wp.com\/agrund.com\/wp-content\/uploads\/sites\/6\/2017\/10\/rsil_i18_0047-e1507157694205.jpg?fit=200%2C300&amp;ssl=1\" data-large-file=\"https:\/\/i0.wp.com\/agrund.com\/wp-content\/uploads\/sites\/6\/2017\/10\/rsil_i18_0047-e1507157694205.jpg?fit=683%2C1024&amp;ssl=1\" decoding=\"async\" loading=\"lazy\" class=\"size-full wp-image-174284\" src=\"https:\/\/i0.wp.com\/www.agrund.com\/wp-content\/uploads\/sites\/6\/2017\/10\/rsil_i18_0047-e1507157694205.jpg?resize=600%2C900\" alt=\"\" width=\"600\" height=\"900\" data-recalc-dims=\"1\" \/><p id=\"caption-attachment-174284\" class=\"wp-caption-text\">Minas Trend Inverno 2018 :: A poesia de Ronaldo Silvestre<\/p><\/div>\n<p>Fotos: Divulga\u00e7\u00e3o\/ Ag\u00eancia Fotosite.<\/p>\n","protected":false},"excerpt":{"rendered":"<p>Texto por Thay Sanqueta Edi\u00e7\u00e3o por Rafaela Piovezani Ronaldo Silvestre trouxe poesia para a passarela do Minas Trend, a come\u00e7ar pela trilha de T\u00falio Rocha e do pr\u00f3prio Ronaldo. A cole\u00e7\u00e3o atemporal, denominada ORGANIC: YARA, teve inusitadas refer\u00eancias inspiradas no conto &#8220;Maio &#8211; A Perigosa Yara&#8221;, nas poesias de Clarice Lispector, nas linhas org\u00e2nicas da [&hellip;]<\/p>\n","protected":false},"author":8,"featured_media":174285,"comment_status":"open","ping_status":"open","sticky":false,"template":"","format":"standard","meta":{"jetpack_post_was_ever_published":false,"_jetpack_newsletter_access":"","jetpack_publicize_message":"","jetpack_is_tweetstorm":false,"jetpack_publicize_feature_enabled":true,"jetpack_social_post_already_shared":true,"jetpack_social_options":{"image_generator_settings":{"template":"highway","enabled":false}}},"categories":[9,2],"tags":[],"jetpack_publicize_connections":[],"jetpack_featured_media_url":"https:\/\/i0.wp.com\/agrund.com\/wp-content\/uploads\/sites\/6\/2017\/10\/s-31.jpg?fit=960%2C300&ssl=1","jetpack_sharing_enabled":true,"jetpack_shortlink":"https:\/\/wp.me\/p3Hz0n-JkW","jetpack_likes_enabled":true,"_links":{"self":[{"href":"https:\/\/agrund.com\/index.php\/wp-json\/wp\/v2\/posts\/174278"}],"collection":[{"href":"https:\/\/agrund.com\/index.php\/wp-json\/wp\/v2\/posts"}],"about":[{"href":"https:\/\/agrund.com\/index.php\/wp-json\/wp\/v2\/types\/post"}],"author":[{"embeddable":true,"href":"https:\/\/agrund.com\/index.php\/wp-json\/wp\/v2\/users\/8"}],"replies":[{"embeddable":true,"href":"https:\/\/agrund.com\/index.php\/wp-json\/wp\/v2\/comments?post=174278"}],"version-history":[{"count":0,"href":"https:\/\/agrund.com\/index.php\/wp-json\/wp\/v2\/posts\/174278\/revisions"}],"wp:featuredmedia":[{"embeddable":true,"href":"https:\/\/agrund.com\/index.php\/wp-json\/wp\/v2\/media\/174285"}],"wp:attachment":[{"href":"https:\/\/agrund.com\/index.php\/wp-json\/wp\/v2\/media?parent=174278"}],"wp:term":[{"taxonomy":"category","embeddable":true,"href":"https:\/\/agrund.com\/index.php\/wp-json\/wp\/v2\/categories?post=174278"},{"taxonomy":"post_tag","embeddable":true,"href":"https:\/\/agrund.com\/index.php\/wp-json\/wp\/v2\/tags?post=174278"}],"curies":[{"name":"wp","href":"https:\/\/api.w.org\/{rel}","templated":true}]}}