{"id":174233,"date":"2017-10-04T16:43:08","date_gmt":"2017-10-04T19:43:08","guid":{"rendered":"http:\/\/www.agrund.com\/?p=174233"},"modified":"2017-10-04T16:45:28","modified_gmt":"2017-10-04T19:45:28","slug":"minas-trend-inverno-2018-e-a-vez-do-vermelho","status":"publish","type":"post","link":"https:\/\/agrund.com\/index.php\/minas-trend-inverno-2018-e-a-vez-do-vermelho\/","title":{"rendered":"Minas Trend Inverno 2018 :: \u00c9 a vez do vermelho!"},"content":{"rendered":"<p>Por Thay Sanqueta<\/p>\n<p>O vermelho, que aparece pontuado neste ver\u00e3o, foi eleito pelas marcas a cor do inverno 2018. Por todos os estandes que o Agrund.com passou, s\u00f3 deu vermelho! De moda casual \u00e0 festa, de pelos a paet\u00eas, a cor promete esquentar a pr\u00f3xima temporada.<\/p>\n<p>N\u00e3o s\u00f3 nas roupas, sapatos e acess\u00f3rios, tamb\u00e9m encontramos a cor na beleza das passarelas, al\u00e9m do batom vermelho, que j\u00e1 \u00e9 um acess\u00f3rio feminino, encontramos tamb\u00e9m nos olhos. Seja combinado a outras cores como o rosa (a dupla veio para ficar) ou sobreposto em tons sobre tons, aposte nele! Pois o vermelho promete no inverno 2018!<\/p>\n<p>Vai ficar fora dessa?<\/p>\n<div id=\"attachment_174234\" style=\"width: 610px\" class=\"wp-caption aligncenter\"><img aria-describedby=\"caption-attachment-174234\" data-attachment-id=\"174234\" data-permalink=\"https:\/\/agrund.com\/index.php\/minas-trend-inverno-2018-e-a-vez-do-vermelho\/cavage\/\" data-orig-file=\"https:\/\/i0.wp.com\/agrund.com\/wp-content\/uploads\/sites\/6\/2017\/10\/Cavage.jpg?fit=600%2C400&amp;ssl=1\" data-orig-size=\"600,400\" data-comments-opened=\"1\" data-image-meta=\"{&quot;aperture&quot;:&quot;4.5&quot;,&quot;credit&quot;:&quot;&quot;,&quot;camera&quot;:&quot;Canon EOS REBEL T3i&quot;,&quot;caption&quot;:&quot;&quot;,&quot;created_timestamp&quot;:&quot;1507132066&quot;,&quot;copyright&quot;:&quot;&quot;,&quot;focal_length&quot;:&quot;30&quot;,&quot;iso&quot;:&quot;400&quot;,&quot;shutter_speed&quot;:&quot;0.0166666666667&quot;,&quot;title&quot;:&quot;&quot;,&quot;orientation&quot;:&quot;1&quot;}\" data-image-title=\"Minas Trend Inverno 2018 :: \u00c9 a vez do vermelho!\" data-image-description=\"\" data-image-caption=\"&lt;p&gt;Cavage&lt;\/p&gt;\n\" data-medium-file=\"https:\/\/i0.wp.com\/agrund.com\/wp-content\/uploads\/sites\/6\/2017\/10\/Cavage.jpg?fit=300%2C200&amp;ssl=1\" data-large-file=\"https:\/\/i0.wp.com\/agrund.com\/wp-content\/uploads\/sites\/6\/2017\/10\/Cavage.jpg?fit=600%2C400&amp;ssl=1\" decoding=\"async\" loading=\"lazy\" class=\"size-full wp-image-174234\" src=\"https:\/\/i0.wp.com\/www.agrund.com\/wp-content\/uploads\/sites\/6\/2017\/10\/Cavage.jpg?resize=600%2C400\" alt=\"\" width=\"600\" height=\"400\" srcset=\"https:\/\/i0.wp.com\/agrund.com\/wp-content\/uploads\/sites\/6\/2017\/10\/Cavage.jpg?w=600&amp;ssl=1 600w, https:\/\/i0.wp.com\/agrund.com\/wp-content\/uploads\/sites\/6\/2017\/10\/Cavage.jpg?resize=300%2C200&amp;ssl=1 300w\" sizes=\"(max-width: 600px) 100vw, 600px\" data-recalc-dims=\"1\" \/><p id=\"caption-attachment-174234\" class=\"wp-caption-text\">Cavage<\/p><\/div>\n<div id=\"attachment_174237\" style=\"width: 610px\" class=\"wp-caption aligncenter\"><img aria-describedby=\"caption-attachment-174237\" data-attachment-id=\"174237\" data-permalink=\"https:\/\/agrund.com\/index.php\/minas-trend-inverno-2018-e-a-vez-do-vermelho\/lume\/\" data-orig-file=\"https:\/\/i0.wp.com\/agrund.com\/wp-content\/uploads\/sites\/6\/2017\/10\/Lume.jpg?fit=600%2C941&amp;ssl=1\" data-orig-size=\"600,941\" data-comments-opened=\"1\" data-image-meta=\"{&quot;aperture&quot;:&quot;4&quot;,&quot;credit&quot;:&quot;&quot;,&quot;camera&quot;:&quot;Canon EOS REBEL T3i&quot;,&quot;caption&quot;:&quot;&quot;,&quot;created_timestamp&quot;:&quot;1507131508&quot;,&quot;copyright&quot;:&quot;&quot;,&quot;focal_length&quot;:&quot;27&quot;,&quot;iso&quot;:&quot;1000&quot;,&quot;shutter_speed&quot;:&quot;0.025&quot;,&quot;title&quot;:&quot;&quot;,&quot;orientation&quot;:&quot;1&quot;}\" data-image-title=\"Minas Trend Inverno 2018 :: \u00c9 a vez do vermelho!\" data-image-description=\"\" data-image-caption=\"&lt;p&gt;Lume&lt;\/p&gt;\n\" data-medium-file=\"https:\/\/i0.wp.com\/agrund.com\/wp-content\/uploads\/sites\/6\/2017\/10\/Lume.jpg?fit=191%2C300&amp;ssl=1\" data-large-file=\"https:\/\/i0.wp.com\/agrund.com\/wp-content\/uploads\/sites\/6\/2017\/10\/Lume.jpg?fit=600%2C941&amp;ssl=1\" decoding=\"async\" loading=\"lazy\" class=\"size-full wp-image-174237\" src=\"https:\/\/i0.wp.com\/www.agrund.com\/wp-content\/uploads\/sites\/6\/2017\/10\/Lume.jpg?resize=600%2C941\" alt=\"\" width=\"600\" height=\"941\" srcset=\"https:\/\/i0.wp.com\/agrund.com\/wp-content\/uploads\/sites\/6\/2017\/10\/Lume.jpg?w=600&amp;ssl=1 600w, https:\/\/i0.wp.com\/agrund.com\/wp-content\/uploads\/sites\/6\/2017\/10\/Lume.jpg?resize=191%2C300&amp;ssl=1 191w\" sizes=\"(max-width: 600px) 100vw, 600px\" data-recalc-dims=\"1\" \/><p id=\"caption-attachment-174237\" class=\"wp-caption-text\">Lume<\/p><\/div>\n<div id=\"attachment_174236\" style=\"width: 610px\" class=\"wp-caption aligncenter\"><img aria-describedby=\"caption-attachment-174236\" data-attachment-id=\"174236\" data-permalink=\"https:\/\/agrund.com\/index.php\/minas-trend-inverno-2018-e-a-vez-do-vermelho\/la-spezia\/\" data-orig-file=\"https:\/\/i0.wp.com\/agrund.com\/wp-content\/uploads\/sites\/6\/2017\/10\/La-Spezia.jpg?fit=600%2C937&amp;ssl=1\" data-orig-size=\"600,937\" data-comments-opened=\"1\" data-image-meta=\"{&quot;aperture&quot;:&quot;4.5&quot;,&quot;credit&quot;:&quot;&quot;,&quot;camera&quot;:&quot;Canon EOS REBEL T3i&quot;,&quot;caption&quot;:&quot;&quot;,&quot;created_timestamp&quot;:&quot;1507132884&quot;,&quot;copyright&quot;:&quot;&quot;,&quot;focal_length&quot;:&quot;32&quot;,&quot;iso&quot;:&quot;400&quot;,&quot;shutter_speed&quot;:&quot;0.0166666666667&quot;,&quot;title&quot;:&quot;&quot;,&quot;orientation&quot;:&quot;1&quot;}\" data-image-title=\"Minas Trend Inverno 2018 :: \u00c9 a vez do vermelho!\" data-image-description=\"\" data-image-caption=\"&lt;p&gt;La Spezia&lt;\/p&gt;\n\" data-medium-file=\"https:\/\/i0.wp.com\/agrund.com\/wp-content\/uploads\/sites\/6\/2017\/10\/La-Spezia.jpg?fit=192%2C300&amp;ssl=1\" data-large-file=\"https:\/\/i0.wp.com\/agrund.com\/wp-content\/uploads\/sites\/6\/2017\/10\/La-Spezia.jpg?fit=600%2C937&amp;ssl=1\" decoding=\"async\" loading=\"lazy\" class=\"size-full wp-image-174236\" src=\"https:\/\/i0.wp.com\/www.agrund.com\/wp-content\/uploads\/sites\/6\/2017\/10\/La-Spezia.jpg?resize=600%2C937\" alt=\"\" width=\"600\" height=\"937\" srcset=\"https:\/\/i0.wp.com\/agrund.com\/wp-content\/uploads\/sites\/6\/2017\/10\/La-Spezia.jpg?w=600&amp;ssl=1 600w, https:\/\/i0.wp.com\/agrund.com\/wp-content\/uploads\/sites\/6\/2017\/10\/La-Spezia.jpg?resize=192%2C300&amp;ssl=1 192w\" sizes=\"(max-width: 600px) 100vw, 600px\" data-recalc-dims=\"1\" \/><p id=\"caption-attachment-174236\" class=\"wp-caption-text\">La Spezia<\/p><\/div>\n<div id=\"attachment_174238\" style=\"width: 610px\" class=\"wp-caption aligncenter\"><img aria-describedby=\"caption-attachment-174238\" data-attachment-id=\"174238\" data-permalink=\"https:\/\/agrund.com\/index.php\/minas-trend-inverno-2018-e-a-vez-do-vermelho\/nuu-shoes\/\" data-orig-file=\"https:\/\/i0.wp.com\/agrund.com\/wp-content\/uploads\/sites\/6\/2017\/10\/Nuu-Shoes.jpg?fit=600%2C400&amp;ssl=1\" data-orig-size=\"600,400\" data-comments-opened=\"1\" data-image-meta=\"{&quot;aperture&quot;:&quot;4.5&quot;,&quot;credit&quot;:&quot;&quot;,&quot;camera&quot;:&quot;Canon EOS REBEL T3i&quot;,&quot;caption&quot;:&quot;&quot;,&quot;created_timestamp&quot;:&quot;1507132301&quot;,&quot;copyright&quot;:&quot;&quot;,&quot;focal_length&quot;:&quot;37&quot;,&quot;iso&quot;:&quot;400&quot;,&quot;shutter_speed&quot;:&quot;0.0166666666667&quot;,&quot;title&quot;:&quot;&quot;,&quot;orientation&quot;:&quot;1&quot;}\" data-image-title=\"Minas Trend Inverno 2018 :: \u00c9 a vez do vermelho!\" data-image-description=\"\" data-image-caption=\"&lt;p&gt;Nuu Shoes&lt;\/p&gt;\n\" data-medium-file=\"https:\/\/i0.wp.com\/agrund.com\/wp-content\/uploads\/sites\/6\/2017\/10\/Nuu-Shoes.jpg?fit=300%2C200&amp;ssl=1\" data-large-file=\"https:\/\/i0.wp.com\/agrund.com\/wp-content\/uploads\/sites\/6\/2017\/10\/Nuu-Shoes.jpg?fit=600%2C400&amp;ssl=1\" decoding=\"async\" loading=\"lazy\" class=\"size-full wp-image-174238\" src=\"https:\/\/i0.wp.com\/www.agrund.com\/wp-content\/uploads\/sites\/6\/2017\/10\/Nuu-Shoes.jpg?resize=600%2C400\" alt=\"\" width=\"600\" height=\"400\" srcset=\"https:\/\/i0.wp.com\/agrund.com\/wp-content\/uploads\/sites\/6\/2017\/10\/Nuu-Shoes.jpg?w=600&amp;ssl=1 600w, https:\/\/i0.wp.com\/agrund.com\/wp-content\/uploads\/sites\/6\/2017\/10\/Nuu-Shoes.jpg?resize=300%2C200&amp;ssl=1 300w\" sizes=\"(max-width: 600px) 100vw, 600px\" data-recalc-dims=\"1\" \/><p id=\"caption-attachment-174238\" class=\"wp-caption-text\">Nuu Shoes<\/p><\/div>\n<div id=\"attachment_174239\" style=\"width: 610px\" class=\"wp-caption aligncenter\"><img aria-describedby=\"caption-attachment-174239\" data-attachment-id=\"174239\" data-permalink=\"https:\/\/agrund.com\/index.php\/minas-trend-inverno-2018-e-a-vez-do-vermelho\/paola-de-luca\/\" data-orig-file=\"https:\/\/i0.wp.com\/agrund.com\/wp-content\/uploads\/sites\/6\/2017\/10\/Paola-de-Luca.jpg?fit=600%2C834&amp;ssl=1\" data-orig-size=\"600,834\" data-comments-opened=\"1\" data-image-meta=\"{&quot;aperture&quot;:&quot;5&quot;,&quot;credit&quot;:&quot;&quot;,&quot;camera&quot;:&quot;Canon EOS REBEL T3i&quot;,&quot;caption&quot;:&quot;&quot;,&quot;created_timestamp&quot;:&quot;1507131647&quot;,&quot;copyright&quot;:&quot;&quot;,&quot;focal_length&quot;:&quot;40&quot;,&quot;iso&quot;:&quot;400&quot;,&quot;shutter_speed&quot;:&quot;0.0166666666667&quot;,&quot;title&quot;:&quot;&quot;,&quot;orientation&quot;:&quot;1&quot;}\" data-image-title=\"Minas Trend Inverno 2018 :: \u00c9 a vez do vermelho!\" data-image-description=\"\" data-image-caption=\"&lt;p&gt;Paola de Luca&lt;\/p&gt;\n\" data-medium-file=\"https:\/\/i0.wp.com\/agrund.com\/wp-content\/uploads\/sites\/6\/2017\/10\/Paola-de-Luca.jpg?fit=216%2C300&amp;ssl=1\" data-large-file=\"https:\/\/i0.wp.com\/agrund.com\/wp-content\/uploads\/sites\/6\/2017\/10\/Paola-de-Luca.jpg?fit=600%2C834&amp;ssl=1\" decoding=\"async\" loading=\"lazy\" class=\"size-full wp-image-174239\" src=\"https:\/\/i0.wp.com\/www.agrund.com\/wp-content\/uploads\/sites\/6\/2017\/10\/Paola-de-Luca.jpg?resize=600%2C834\" alt=\"\" width=\"600\" height=\"834\" srcset=\"https:\/\/i0.wp.com\/agrund.com\/wp-content\/uploads\/sites\/6\/2017\/10\/Paola-de-Luca.jpg?w=600&amp;ssl=1 600w, https:\/\/i0.wp.com\/agrund.com\/wp-content\/uploads\/sites\/6\/2017\/10\/Paola-de-Luca.jpg?resize=216%2C300&amp;ssl=1 216w\" sizes=\"(max-width: 600px) 100vw, 600px\" data-recalc-dims=\"1\" \/><p id=\"caption-attachment-174239\" class=\"wp-caption-text\">Paola de Luca<\/p><\/div>\n<div id=\"attachment_174235\" style=\"width: 610px\" class=\"wp-caption aligncenter\"><img aria-describedby=\"caption-attachment-174235\" data-attachment-id=\"174235\" data-permalink=\"https:\/\/agrund.com\/index.php\/minas-trend-inverno-2018-e-a-vez-do-vermelho\/kalandra\/\" data-orig-file=\"https:\/\/i0.wp.com\/agrund.com\/wp-content\/uploads\/sites\/6\/2017\/10\/Kalandra.jpg?fit=600%2C941&amp;ssl=1\" data-orig-size=\"600,941\" data-comments-opened=\"1\" data-image-meta=\"{&quot;aperture&quot;:&quot;4&quot;,&quot;credit&quot;:&quot;&quot;,&quot;camera&quot;:&quot;Canon EOS REBEL T3i&quot;,&quot;caption&quot;:&quot;&quot;,&quot;created_timestamp&quot;:&quot;1507131106&quot;,&quot;copyright&quot;:&quot;&quot;,&quot;focal_length&quot;:&quot;27&quot;,&quot;iso&quot;:&quot;400&quot;,&quot;shutter_speed&quot;:&quot;0.0166666666667&quot;,&quot;title&quot;:&quot;&quot;,&quot;orientation&quot;:&quot;1&quot;}\" data-image-title=\"Minas Trend Inverno 2018 :: \u00c9 a vez do vermelho!\" data-image-description=\"\" data-image-caption=\"&lt;p&gt;Kalandra&lt;\/p&gt;\n\" data-medium-file=\"https:\/\/i0.wp.com\/agrund.com\/wp-content\/uploads\/sites\/6\/2017\/10\/Kalandra.jpg?fit=191%2C300&amp;ssl=1\" data-large-file=\"https:\/\/i0.wp.com\/agrund.com\/wp-content\/uploads\/sites\/6\/2017\/10\/Kalandra.jpg?fit=600%2C941&amp;ssl=1\" decoding=\"async\" loading=\"lazy\" class=\"size-full wp-image-174235\" src=\"https:\/\/i0.wp.com\/www.agrund.com\/wp-content\/uploads\/sites\/6\/2017\/10\/Kalandra.jpg?resize=600%2C941\" alt=\"\" width=\"600\" height=\"941\" srcset=\"https:\/\/i0.wp.com\/agrund.com\/wp-content\/uploads\/sites\/6\/2017\/10\/Kalandra.jpg?w=600&amp;ssl=1 600w, https:\/\/i0.wp.com\/agrund.com\/wp-content\/uploads\/sites\/6\/2017\/10\/Kalandra.jpg?resize=191%2C300&amp;ssl=1 191w\" sizes=\"(max-width: 600px) 100vw, 600px\" data-recalc-dims=\"1\" \/><p id=\"caption-attachment-174235\" class=\"wp-caption-text\">Kalandra<\/p><\/div>\n<div dir=\"auto\">Fotos: Thay Sanqueta.<\/div>\n","protected":false},"excerpt":{"rendered":"<p>Por Thay Sanqueta O vermelho, que aparece pontuado neste ver\u00e3o, foi eleito pelas marcas a cor do inverno 2018. Por todos os estandes que o Agrund.com passou, s\u00f3 deu vermelho! De moda casual \u00e0 festa, de pelos a paet\u00eas, a cor promete esquentar a pr\u00f3xima temporada. N\u00e3o s\u00f3 nas roupas, sapatos e acess\u00f3rios, tamb\u00e9m encontramos [&hellip;]<\/p>\n","protected":false},"author":8,"featured_media":174240,"comment_status":"open","ping_status":"open","sticky":false,"template":"","format":"standard","meta":{"jetpack_post_was_ever_published":false,"_jetpack_newsletter_access":"","jetpack_publicize_message":"","jetpack_is_tweetstorm":false,"jetpack_publicize_feature_enabled":true,"jetpack_social_post_already_shared":true,"jetpack_social_options":{"image_generator_settings":{"template":"highway","enabled":false}}},"categories":[9,2],"tags":[],"jetpack_publicize_connections":[],"jetpack_featured_media_url":"https:\/\/i0.wp.com\/agrund.com\/wp-content\/uploads\/sites\/6\/2017\/10\/s-28.jpg?fit=960%2C300&ssl=1","jetpack_sharing_enabled":true,"jetpack_shortlink":"https:\/\/wp.me\/p3Hz0n-Jkd","jetpack_likes_enabled":true,"_links":{"self":[{"href":"https:\/\/agrund.com\/index.php\/wp-json\/wp\/v2\/posts\/174233"}],"collection":[{"href":"https:\/\/agrund.com\/index.php\/wp-json\/wp\/v2\/posts"}],"about":[{"href":"https:\/\/agrund.com\/index.php\/wp-json\/wp\/v2\/types\/post"}],"author":[{"embeddable":true,"href":"https:\/\/agrund.com\/index.php\/wp-json\/wp\/v2\/users\/8"}],"replies":[{"embeddable":true,"href":"https:\/\/agrund.com\/index.php\/wp-json\/wp\/v2\/comments?post=174233"}],"version-history":[{"count":0,"href":"https:\/\/agrund.com\/index.php\/wp-json\/wp\/v2\/posts\/174233\/revisions"}],"wp:featuredmedia":[{"embeddable":true,"href":"https:\/\/agrund.com\/index.php\/wp-json\/wp\/v2\/media\/174240"}],"wp:attachment":[{"href":"https:\/\/agrund.com\/index.php\/wp-json\/wp\/v2\/media?parent=174233"}],"wp:term":[{"taxonomy":"category","embeddable":true,"href":"https:\/\/agrund.com\/index.php\/wp-json\/wp\/v2\/categories?post=174233"},{"taxonomy":"post_tag","embeddable":true,"href":"https:\/\/agrund.com\/index.php\/wp-json\/wp\/v2\/tags?post=174233"}],"curies":[{"name":"wp","href":"https:\/\/api.w.org\/{rel}","templated":true}]}}